{"id":152,"date":"2008-02-21T18:22:13","date_gmt":"2008-02-21T17:22:13","guid":{"rendered":"index.php\/152"},"modified":"2018-05-24T15:16:29","modified_gmt":"2018-05-24T13:16:29","slug":"heiszer-sound-im-ggg-keller","status":"publish","type":"post","link":"https:\/\/grimmels.de\/wordpress\/heiszer-sound-im-ggg-keller\/","title":{"rendered":"Hei\u00dfer Sound im GGG-Keller"},"content":{"rendered":"<p><a title=\"kuke01.jpg\" href=\"https:\/\/grimmels.de\/wordpress\/wp-content\/uploads\/2008\/02\/kuke01.jpg\"><img decoding=\"async\" class=\"alignleft\" src=\"https:\/\/grimmels.de\/wordpress\/wp-content\/uploads\/2008\/02\/kuke01.thumbnail.jpg\" alt=\"kuke01.jpg\"><\/a><\/p>\n<p align=\"left\">Dass der geplante \u201eGGG-Kulturkeller\u201c ein Keller mit Kultpotential ist, das kann man sp\u00e4testens seit der Veranstaltung \u201eOffener Keller\u201c am Freitag, dem 25.Januar jetzt schon ahnen.<\/p>\n<p align=\"left\"><!--more--><\/p>\n<p>Zahlreiche G\u00e4ste aller Altersklassen, Ex-Grimmels, Eltern, Lehrer und interessierte Gelnh\u00e4user dr\u00e4ngelten sich am Freitagabend im Keller des Grimmelshausenschule, um die Baustelle des \u201eKulturkellers\u201c zu besichtigen, um sich zu informieren, mit alten Bekannte aus fr\u00fcheren Schulzeiten ein Bierchen zu trinken, und nicht zuletzt auch um ein abwechslungsreiches Unterhaltungsprogramm zu genie\u00dfen, das die Grimmels f\u00fcr die Besucher auf die Beine gestellt hatten.<\/p>\n<p>Nach der Begr\u00fc\u00dfung der G\u00e4ste durch den Schulleiter Friedrich Bell und nach einem R\u00fcckblick auf die wechselhafte Geschichte des GGG- \u201eJazzkellers\u201c , vorgestellt von Christoph Pullmann, folgten artistische Vorf\u00fchrungen der GGG-Jonglier-AG von Volker Horn , Tanzeinlagen und eine Szene aus dem Theaterst\u00fcck \u201eDatterich\u201c, das der Leiter der Theater-AG Paul Ciupka zur Zeit mit Sch\u00fclern einstudiert.<\/p>\n<p>Beifallsst\u00fcrme l\u00f6sten die Bands mit Oberstufensch\u00fclern des GGG aus, die die Veranstaltung mit hei\u00dfem Bl\u00e4sersound und coolem Jazz musikalisch umrahmten.<\/p>\n<p>Die Grimmels hoffen nun, insbesondere auch durch Spenden und Sponsoren m\u00f6glichst bald m\u00f6glichst viel Geld locker zu machen , um das ehrgeizige Projekt \u201eKulturkeller\u201c rasch vorantreiben zu k\u00f6nnen.<\/p>\n<p><img decoding=\"async\" src=\"https:\/\/grimmels.de\/wordpress\/wp-content\/uploads\/2008\/02\/kuke05.jpg\" alt=\"kuke05.jpg\"><\/p>\n<p><img decoding=\"async\" src=\"https:\/\/grimmels.de\/wordpress\/wp-content\/uploads\/2008\/02\/kuke03.jpg\" alt=\"kuke03.jpg\"><\/p>\n<p><img decoding=\"async\" src=\"https:\/\/grimmels.de\/wordpress\/wp-content\/uploads\/2008\/02\/kuke02.jpg\" alt=\"kuke02.jpg\"><\/p>\n<p><img decoding=\"async\" src=\"https:\/\/grimmels.de\/wordpress\/wp-content\/uploads\/2008\/02\/kuke08.jpg\" alt=\"kuke08.jpg\"><\/p>\n<p><a title=\"kuke07.jpg\" href=\"index.php\/152\/158\/\" rel=\"attachment wp-att-158\"><img decoding=\"async\" src=\"https:\/\/grimmels.de\/wordpress\/wp-content\/uploads\/2008\/02\/kuke07.jpg\" alt=\"kuke07.jpg\"><\/a><\/p>\n<p><img decoding=\"async\" src=\"https:\/\/grimmels.de\/wordpress\/wp-content\/uploads\/2008\/02\/kuke06.jpg\" alt=\"kuke06.jpg\"><\/p>\n<p><img decoding=\"async\" src=\"https:\/\/grimmels.de\/wordpress\/wp-content\/uploads\/2008\/02\/kuke04.jpg\" alt=\"kuke04.jpg\"><\/p>\n","protected":false},"excerpt":{"rendered":"<p>Dass der geplante \u201eGGG-Kulturkeller\u201c ein Keller mit Kultpotential ist, das kann man sp\u00e4testens seit der Veranstaltung \u201eOffener Keller\u201c am Freitag, dem 25.Januar jetzt schon ahnen.<\/p>\n","protected":false},"author":1,"featured_media":0,"comment_status":"closed","ping_status":"closed","sticky":false,"template":"","format":"standard","meta":{"advgb_blocks_editor_width":"","advgb_blocks_columns_visual_guide":"","ngg_post_thumbnail":0,"footnotes":""},"categories":[58],"tags":[],"class_list":["post-152","post","type-post","status-publish","format-standard","hentry","category-veranstaltungen"],"author_meta":{"display_name":"webmaster","author_link":"https:\/\/grimmels.de\/wordpress\/author\/webmaster\/"},"featured_img":null,"coauthors":[],"tax_additional":{"categories":{"linked":["<a href=\"https:\/\/grimmels.de\/wordpress\/category\/veranstaltungen\/\" class=\"advgb-post-tax-term\">Veranstaltungen<\/a>"],"unlinked":["<span class=\"advgb-post-tax-term\">Veranstaltungen<\/span>"]}},"comment_count":"0","relative_dates":{"created":"Posted 18\u00a0Jahren ago","modified":"Updated 8\u00a0Jahren ago"},"absolute_dates":{"created":"Posted on 21. Februar 2008","modified":"Updated on 24. Mai 2018"},"absolute_dates_time":{"created":"Posted on 21. Februar 2008 18:22","modified":"Updated on 24. Mai 2018 15:16"},"featured_img_caption":"","series_order":"","_links":{"self":[{"href":"https:\/\/grimmels.de\/wordpress\/wp-json\/wp\/v2\/posts\/152","targetHints":{"allow":["GET"]}}],"collection":[{"href":"https:\/\/grimmels.de\/wordpress\/wp-json\/wp\/v2\/posts"}],"about":[{"href":"https:\/\/grimmels.de\/wordpress\/wp-json\/wp\/v2\/types\/post"}],"author":[{"embeddable":true,"href":"https:\/\/grimmels.de\/wordpress\/wp-json\/wp\/v2\/users\/1"}],"replies":[{"embeddable":true,"href":"https:\/\/grimmels.de\/wordpress\/wp-json\/wp\/v2\/comments?post=152"}],"version-history":[{"count":2,"href":"https:\/\/grimmels.de\/wordpress\/wp-json\/wp\/v2\/posts\/152\/revisions"}],"predecessor-version":[{"id":37790,"href":"https:\/\/grimmels.de\/wordpress\/wp-json\/wp\/v2\/posts\/152\/revisions\/37790"}],"wp:attachment":[{"href":"https:\/\/grimmels.de\/wordpress\/wp-json\/wp\/v2\/media?parent=152"}],"wp:term":[{"taxonomy":"category","embeddable":true,"href":"https:\/\/grimmels.de\/wordpress\/wp-json\/wp\/v2\/categories?post=152"},{"taxonomy":"post_tag","embeddable":true,"href":"https:\/\/grimmels.de\/wordpress\/wp-json\/wp\/v2\/tags?post=152"}],"curies":[{"name":"wp","href":"https:\/\/api.w.org\/{rel}","templated":true}]}}