{"id":189,"date":"2008-03-03T10:19:05","date_gmt":"2008-03-03T09:19:05","guid":{"rendered":"index.php\/189"},"modified":"2008-03-03T10:19:05","modified_gmt":"2008-03-03T09:19:05","slug":"jugend-debattiert-schulverbundsfinale-am-ggg","status":"publish","type":"post","link":"https:\/\/grimmels.de\/wordpress\/jugend-debattiert-schulverbundsfinale-am-ggg\/","title":{"rendered":"\u201cJugend debattiert\u201d &#8211; Schulverbundsfinale am GGG"},"content":{"rendered":"<p><font size=\"2\"><a href=\"https:\/\/grimmels.de\/wordpress\/wp-content\/uploads\/2008\/03\/jd0802.jpg\" title=\"jd0802.jpg\"><img decoding=\"async\" src=\"https:\/\/grimmels.de\/wordpress\/wp-content\/uploads\/2008\/03\/jd0802.thumbnail.jpg\" alt=\"jd0802.jpg\" \/><\/a>Am Dienstag, den 19.02.2008 fand zum f\u00fcnften Mal in Folge das Schulverbundsfinale \u201cJugend debattiert\u201d am GGG statt. <\/font><font size=\"2\">Beteiligt waren insgesamt 44 Lerngruppensieger, die sich bei internen Vorentscheiden am Ulrich-von-Hutten-Gymnasium Schl\u00fcchtern, am Kreuzburg-Gymnasium Gro\u00dfkrotzenburg, an der Henry-Harnischfeger-Schule Bad Soden-Salm\u00fcnster und am GGG durchgesetzt hatten. <\/font><\/p>\n<p><font size=\"2\"><!--more-->In der Sekundarstufe I war diesmal das Schulverbundsfinale f\u00fcr Hanau und den Main-Kinzig-Kreis zusammengelegt. Dadurch nahmen auch Vertreterinnen und Vertreter der Otto-Hahn-Schule und der Karl-Rehbein-Schule am Wettbewerb am GGG teil. <\/font><\/p>\n<p><font size=\"2\">I<\/font><font size=\"2\">n jeweils zwei Debatten wurden die 4 Finalisten f\u00fcr die Sekundarstufe I und II ermittelt. In den Finaldebatten ging es in der Sekundarstufe I um die Fragestellung \u201cSollen in Deutschland Erziehungscamps f\u00fcr straff\u00e4llige Jugendliche eingef\u00fchrt werden?\u201d, in der Sekundarstufe II setzte<a href=\"https:\/\/grimmels.de\/wordpress\/wp-content\/uploads\/2008\/03\/jd0801.jpg\" title=\"jd0801.jpg\"><img decoding=\"async\" align=\"left\" src=\"https:\/\/grimmels.de\/wordpress\/wp-content\/uploads\/2008\/03\/jd0801.thumbnail.jpg\" alt=\"jd0801.jpg\" \/><\/a> man sich mit der Frage \u201cSollen Online-Durchsuchungen von privaten Computern bundesweit erlaubt werden?\u201d <\/font><\/p>\n<p><a href=\"https:\/\/grimmels.de\/wordpress\/wp-content\/uploads\/2008\/03\/jd0804.jpg\" title=\"jd0804.jpg\"><\/a><\/p>\n<p><font size=\"2\">Je zwei Debattanden vertreten die Pro-Seite, die f\u00fcr die Einf\u00fchrung der genannten Ma\u00dfnahmen ist, die beiden anderen auf der Kontra-Seite sind dagegen. Bewertet werden sie von einer Jury, die sich aus je einem Sch\u00fcler-, Eltern- und Lehrervertreter zusammensetzt und Sachkenntnis, Ausdrucksverm\u00f6gen, Gespr\u00e4chsf\u00e4higkeit und \u00dcberzeugungskraft bewertet. <\/font><\/p>\n<p><font size=\"2\">In der Sekundarstufe I siegte Simone Rost von der Otto-Hahn-Schule, in der Sekundarstufe II Gunnar Buchhold vom GGG. Au\u00dferdem werden noch Ralf Schlosser und Marc-Andr\u00e9 Kiewitz das GGG beim Regionalentscheid in Fulda vertreten. <\/font><\/p>\n<p><font size=\"2\">Der Bundeswettbewerb \u201cJugend debattiert\u201d wird von der gemeinn\u00fctzigen Hertie-Stiftung organisiert. Frau Mareike Klaus, die bei der Hertie-Stiftung als Gesch\u00e4ftsf\u00fchrerin f\u00fcr das Projekt Jugend debattiert t\u00e4tig ist, \u00fcberreichte am Ende der Veranstaltung an alle beteiligten Schulen je ein Schild mit dem Logo von Jugend debattiert, das deren Zugeh\u00f6rigkeit zum gro\u00dfen Netzwerk von Jugend debattiert in Zukunft deutlich sichtbar kennzeichnen soll. <\/font><\/p>\n<p><font size=\"2\">Im Main-Kinzig-Kreis und Hanau werden die Schulverb\u00fcnde zus\u00e4tzlich von der Bertha-Heraeus und Kathinka-Platzhoff-Stiftung gef\u00f6rdert. Diese Unterst\u00fctzung, die sowohl die Ausbildung der Lehrer als auch die Durchf\u00fchrung der Wettbewerbe betrifft, macht unsere Schulverb\u00fcnde bundesweit einmalig. So gibt es z.B. bei uns f\u00fcr die Schulverbundssieger zus\u00e4tzliche Geldpreise. Diese \u00fcbergab Ernst H\u00f6hmann als Gesch\u00e4ftsf\u00fchrer der Stiftung am Ende der Veranstaltung den Finalisten. Die Preise von 300 \u20ac f\u00fcr den Sieger, 250 \u20ac f\u00fcr den Zweiten, 200 \u20ac f\u00fcr den Dritten und 150\u20ac f\u00fcr den Viertplazierten sind jeweils zur H\u00e4lfte zum pers\u00f6nlichen Gebrauch und zum anderen Teil f\u00fcr die jeweilige Lerngruppe bestimmt. <\/font><\/p>\n<p><a href=\"https:\/\/grimmels.de\/wordpress\/wp-content\/uploads\/2008\/03\/jd0803.jpg\" title=\"jd0803.jpg\"><img decoding=\"async\" src=\"https:\/\/grimmels.de\/wordpress\/wp-content\/uploads\/2008\/03\/jd0803.thumbnail.jpg\" alt=\"jd0803.jpg\" \/><\/a><\/p>\n<p><a href=\"https:\/\/grimmels.de\/wordpress\/wp-content\/uploads\/2008\/03\/jd0804.jpg\" title=\"jd0804.jpg\"><img decoding=\"async\" src=\"https:\/\/grimmels.de\/wordpress\/wp-content\/uploads\/2008\/03\/jd0804.thumbnail.jpg\" alt=\"jd0804.jpg\" \/><\/a><\/p>\n<p><font size=\"2\">Herr H\u00f6hmann bedankte sich abschlie\u00dfend bei Herrn Bell und Herrn Bechtold, der wie in den vergangenen Jahren f\u00fcr die Orgenisation am Grimmels zust\u00e4ndig war, f\u00fcr die Bereitstellung der R\u00e4ume und die Vorbereitung durch alle weiteren Beteiligten. <\/font><\/p>\n<p><font size=\"2\">(Norbert Bechtold)<\/font><\/p>\n","protected":false},"excerpt":{"rendered":"<p>Am Dienstag, den 19.02.2008 fand zum f\u00fcnften Mal in Folge das Schulverbundsfinale \u201cJugend debattiert\u201d am GGG statt. Beteiligt waren insgesamt 44 Lerngruppensieger, die sich bei internen Vorentscheiden am Ulrich-von-Hutten-Gymnasium Schl\u00fcchtern, am Kreuzburg-Gymnasium Gro\u00dfkrotzenburg, an der Henry-Harnischfeger-Schule Bad Soden-Salm\u00fcnster und am GGG durchgesetzt hatten.<\/p>\n","protected":false},"author":1,"featured_media":0,"comment_status":"closed","ping_status":"closed","sticky":false,"template":"","format":"standard","meta":{"advgb_blocks_editor_width":"","advgb_blocks_columns_visual_guide":"","ngg_post_thumbnail":0,"footnotes":""},"categories":[55,58],"tags":[],"class_list":["post-189","post","type-post","status-publish","format-standard","hentry","category-schule","category-veranstaltungen"],"author_meta":{"display_name":"webmaster","author_link":"https:\/\/grimmels.de\/wordpress\/author\/webmaster\/"},"featured_img":null,"coauthors":[],"tax_additional":{"categories":{"linked":["<a href=\"https:\/\/grimmels.de\/wordpress\/category\/schule\/\" class=\"advgb-post-tax-term\">Allgemein<\/a>","<a href=\"https:\/\/grimmels.de\/wordpress\/category\/veranstaltungen\/\" class=\"advgb-post-tax-term\">Veranstaltungen<\/a>"],"unlinked":["<span class=\"advgb-post-tax-term\">Allgemein<\/span>","<span class=\"advgb-post-tax-term\">Veranstaltungen<\/span>"]}},"comment_count":"0","relative_dates":{"created":"Posted 18\u00a0Jahren ago","modified":"Updated 18\u00a0Jahren ago"},"absolute_dates":{"created":"Posted on 3. M\u00e4rz 2008","modified":"Updated on 3. M\u00e4rz 2008"},"absolute_dates_time":{"created":"Posted on 3. M\u00e4rz 2008 10:19","modified":"Updated on 3. M\u00e4rz 2008 10:19"},"featured_img_caption":"","series_order":"","_links":{"self":[{"href":"https:\/\/grimmels.de\/wordpress\/wp-json\/wp\/v2\/posts\/189","targetHints":{"allow":["GET"]}}],"collection":[{"href":"https:\/\/grimmels.de\/wordpress\/wp-json\/wp\/v2\/posts"}],"about":[{"href":"https:\/\/grimmels.de\/wordpress\/wp-json\/wp\/v2\/types\/post"}],"author":[{"embeddable":true,"href":"https:\/\/grimmels.de\/wordpress\/wp-json\/wp\/v2\/users\/1"}],"replies":[{"embeddable":true,"href":"https:\/\/grimmels.de\/wordpress\/wp-json\/wp\/v2\/comments?post=189"}],"version-history":[{"count":0,"href":"https:\/\/grimmels.de\/wordpress\/wp-json\/wp\/v2\/posts\/189\/revisions"}],"wp:attachment":[{"href":"https:\/\/grimmels.de\/wordpress\/wp-json\/wp\/v2\/media?parent=189"}],"wp:term":[{"taxonomy":"category","embeddable":true,"href":"https:\/\/grimmels.de\/wordpress\/wp-json\/wp\/v2\/categories?post=189"},{"taxonomy":"post_tag","embeddable":true,"href":"https:\/\/grimmels.de\/wordpress\/wp-json\/wp\/v2\/tags?post=189"}],"curies":[{"name":"wp","href":"https:\/\/api.w.org\/{rel}","templated":true}]}}