{"id":207,"date":"2008-03-16T20:35:16","date_gmt":"2008-03-16T19:35:16","guid":{"rendered":"index.php\/207"},"modified":"2018-10-21T09:46:40","modified_gmt":"2018-10-21T07:46:40","slug":"jazzkeller-revival","status":"publish","type":"post","link":"https:\/\/grimmels.de\/wordpress\/jazzkeller-revival\/","title":{"rendered":"&#8222;Jazzkeller Revival&#8220;"},"content":{"rendered":"<p><span style=\"font-size: small;\">&#8222;Wir mussten schon dreimal Bier nachholen&#8220; erz\u00e4hlte Erhard Simdorn, der Stellvertretende Elternbeiratsvorsitzende, gegen 22.30 Uhr den immer noch nachstr\u00f6menden Besuchern an der Kasse. Die Baustelle des &#8222;GGG-Kulturkellers&#8220; in den Katakomben der Grimmelshausenschule platzte am Freitag, dem 14.M\u00e4rz anl\u00e4sslich der Veranstaltung &#8222;Jazzkeller-Revival&#8220; mit einigen hundert G\u00e4sten aus allen N\u00e4hten.<\/span><\/p>\nngg_shortcode_0_placeholder\n<p><span style=\"font-size: small;\"><!--more--><\/span><span style=\"font-size: small;\">Im schummrigen Licht von bunten Strahlern konnte man die Gesichter der anwesenden mehr erahnen als sehen, genauso wie fr\u00fcher im &#8222;alten&#8220; Keller im Arnsburger Hof in der Gelnh\u00e4user Altstadt. Walter Nix und andere DJs brachten den Saal zum Kochen, und einige der G\u00e4ste lie\u00dfen sich auf der improvisierten Tanzfl\u00e4che von den Kl\u00e4ngen aus den 70er und 80er Jahren zu einem T\u00e4nzchen animieren. Zahlreiche Ex-Grimmels waren gekommen und trafen fr\u00fchere Klassenkameraden und ehemalige Lehrer wieder. Wie fr\u00fcher gab es an der Kasse auch den nostalgischen \u201eJazzkeller\u201c-Stempel von 1976 auf den Handr\u00fccken, heuer aber nicht f\u00fcr eine Mark, sondern gegen Zahlung einer Spende von 5\u20ac zugunsten des &#8222;Kulturkellers&#8220;. <\/span><\/p>\n<p><span style=\"font-size: small;\">Mit weiteren Veranstaltungen dieser Art, mit dem Verkauf von symbolischen &#8222;Bausteinen&#8220; und mit Sponsorengeldern werden die Grimmels auch weiterhin versuchen, den Ausbau des ehrgeizigen Projektes &#8222;Kulturkeller&#8220; m\u00f6glichst rasch voranzutreiben.<\/span><\/p>\n","protected":false},"excerpt":{"rendered":"<p>&#8222;Wir mussten schon dreimal Bier nachholen&#8220; erz\u00e4hlte Erhard Simdorn, der Stellvertretende Elternbeiratsvorsitzende, gegen 22.30 Uhr den immer noch nachstr\u00f6menden Besuchern an der Kasse. Die Baustelle des &#8222;GGG-Kulturkellers&#8220; in den Katakomben der Grimmelshausenschule platzte am Freitag, dem 14.M\u00e4rz anl\u00e4sslich der Veranstaltung &#8222;Jazzkeller-Revival&#8220; mit einigen hundert G\u00e4sten aus allen N\u00e4hten. &#8220; order_by=&#8220;sortorder&#8220; order_direction=&#8220;ASC&#8220; returns=&#8220;included&#8220; maximum_entity_count=&#8220;500&#8243;]<\/p>\n","protected":false},"author":1,"featured_media":0,"comment_status":"closed","ping_status":"closed","sticky":false,"template":"","format":"standard","meta":{"advgb_blocks_editor_width":"","advgb_blocks_columns_visual_guide":"","ngg_post_thumbnail":0,"footnotes":""},"categories":[55,58],"tags":[],"class_list":["post-207","post","type-post","status-publish","format-standard","hentry","category-schule","category-veranstaltungen"],"author_meta":{"display_name":"webmaster","author_link":"https:\/\/grimmels.de\/wordpress\/author\/webmaster\/"},"featured_img":null,"coauthors":[],"tax_additional":{"categories":{"linked":["<a href=\"https:\/\/grimmels.de\/wordpress\/category\/schule\/\" class=\"advgb-post-tax-term\">Allgemein<\/a>","<a href=\"https:\/\/grimmels.de\/wordpress\/category\/veranstaltungen\/\" class=\"advgb-post-tax-term\">Veranstaltungen<\/a>"],"unlinked":["<span class=\"advgb-post-tax-term\">Allgemein<\/span>","<span class=\"advgb-post-tax-term\">Veranstaltungen<\/span>"]}},"comment_count":"0","relative_dates":{"created":"Posted 18\u00a0Jahren ago","modified":"Updated 8\u00a0Jahren ago"},"absolute_dates":{"created":"Posted on 16. M\u00e4rz 2008","modified":"Updated on 21. Oktober 2018"},"absolute_dates_time":{"created":"Posted on 16. M\u00e4rz 2008 20:35","modified":"Updated on 21. Oktober 2018 9:46"},"featured_img_caption":"","series_order":"","_links":{"self":[{"href":"https:\/\/grimmels.de\/wordpress\/wp-json\/wp\/v2\/posts\/207","targetHints":{"allow":["GET"]}}],"collection":[{"href":"https:\/\/grimmels.de\/wordpress\/wp-json\/wp\/v2\/posts"}],"about":[{"href":"https:\/\/grimmels.de\/wordpress\/wp-json\/wp\/v2\/types\/post"}],"author":[{"embeddable":true,"href":"https:\/\/grimmels.de\/wordpress\/wp-json\/wp\/v2\/users\/1"}],"replies":[{"embeddable":true,"href":"https:\/\/grimmels.de\/wordpress\/wp-json\/wp\/v2\/comments?post=207"}],"version-history":[{"count":2,"href":"https:\/\/grimmels.de\/wordpress\/wp-json\/wp\/v2\/posts\/207\/revisions"}],"predecessor-version":[{"id":39230,"href":"https:\/\/grimmels.de\/wordpress\/wp-json\/wp\/v2\/posts\/207\/revisions\/39230"}],"wp:attachment":[{"href":"https:\/\/grimmels.de\/wordpress\/wp-json\/wp\/v2\/media?parent=207"}],"wp:term":[{"taxonomy":"category","embeddable":true,"href":"https:\/\/grimmels.de\/wordpress\/wp-json\/wp\/v2\/categories?post=207"},{"taxonomy":"post_tag","embeddable":true,"href":"https:\/\/grimmels.de\/wordpress\/wp-json\/wp\/v2\/tags?post=207"}],"curies":[{"name":"wp","href":"https:\/\/api.w.org\/{rel}","templated":true}]}}