{"id":2473,"date":"2010-05-25T08:22:36","date_gmt":"2010-05-25T07:22:36","guid":{"rendered":"?p=2473"},"modified":"2015-03-14T11:59:04","modified_gmt":"2015-03-14T10:59:04","slug":"trotz-klausurphase-und-abitur-schulkonzert-auf-hohem-niveau","status":"publish","type":"post","link":"https:\/\/grimmels.de\/wordpress\/trotz-klausurphase-und-abitur-schulkonzert-auf-hohem-niveau\/","title":{"rendered":"Trotz Klausurphase und Abitur Schulkonzert auf hohem Niveau"},"content":{"rendered":"<p><em>Musik- und Gesangsgruppen des GGG pr\u00e4sentieren ihr K\u00f6nnen &#8211; Weitere Auftritte im Juni<\/em><br \/>\n<a href=\"https:\/\/grimmels.de\/wordpress\/wp-content\/uploads\/2010\/05\/IMG_2637.jpg\"><img decoding=\"async\" class=\"alignleft size-thumbnail wp-image-2474\" title=\"IMG_2637\" src=\"https:\/\/grimmels.de\/wordpress\/wp-content\/uploads\/2010\/05\/IMG_2637-150x112.jpg\" alt=\"\" width=\"150\" height=\"112\" \/><\/a>(cb). Noch bevor das Schulkonzert des Grimmelshausen-Gymnasiums (GGG) losging, konnte man bereits die Aufregung hinter dem Vorhang sp\u00fcren und auch das Publikum wartete schon gespannt auf die gro\u00dfen und kleinen Mitglieder der verschiedenen Musik- und Gesangsgruppen.<!--more--><br \/>\nSchulleiter Friedrich Bell begr\u00fc\u00dfte unter den zahlreichen G\u00e4sten den ehemaligen Schulleiter Heiner Kauck und den ehemaligen Leiter des Fachbereichs eins, Rohland Krischke. Bell hob hervor, dass es immer wieder bemerkenswert sei, dass die Veranstaltung trotz Klausurphase und Abitur zustande komme. Grund daf\u00fcr sei auch das zeitliche und fachliche Engagement der Lehrer und nat\u00fcrlich auch der Sch\u00fcler. Dass ihnen das gemeinsame Musizieren gro\u00dfen Spa\u00df bereitet, konnten die Zuh\u00f6rer w\u00e4hrend der Auff\u00fchrung sp\u00fcren.<br \/>\nDas Schulorchester konnte sich kaum gedulden, endlich aufzutreten, und machte den Vorhang zu fr\u00fch auf, was beim Publikum und beim Orchester selbst f\u00fcr Lacher sorgte. Doch der Schulleiter war mit seiner Rede noch nicht fertig, diese beendete er schnell und dann hie\u00df es endlich &#8222;Vorhang auf&#8220;.<br \/>\nDas Schulorchester legte zu Beginn einen imposanten Auftritt hin. Das Orchester trug gekonnt zwei St\u00fccke aus der Oper &#8222;Carmen&#8220; von Georges Bizet vor. Besonders das lebhafte St\u00fcck &#8222;Tor\u00e9adors&#8220; \u00fcberzeugte das Publikum, das sogleich eine Zugabe forderte. Anschlie\u00dfend pr\u00e4sentierte sich das kleine Orchester der Jahrgangsstufe f\u00fcnf. Die jungen Musiker gewannen mit dem lieblich klingenden &#8222;Pomp and Circumstance&#8220; von Edward Elgar die Herzen der Zuh\u00f6rer.<br \/>\nLena M\u00fcller, Sch\u00fclerin der Jahrgangsstufe f\u00fcnf, stellte ihr K\u00f6nnen mit einem Solo &#8222;Kehraus&#8220; noch einmal unter Beweis, wof\u00fcr sie gro\u00dfen Applaus erntete. Auch das Fl\u00f6tenensemble hatte einiges zu bieten: von Georg Muffat bis Johann Bernhard Bach. Dann trugen Lars Noeske (Posaune) und Jan Rais (Klavier) zusammen &#8222;Hot on the line&#8220; von Pamela Wedgwood vor. Die beiden entpuppten sich als kleine Entertainer und sorgten f\u00fcr eine lockere Stimmung. Die Holzbl\u00e4ser AG \u00fcberzeugte mit einem klassischen St\u00fcck aus der &#8222;Serenade Es-Dur KV 425&#8220;, Menuett Nr. 2, von Mozart. Die AG Gesang rundete den Abend mit Liedern von Mozart, Marenzio und Brubeck ab. Besonders beeindruckend war, dass die Sch\u00fcler auch a capella sangen. Mit dieser gelungenen Darbietung konnten die Leiter der Gruppen, Christine Heinrich, Barbara Rohloff und Harald Dittmeier, sehr zufrieden sein. Ihre Sch\u00fcler und auch die Schulleitung bedankten sich bei ihnen mit Blumen und kleinen Pr\u00e4senten f\u00fcr ihr Engagement.<br \/>\nInteressierten bietet sich noch einmal am 1. Juni und am 18. Juni die M\u00f6glichkeit, ein Konzert des Grimmelshausen-Gymnasiums zu besuchen. Am 1. Juni findet das Unterstufenkonzert statt und am 18. Juni treten die Musikleistungskurse der Jahrgangsstufen 12 und 13 auf. (\u201eGelnh\u00e4user Tageblatt\u201c 22.05.2010)<\/p>\n<p><strong>Bilder der Veranstaltung:<\/strong><br \/>\nngg_shortcode_0_placeholder<\/p>\n<p><span style=\"color: #ffffff;\">&#8212;-<\/span><\/p>\n<p><strong>Programm:<\/strong><\/p>\n<table border=\"1\" width=\"500\" cellspacing=\"0\" cellpadding=\"0\">\n<tbody>\n<tr>\n<td valign=\"top\" width=\"110\">G. Bizet<\/td>\n<td valign=\"top\" width=\"260\">aus der Carmensuite<br \/>\n1.) Aragonaise\u00a0 2.)Tor\u00e9adors<\/td>\n<td valign=\"top\" width=\"130\">Schulorchester<\/td>\n<\/tr>\n<tr>\n<td valign=\"top\" width=\"110\">E. Elgar<\/td>\n<td valign=\"top\" width=\"260\">aus\u00a0 &#8222;Pomp and Circumstance&#8220;<\/td>\n<td valign=\"top\" width=\"130\">Kleines Orchester Jg. 5<\/td>\n<\/tr>\n<tr>\n<td valign=\"top\" width=\"110\">Anonym<\/td>\n<td valign=\"top\" width=\"260\">&#8222;Kehraus&#8220;<\/td>\n<td valign=\"top\" width=\"130\">Lena M\u00fcller, 5.1, Fl\u00f6te<\/td>\n<\/tr>\n<tr>\n<td valign=\"top\" width=\"110\">Georg MuffatJohann Bernhard Bach<\/td>\n<td valign=\"top\" width=\"260\">RigaudonLes plaisirs \u2013 Air \u2013 Rigaudon<\/td>\n<td valign=\"top\" width=\"130\">Fl\u00f6tenensemble<\/td>\n<\/tr>\n<tr>\n<td valign=\"top\" width=\"110\">Pamela Wedgwood<\/td>\n<td valign=\"top\" width=\"260\">&#8222;Hot on the line&#8220;<\/td>\n<td valign=\"top\" width=\"130\">Lars Noeske, 9.5,Posaune<\/p>\n<p>Jan Rais, 9.3, Klavier<\/td>\n<\/tr>\n<tr>\n<td valign=\"top\" width=\"110\">W.A. Mozart<\/td>\n<td valign=\"top\" width=\"260\">aus &#8222;Serenade Es-Dur KV 425&#8220;<br \/>\nMenuett Nr. 2<\/td>\n<td valign=\"top\" width=\"130\">Holzbl\u00e4ser AG<\/td>\n<\/tr>\n<tr>\n<td valign=\"top\" width=\"110\">W.A. MozartLuca Marenzio<\/p>\n<p>Dave Brubeck<\/td>\n<td valign=\"top\" width=\"260\">Luci care, luci belleAmatemi ben mio<\/p>\n<p>Take five<\/td>\n<td valign=\"top\" width=\"128\">AG Gesang<\/td>\n<\/tr>\n<\/tbody>\n<\/table>\n<p><span style=\"color: #ffffff;\">&#8212;<\/span><\/p>\n<p><strong>Mitwirkende:<\/strong><\/p>\n<p><em>Kl. Orchester (alle 5.1):<\/em><\/p>\n<p>Lena M\u00fcller, Theresa Hecht,\u00a0 Anna Relecker, Anastasia Strobel, Susanne Ruhl<\/p>\n<p><span style=\"color: #ffffff;\">&#8212;<\/span><br \/>\n<em>Fl\u00f6tenensemble:<\/em><\/p>\n<p>Susanne Borth, Lisa H\u00f6lzinger, Anna-Lena Prinz, Alida Loth, Isabel Riehl,<\/p>\n<p>Elisabeth Wolf<\/p>\n<p><span style=\"color: #ffffff;\">&#8212;<\/span><\/p>\n<p><em>Holzbl\u00e4ser-AG:<\/em><\/p>\n<p>Alexander Jacobs, Kristina Gaul, Anna Springer, Johanna Winkler, Claudia Weisbecker, Johanna Steigerwald, Constantin Jacobs<\/p>\n<p><span style=\"color: #ffffff;\">&#8212;<\/span><\/p>\n<p><em>AG Gesang:<\/em><\/p>\n<p>Julia Ament, Anneke Appl, Rebecca G\u00fcnther, Johanna Herget, Lisa H\u00f6lzinger,<\/p>\n<p>Laura Hillenbrand, Lisa Kloberdanz, Stefanie Kotzian, Daniel Koloper,<\/p>\n<p>Hendrik Pastunink, Jan Rais, Clara Rohloff, Maren Rumpf<\/p>\n<p><span style=\"color: #ffffff;\">&#8212;-<\/span><\/p>\n<p><strong>Leitung:<\/strong><\/p>\n<p>Christine Heinrich\u00a0\u00a0\u00a0\u00a0\u00a0\u00a0\u00a0\u00a0\u00a0\u00a0 \u00a0 \u00a0 Orchester, Kl. Orchester Jg. 5, Holzbl\u00e4ser-AG<\/p>\n<p>Barbara Rohloff\u00a0\u00a0\u00a0\u00a0\u00a0\u00a0\u00a0\u00a0\u00a0\u00a0\u00a0\u00a0\u00a0\u00a0 \u00a0\u00a0 \u00a0 Fl\u00f6tenensemble<\/p>\n<p>Harald Dittmeier\u00a0\u00a0\u00a0\u00a0\u00a0\u00a0\u00a0\u00a0\u00a0\u00a0\u00a0\u00a0\u00a0\u00a0\u00a0\u00a0\u00a0 AG Gesang<\/p>\n","protected":false},"excerpt":{"rendered":"<p>Musik- und Gesangsgruppen des GGG pr\u00e4sentieren ihr K\u00f6nnen &#8211; Weitere Auftritte im Juni (cb). Noch bevor das Schulkonzert des Grimmelshausen-Gymnasiums (GGG) losging, konnte man bereits die Aufregung hinter dem Vorhang sp\u00fcren und auch das Publikum wartete schon gespannt auf die gro\u00dfen und kleinen Mitglieder der verschiedenen Musik- und Gesangsgruppen.<\/p>\n","protected":false},"author":1,"featured_media":0,"comment_status":"closed","ping_status":"closed","sticky":false,"template":"","format":"standard","meta":{"advgb_blocks_editor_width":"","advgb_blocks_columns_visual_guide":"","ngg_post_thumbnail":0,"footnotes":""},"categories":[55],"tags":[],"class_list":["post-2473","post","type-post","status-publish","format-standard","hentry","category-schule"],"author_meta":{"display_name":"webmaster","author_link":"https:\/\/grimmels.de\/wordpress\/author\/webmaster\/"},"featured_img":null,"coauthors":[],"tax_additional":{"categories":{"linked":["<a href=\"https:\/\/grimmels.de\/wordpress\/category\/schule\/\" class=\"advgb-post-tax-term\">Allgemein<\/a>"],"unlinked":["<span class=\"advgb-post-tax-term\">Allgemein<\/span>"]}},"comment_count":"0","relative_dates":{"created":"Posted 16\u00a0Jahren ago","modified":"Updated 11\u00a0Jahren ago"},"absolute_dates":{"created":"Posted on 25. Mai 2010","modified":"Updated on 14. M\u00e4rz 2015"},"absolute_dates_time":{"created":"Posted on 25. Mai 2010 8:22","modified":"Updated on 14. M\u00e4rz 2015 11:59"},"featured_img_caption":"","series_order":"","_links":{"self":[{"href":"https:\/\/grimmels.de\/wordpress\/wp-json\/wp\/v2\/posts\/2473","targetHints":{"allow":["GET"]}}],"collection":[{"href":"https:\/\/grimmels.de\/wordpress\/wp-json\/wp\/v2\/posts"}],"about":[{"href":"https:\/\/grimmels.de\/wordpress\/wp-json\/wp\/v2\/types\/post"}],"author":[{"embeddable":true,"href":"https:\/\/grimmels.de\/wordpress\/wp-json\/wp\/v2\/users\/1"}],"replies":[{"embeddable":true,"href":"https:\/\/grimmels.de\/wordpress\/wp-json\/wp\/v2\/comments?post=2473"}],"version-history":[{"count":0,"href":"https:\/\/grimmels.de\/wordpress\/wp-json\/wp\/v2\/posts\/2473\/revisions"}],"wp:attachment":[{"href":"https:\/\/grimmels.de\/wordpress\/wp-json\/wp\/v2\/media?parent=2473"}],"wp:term":[{"taxonomy":"category","embeddable":true,"href":"https:\/\/grimmels.de\/wordpress\/wp-json\/wp\/v2\/categories?post=2473"},{"taxonomy":"post_tag","embeddable":true,"href":"https:\/\/grimmels.de\/wordpress\/wp-json\/wp\/v2\/tags?post=2473"}],"curies":[{"name":"wp","href":"https:\/\/api.w.org\/{rel}","templated":true}]}}