{"id":2794,"date":"2010-09-06T07:43:41","date_gmt":"2010-09-06T06:43:41","guid":{"rendered":"?p=2794"},"modified":"2018-05-24T15:11:16","modified_gmt":"2018-05-24T13:11:16","slug":"ggg-kulturkeller-geht-ins-zweite-jahr","status":"publish","type":"post","link":"https:\/\/grimmels.de\/wordpress\/ggg-kulturkeller-geht-ins-zweite-jahr\/","title":{"rendered":"\u201eGGG-Kulturkeller\u201c geht ins zweite Jahr"},"content":{"rendered":"<p><img decoding=\"async\" class=\"size-thumbnail wp-image-2795 alignleft\" title=\"KK-Team\" src=\"https:\/\/grimmels.de\/wordpress\/wp-content\/uploads\/2010\/09\/KK-Team-150x112.jpg\" alt=\"\" width=\"150\" height=\"112\" \/>Am Dienstag, dem 24.8.2010 \u00f6ffnete der \u201eKulturkeller\u201c des Grimmelshausen Gymnasiums nach den Sommerferien wieder seine Pforten.<\/p>\n<p>In der ersten Betriebswoche gab es das gewohnte Programm: Dienstag, Mittwoch und Donnerstag von 9.30 bis 15.00 Uhr wurden an der Theke belegte Br\u00f6tchen, leckere Backwaren, M\u00fcsli angeboten und \u2013 au\u00dfer allerlei Getr\u00e4nken \u2013 nat\u00fcrlich auch den bei regelm\u00e4\u00dfigen \u201eKulturkeller\u201c-Besuchern legend\u00e4ren Kaffee. Mittags gab es warmes Essen zur Auswahl, von den liebevollen H\u00e4nden der \u201eKulturkeller\u201c- M\u00fctter frisch zubereitet.<\/p>\n<p>In der zweiten Betriebswoche wird das Angebot des \u201eKulturkellers\u201c ver\u00e4ndert.<\/p>\n<p><!--more-->Der Keller ist dann zus\u00e4tzlich auch montags und freitags ab 9.30Uhr  ge\u00f6ffnet, allerdings nur bis 13.30 Uhr und ohne Mittagessen-Angebot, also nur mit Thekenbetrieb.<\/p>\n<p>Das Sch\u00fcler-Team  in der \u201eCaf\u00e9haus-AG\u201c, das sich um den Service im \u201eKulturkeller\u201c k\u00fcmmert,  ist auf stolze 41 Mitarbeiter angewachsen. Da die Sch\u00fcler aber unterrichtsbedingt nat\u00fcrlich nicht den kompletten Betrieb abdecken k\u00f6nnen,  werden sie von zahlreichen Eltern und auch von 12 Grimmels-Lehrern unterst\u00fctzt.<\/p>\n<p><a href=\"https:\/\/grimmels.de\/wordpress\/wp-content\/uploads\/2010\/09\/KK-Team.jpg\"><img fetchpriority=\"high\" decoding=\"async\" class=\"alignnone size-medium wp-image-2795\" title=\"KK-Team\" src=\"https:\/\/grimmels.de\/wordpress\/wp-content\/uploads\/2010\/09\/KK-Team-300x225.jpg\" alt=\"\" width=\"300\" height=\"225\" \/><\/a><\/p>\n<p>Bild: Elternbeiratsvorsitzende Dr. Sabine Wigg-Wolf (2.v.r) mit einem Theken-Team im \u201eKulturkeller\u201c<\/p>\n","protected":false},"excerpt":{"rendered":"<p>Am Dienstag, dem 24.8.2010 \u00f6ffnete der \u201eKulturkeller\u201c des Grimmelshausen Gymnasiums nach den Sommerferien wieder seine Pforten. In der ersten Betriebswoche gab es das gewohnte Programm: Dienstag, Mittwoch und Donnerstag von 9.30 bis 15.00 Uhr wurden an der Theke belegte Br\u00f6tchen, leckere Backwaren, M\u00fcsli angeboten und \u2013 au\u00dfer allerlei Getr\u00e4nken \u2013 nat\u00fcrlich auch den bei regelm\u00e4\u00dfigen [&hellip;]<\/p>\n","protected":false},"author":1,"featured_media":0,"comment_status":"closed","ping_status":"closed","sticky":false,"template":"","format":"standard","meta":{"advgb_blocks_editor_width":"","advgb_blocks_columns_visual_guide":"","ngg_post_thumbnail":0,"footnotes":""},"categories":[55,30],"tags":[],"class_list":["post-2794","post","type-post","status-publish","format-standard","hentry","category-schule","category-kulturkeller"],"author_meta":{"display_name":"webmaster","author_link":"https:\/\/grimmels.de\/wordpress\/author\/webmaster\/"},"featured_img":null,"coauthors":[],"tax_additional":{"categories":{"linked":["<a href=\"https:\/\/grimmels.de\/wordpress\/category\/schule\/\" class=\"advgb-post-tax-term\">Allgemein<\/a>","<a href=\"https:\/\/grimmels.de\/wordpress\/category\/kulturkeller\/\" class=\"advgb-post-tax-term\">Kulturkeller<\/a>"],"unlinked":["<span class=\"advgb-post-tax-term\">Allgemein<\/span>","<span class=\"advgb-post-tax-term\">Kulturkeller<\/span>"]}},"comment_count":"0","relative_dates":{"created":"Posted 16\u00a0Jahren ago","modified":"Updated 8\u00a0Jahren ago"},"absolute_dates":{"created":"Posted on 6. September 2010","modified":"Updated on 24. Mai 2018"},"absolute_dates_time":{"created":"Posted on 6. September 2010 7:43","modified":"Updated on 24. Mai 2018 15:11"},"featured_img_caption":"","series_order":"","_links":{"self":[{"href":"https:\/\/grimmels.de\/wordpress\/wp-json\/wp\/v2\/posts\/2794","targetHints":{"allow":["GET"]}}],"collection":[{"href":"https:\/\/grimmels.de\/wordpress\/wp-json\/wp\/v2\/posts"}],"about":[{"href":"https:\/\/grimmels.de\/wordpress\/wp-json\/wp\/v2\/types\/post"}],"author":[{"embeddable":true,"href":"https:\/\/grimmels.de\/wordpress\/wp-json\/wp\/v2\/users\/1"}],"replies":[{"embeddable":true,"href":"https:\/\/grimmels.de\/wordpress\/wp-json\/wp\/v2\/comments?post=2794"}],"version-history":[{"count":1,"href":"https:\/\/grimmels.de\/wordpress\/wp-json\/wp\/v2\/posts\/2794\/revisions"}],"predecessor-version":[{"id":37787,"href":"https:\/\/grimmels.de\/wordpress\/wp-json\/wp\/v2\/posts\/2794\/revisions\/37787"}],"wp:attachment":[{"href":"https:\/\/grimmels.de\/wordpress\/wp-json\/wp\/v2\/media?parent=2794"}],"wp:term":[{"taxonomy":"category","embeddable":true,"href":"https:\/\/grimmels.de\/wordpress\/wp-json\/wp\/v2\/categories?post=2794"},{"taxonomy":"post_tag","embeddable":true,"href":"https:\/\/grimmels.de\/wordpress\/wp-json\/wp\/v2\/tags?post=2794"}],"curies":[{"name":"wp","href":"https:\/\/api.w.org\/{rel}","templated":true}]}}