{"id":28726,"date":"2015-11-28T14:11:45","date_gmt":"2015-11-28T13:11:45","guid":{"rendered":"?p=28726"},"modified":"2016-02-25T09:34:03","modified_gmt":"2016-02-25T08:34:03","slug":"biene-maja-meets-cafeteria","status":"publish","type":"post","link":"https:\/\/grimmels.de\/wordpress\/biene-maja-meets-cafeteria\/","title":{"rendered":"\u201eBiene Maja goes Cafeteria\u201c"},"content":{"rendered":"<p><strong><em>Gemeinschaftsprojekt Imkerei-AG und GGG-Caf\u00e9haus<\/em><\/strong><\/p>\n<p><a href=\"https:\/\/grimmels.de\/wordpress\/wp-content\/uploads\/2015\/11\/cafebienen.jpg\"><img fetchpriority=\"high\" decoding=\"async\" class=\"alignleft wp-image-28727 size-medium\" src=\"https:\/\/grimmels.de\/wordpress\/wp-content\/uploads\/2015\/11\/cafebienen-300x225.jpg\" alt=\"Benjamin Feiler, Ingrid Str\u00f6m und Klemens Gro\u00dfberger mit  Mitgliedern der Imker-AG\" width=\"300\" height=\"225\" srcset=\"https:\/\/grimmels.de\/wordpress\/wp-content\/uploads\/2015\/11\/cafebienen-300x225.jpg 300w, https:\/\/grimmels.de\/wordpress\/wp-content\/uploads\/2015\/11\/cafebienen-150x113.jpg 150w, https:\/\/grimmels.de\/wordpress\/wp-content\/uploads\/2015\/11\/cafebienen.jpg 1024w\" sizes=\"(max-width: 300px) 100vw, 300px\" \/><\/a>Die AG Schulimkerei und das Schulprojekt \u201eCaf\u00e9haus\u201c m\u00f6chten k\u00fcnftig am Grimmelshausen-Gymnasium noch enger zusammenarbeiten und sich gegenseitig unterst\u00fctzen. Ingrid Str\u00f6m und Klemens Gro\u00dfberger, die Vertreter des \u201eGGG-Caf\u00e9haus e.V.\u201c, waren begeistert, als die Mitglieder der Arbeitsgemeinschaft Schulimkerei um Benjamin Feiler diesen Vorschlag machten. Eine engere Kooperation ist insbesondere im Bereich der Honigvermarktung geplant. Der erste Schritt ist die Entwicklung gemeinsamer Geschenkideen f\u00fcr die nahende Adventszeit. In weiteren Schritten soll der GGG-Honig dann auch in die ausgewogene Nahrungsmittel-Palette des Caf\u00e9hauses integriert werden und somit die Projekte enger miteinander verbinden.<\/p>\n<p>&nbsp;<\/p>\n<p>Nach einer erfolgreichen Anlaufphase kann diese Zusammenarbeit dann in Zukunft auch auf andere Produkte aus dem Schulgarten ausgeweitet werden, leistet aber bereits jetzt schon einen weiteren Beitrag im Rahmen der Umwelterziehung, f\u00fcr die das GGG auch in diesem Jahr wieder vom Hessischen Kultus- und Umweltministerium als \u201eUmweltschule 2015\u201c ausgezeichnet wurde.<\/p>\n","protected":false},"excerpt":{"rendered":"<p>Gemeinschaftsprojekt Imkerei-AG und GGG-Caf\u00e9haus Die AG Schulimkerei und das Schulprojekt \u201eCaf\u00e9haus\u201c m\u00f6chten k\u00fcnftig am Grimmelshausen-Gymnasium noch enger zusammenarbeiten und sich gegenseitig unterst\u00fctzen. Ingrid Str\u00f6m und Klemens Gro\u00dfberger, die Vertreter des \u201eGGG-Caf\u00e9haus e.V.\u201c, waren begeistert, als die Mitglieder der Arbeitsgemeinschaft Schulimkerei um Benjamin Feiler diesen Vorschlag machten. Eine engere Kooperation ist insbesondere im Bereich der Honigvermarktung [&hellip;]<\/p>\n","protected":false},"author":1,"featured_media":0,"comment_status":"closed","ping_status":"closed","sticky":false,"template":"","format":"standard","meta":{"advgb_blocks_editor_width":"","advgb_blocks_columns_visual_guide":"","ngg_post_thumbnail":0,"footnotes":""},"categories":[1,82],"tags":[],"class_list":["post-28726","post","type-post","status-publish","format-standard","hentry","category-aktuell","category-umweltschule"],"author_meta":{"display_name":"webmaster","author_link":"https:\/\/grimmels.de\/wordpress\/author\/webmaster\/"},"featured_img":null,"coauthors":[],"tax_additional":{"categories":{"linked":["<a href=\"https:\/\/grimmels.de\/wordpress\/category\/aktuell\/\" class=\"advgb-post-tax-term\">Aktuell<\/a>","<a href=\"https:\/\/grimmels.de\/wordpress\/category\/umweltschule\/\" class=\"advgb-post-tax-term\">Umweltschule<\/a>"],"unlinked":["<span class=\"advgb-post-tax-term\">Aktuell<\/span>","<span class=\"advgb-post-tax-term\">Umweltschule<\/span>"]}},"comment_count":"0","relative_dates":{"created":"Posted 10\u00a0Jahren ago","modified":"Updated 10\u00a0Jahren ago"},"absolute_dates":{"created":"Posted on 28. November 2015","modified":"Updated on 25. Februar 2016"},"absolute_dates_time":{"created":"Posted on 28. November 2015 14:11","modified":"Updated on 25. Februar 2016 9:34"},"featured_img_caption":"","series_order":"","_links":{"self":[{"href":"https:\/\/grimmels.de\/wordpress\/wp-json\/wp\/v2\/posts\/28726","targetHints":{"allow":["GET"]}}],"collection":[{"href":"https:\/\/grimmels.de\/wordpress\/wp-json\/wp\/v2\/posts"}],"about":[{"href":"https:\/\/grimmels.de\/wordpress\/wp-json\/wp\/v2\/types\/post"}],"author":[{"embeddable":true,"href":"https:\/\/grimmels.de\/wordpress\/wp-json\/wp\/v2\/users\/1"}],"replies":[{"embeddable":true,"href":"https:\/\/grimmels.de\/wordpress\/wp-json\/wp\/v2\/comments?post=28726"}],"version-history":[{"count":0,"href":"https:\/\/grimmels.de\/wordpress\/wp-json\/wp\/v2\/posts\/28726\/revisions"}],"wp:attachment":[{"href":"https:\/\/grimmels.de\/wordpress\/wp-json\/wp\/v2\/media?parent=28726"}],"wp:term":[{"taxonomy":"category","embeddable":true,"href":"https:\/\/grimmels.de\/wordpress\/wp-json\/wp\/v2\/categories?post=28726"},{"taxonomy":"post_tag","embeddable":true,"href":"https:\/\/grimmels.de\/wordpress\/wp-json\/wp\/v2\/tags?post=28726"}],"curies":[{"name":"wp","href":"https:\/\/api.w.org\/{rel}","templated":true}]}}