{"id":30466,"date":"2016-05-31T12:16:33","date_gmt":"2016-05-31T10:16:33","guid":{"rendered":"?p=30466"},"modified":"2016-06-27T19:51:03","modified_gmt":"2016-06-27T17:51:03","slug":"jahrgangstreffen-abi-2006","status":"publish","type":"post","link":"https:\/\/grimmels.de\/wordpress\/jahrgangstreffen-abi-2006\/","title":{"rendered":"Jahrgangstreffen Abi 2006"},"content":{"rendered":"<p>Am 23.04.2016 fand das Jahrgangstreffen des Abiturjahrganges 2006 im Kulturkeller des GGGs statt. Rund 60 der ehemals 130 Grimmels fanden sich zu diesem freudigen Anlass um 18 Uhr zu einer gemeinsamen Schulf\u00fchrung zusammen. Herr Bell, Frau Aulbach und Herr Wintermeyer nahmen sich die Zeit und f\u00fchrten uns ehemalige Sch\u00fcler durch das uns wohl vertraute Schulgeb\u00e4ude. Wir staunten jedoch nicht schlecht, als wir die vielen \u00e4u\u00dferlichen Ver\u00e4nderungen, Umbauten und Renovierungen der letzten Jahre bestaunten. Auch die inhaltlichen Ver\u00e4nderungen, die uns Herr Bell vorstellte, beeindruckten uns sehr. Oft h\u00f6rte man in der Menge den Satz &#8222;Ach, heute w\u00e4ren wir gerne noch mal hier Sch\u00fcler&#8220;.ngg_shortcode_0_placeholder<\/p>\n<p>Um 19 Uhr begann dann die Feier im Kulturkeller mit Getr\u00e4nken und einem bunten B\u00fcffet aus mitgebrachten Leckereien. Ein Wiedersehen mit alten Freunden und Bekannten, gemeinsames Schwelgen in Erinnerungen, Fotos und Videos aus der Abizeit, Musik, die unsere gemeinsame Zeit begleitete und eine insgesamt gro\u00dfartige Feier, die erst sehr sp\u00e4t endete. So kann man den Abend treffend zusammenfassen.<\/p>\n<p>Vielen herzlichen Dank an alle, die es m\u00f6glich gemacht haben, dass wir in unserer alten Schule dieses sch\u00f6ne Treffen organisieren konnten!<\/p>\n<p>&nbsp;<\/p>\n<p>von Tina Delhey<\/p>\n","protected":false},"excerpt":{"rendered":"<p>Am 23.04.2016 fand das Jahrgangstreffen des Abiturjahrganges 2006 im Kulturkeller des GGGs statt. Rund 60 der ehemals 130 Grimmels fanden sich zu diesem freudigen Anlass um 18 Uhr zu einer gemeinsamen Schulf\u00fchrung zusammen. Herr Bell, Frau Aulbach und Herr Wintermeyer nahmen sich die Zeit und f\u00fchrten uns ehemalige Sch\u00fcler durch das uns wohl vertraute Schulgeb\u00e4ude. [&hellip;]<\/p>\n","protected":false},"author":1,"featured_media":0,"comment_status":"closed","ping_status":"closed","sticky":false,"template":"","format":"standard","meta":{"advgb_blocks_editor_width":"","advgb_blocks_columns_visual_guide":"","ngg_post_thumbnail":0,"footnotes":""},"categories":[1,30],"tags":[],"class_list":["post-30466","post","type-post","status-publish","format-standard","hentry","category-aktuell","category-kulturkeller"],"author_meta":{"display_name":"webmaster","author_link":"https:\/\/grimmels.de\/wordpress\/author\/webmaster\/"},"featured_img":null,"coauthors":[],"tax_additional":{"categories":{"linked":["<a href=\"https:\/\/grimmels.de\/wordpress\/category\/aktuell\/\" class=\"advgb-post-tax-term\">Aktuell<\/a>","<a href=\"https:\/\/grimmels.de\/wordpress\/category\/kulturkeller\/\" class=\"advgb-post-tax-term\">Kulturkeller<\/a>"],"unlinked":["<span class=\"advgb-post-tax-term\">Aktuell<\/span>","<span class=\"advgb-post-tax-term\">Kulturkeller<\/span>"]}},"comment_count":"0","relative_dates":{"created":"Posted 10\u00a0Jahren ago","modified":"Updated 10\u00a0Jahren ago"},"absolute_dates":{"created":"Posted on 31. Mai 2016","modified":"Updated on 27. Juni 2016"},"absolute_dates_time":{"created":"Posted on 31. Mai 2016 12:16","modified":"Updated on 27. Juni 2016 19:51"},"featured_img_caption":"","series_order":"","_links":{"self":[{"href":"https:\/\/grimmels.de\/wordpress\/wp-json\/wp\/v2\/posts\/30466","targetHints":{"allow":["GET"]}}],"collection":[{"href":"https:\/\/grimmels.de\/wordpress\/wp-json\/wp\/v2\/posts"}],"about":[{"href":"https:\/\/grimmels.de\/wordpress\/wp-json\/wp\/v2\/types\/post"}],"author":[{"embeddable":true,"href":"https:\/\/grimmels.de\/wordpress\/wp-json\/wp\/v2\/users\/1"}],"replies":[{"embeddable":true,"href":"https:\/\/grimmels.de\/wordpress\/wp-json\/wp\/v2\/comments?post=30466"}],"version-history":[{"count":0,"href":"https:\/\/grimmels.de\/wordpress\/wp-json\/wp\/v2\/posts\/30466\/revisions"}],"wp:attachment":[{"href":"https:\/\/grimmels.de\/wordpress\/wp-json\/wp\/v2\/media?parent=30466"}],"wp:term":[{"taxonomy":"category","embeddable":true,"href":"https:\/\/grimmels.de\/wordpress\/wp-json\/wp\/v2\/categories?post=30466"},{"taxonomy":"post_tag","embeddable":true,"href":"https:\/\/grimmels.de\/wordpress\/wp-json\/wp\/v2\/tags?post=30466"}],"curies":[{"name":"wp","href":"https:\/\/api.w.org\/{rel}","templated":true}]}}