{"id":30852,"date":"2016-06-21T14:18:33","date_gmt":"2016-06-21T12:18:33","guid":{"rendered":"?p=30852"},"modified":"2016-06-25T09:46:08","modified_gmt":"2016-06-25T07:46:08","slug":"premiere-im-kulturkeller-des-grimmels","status":"publish","type":"post","link":"https:\/\/grimmels.de\/wordpress\/premiere-im-kulturkeller-des-grimmels\/","title":{"rendered":"Premiere im Kulturkeller des Grimmels"},"content":{"rendered":"<p>Am vergangenen Freitag, dem 17.06., veranstaltete die Sch\u00fclervertretung in Zusammenarbeit mit dem GGG &#8211; Ehemalige &amp; Freunde e.V. das Konzert \u201eGrimmels onAir \u2013 Wir gehen zum Feiern in den Keller!\u201c.<\/p>\n<p>ngg_shortcode_0_placeholderDie Veranstaltung begann um 19 Uhr im Kulturkeller und wurde durch die Lehrerband \u201eUnder Construction\u201c er\u00f6ffnet. Als n\u00e4chste Band kam die Schulband \u201eJust Names\u201c auf die B\u00fchne. Diese wird von dem Lehrer Benjamin Feiler geleitet, welcher selbst an der E-Gitarre mitwirkte. Premiere feierte an diesem Abend nicht nur die Veranstaltung, sondern auch die vor einem halben Jahr gegr\u00fcndete Band \u201ePrimetime\u201c, welche ausschlie\u00dflich aus Sch\u00fclerinnen und Sch\u00fclern vom Grimmels besteht. Den Schlusspunkt setzte die Abiband des diesj\u00e4hrigen Abiturjahrgangs. Das sehr abwechslungsreiche Programm von jazzigen Songs \u00fcber 80er bis hin zu modernen Pop- und Rock-St\u00fccken begeisterte das Publikum. Zus\u00e4tzlich beeindruckte die Leistung der Licht- und Tontechnik, die die Bands unter gro\u00dfem Aufwand und Engagement technisch begleitete. Hierf\u00fcr stellte die Band \u201eUmleitung \u2013 Rock vom Berg\u201c ihre Tontechnik f\u00fcr den Abend zu Verf\u00fcgung. Abschlie\u00dfend l\u00e4sst sich hervorheben, dass dieser sehr gelungene Konzertabend einen perfekten Beitrag zum Schulleben darstellte, an dem Sch\u00fcler, Lehrer, Mitglieder der Schulleitung, Ehemalige, Eltern und Gro\u00dfeltern gemeinsam feiern und den gew\u00f6hnlichen Schulalltag mal f\u00fcr einen Abend vergessen konnten.<\/p>\n<p>(Marius Smitt, SV)<\/p>\n<p>Bilder von Max-Leo Amberg<\/p>\n","protected":false},"excerpt":{"rendered":"<p>Am vergangenen Freitag, dem 17.06., veranstaltete die Sch\u00fclervertretung in Zusammenarbeit mit dem GGG &#8211; Ehemalige &amp; Freunde e.V. das Konzert \u201eGrimmels onAir \u2013 Wir gehen zum Feiern in den Keller!\u201c. Die Veranstaltung begann um 19 Uhr im Kulturkeller und wurde durch die Lehrerband \u201eUnder Construction\u201c er\u00f6ffnet. Als n\u00e4chste Band kam die Schulband \u201eJust Names\u201c auf [&hellip;]<\/p>\n","protected":false},"author":1,"featured_media":0,"comment_status":"closed","ping_status":"closed","sticky":false,"template":"","format":"standard","meta":{"advgb_blocks_editor_width":"","advgb_blocks_columns_visual_guide":"","ngg_post_thumbnail":0,"footnotes":""},"categories":[1,30,58],"tags":[],"class_list":["post-30852","post","type-post","status-publish","format-standard","hentry","category-aktuell","category-kulturkeller","category-veranstaltungen"],"author_meta":{"display_name":"webmaster","author_link":"https:\/\/grimmels.de\/wordpress\/author\/webmaster\/"},"featured_img":null,"coauthors":[],"tax_additional":{"categories":{"linked":["<a href=\"https:\/\/grimmels.de\/wordpress\/category\/aktuell\/\" class=\"advgb-post-tax-term\">Aktuell<\/a>","<a href=\"https:\/\/grimmels.de\/wordpress\/category\/kulturkeller\/\" class=\"advgb-post-tax-term\">Kulturkeller<\/a>","<a href=\"https:\/\/grimmels.de\/wordpress\/category\/veranstaltungen\/\" class=\"advgb-post-tax-term\">Veranstaltungen<\/a>"],"unlinked":["<span class=\"advgb-post-tax-term\">Aktuell<\/span>","<span class=\"advgb-post-tax-term\">Kulturkeller<\/span>","<span class=\"advgb-post-tax-term\">Veranstaltungen<\/span>"]}},"comment_count":"0","relative_dates":{"created":"Posted 10\u00a0Jahren ago","modified":"Updated 10\u00a0Jahren ago"},"absolute_dates":{"created":"Posted on 21. Juni 2016","modified":"Updated on 25. Juni 2016"},"absolute_dates_time":{"created":"Posted on 21. Juni 2016 14:18","modified":"Updated on 25. Juni 2016 9:46"},"featured_img_caption":"","series_order":"","_links":{"self":[{"href":"https:\/\/grimmels.de\/wordpress\/wp-json\/wp\/v2\/posts\/30852","targetHints":{"allow":["GET"]}}],"collection":[{"href":"https:\/\/grimmels.de\/wordpress\/wp-json\/wp\/v2\/posts"}],"about":[{"href":"https:\/\/grimmels.de\/wordpress\/wp-json\/wp\/v2\/types\/post"}],"author":[{"embeddable":true,"href":"https:\/\/grimmels.de\/wordpress\/wp-json\/wp\/v2\/users\/1"}],"replies":[{"embeddable":true,"href":"https:\/\/grimmels.de\/wordpress\/wp-json\/wp\/v2\/comments?post=30852"}],"version-history":[{"count":0,"href":"https:\/\/grimmels.de\/wordpress\/wp-json\/wp\/v2\/posts\/30852\/revisions"}],"wp:attachment":[{"href":"https:\/\/grimmels.de\/wordpress\/wp-json\/wp\/v2\/media?parent=30852"}],"wp:term":[{"taxonomy":"category","embeddable":true,"href":"https:\/\/grimmels.de\/wordpress\/wp-json\/wp\/v2\/categories?post=30852"},{"taxonomy":"post_tag","embeddable":true,"href":"https:\/\/grimmels.de\/wordpress\/wp-json\/wp\/v2\/tags?post=30852"}],"curies":[{"name":"wp","href":"https:\/\/api.w.org\/{rel}","templated":true}]}}