{"id":31298,"date":"2016-07-05T13:41:40","date_gmt":"2016-07-05T11:41:40","guid":{"rendered":"?p=31298"},"modified":"2016-07-05T13:45:14","modified_gmt":"2016-07-05T11:45:14","slug":"der-preis-der-schokolade-ist-das-noch-fair","status":"publish","type":"post","link":"https:\/\/grimmels.de\/wordpress\/der-preis-der-schokolade-ist-das-noch-fair\/","title":{"rendered":"Der Preis der Schokolade \u2013 ist das noch fair?"},"content":{"rendered":"<p>Der Biologie-Leistungskurs (Q2) von Franziska W\u00f6ll besuchte am 27.06.16 im Rahmen der Unterrichtsreihe \u201e\u00d6kologie\u201c den Palmengarten Frankfurt.<\/p>\n<div id='gallery-1' class='gallery galleryid-31298 gallery-columns-3 gallery-size-thumbnail'><figure class='gallery-item'>\n\t\t\t<div class='gallery-icon landscape'>\n\t\t\t\t<a href='https:\/\/grimmels.de\/wordpress\/wp-content\/uploads\/2016\/07\/20160627_103140kl.jpg'><img decoding=\"async\" width=\"150\" height=\"84\" src=\"https:\/\/grimmels.de\/wordpress\/wp-content\/uploads\/2016\/07\/20160627_103140kl-150x84.jpg\" class=\"attachment-thumbnail size-thumbnail\" alt=\"\" srcset=\"https:\/\/grimmels.de\/wordpress\/wp-content\/uploads\/2016\/07\/20160627_103140kl-150x84.jpg 150w, https:\/\/grimmels.de\/wordpress\/wp-content\/uploads\/2016\/07\/20160627_103140kl-300x169.jpg 300w, https:\/\/grimmels.de\/wordpress\/wp-content\/uploads\/2016\/07\/20160627_103140kl-768x432.jpg 768w, https:\/\/grimmels.de\/wordpress\/wp-content\/uploads\/2016\/07\/20160627_103140kl.jpg 1024w\" sizes=\"(max-width: 150px) 100vw, 150px\" \/><\/a>\n\t\t\t<\/div><\/figure><figure class='gallery-item'>\n\t\t\t<div class='gallery-icon landscape'>\n\t\t\t\t<a href='https:\/\/grimmels.de\/wordpress\/wp-content\/uploads\/2016\/07\/20160627_103445kl.jpg'><img decoding=\"async\" width=\"150\" height=\"84\" src=\"https:\/\/grimmels.de\/wordpress\/wp-content\/uploads\/2016\/07\/20160627_103445kl-150x84.jpg\" class=\"attachment-thumbnail size-thumbnail\" alt=\"\" srcset=\"https:\/\/grimmels.de\/wordpress\/wp-content\/uploads\/2016\/07\/20160627_103445kl-150x84.jpg 150w, https:\/\/grimmels.de\/wordpress\/wp-content\/uploads\/2016\/07\/20160627_103445kl-300x169.jpg 300w, https:\/\/grimmels.de\/wordpress\/wp-content\/uploads\/2016\/07\/20160627_103445kl-768x432.jpg 768w, https:\/\/grimmels.de\/wordpress\/wp-content\/uploads\/2016\/07\/20160627_103445kl.jpg 1024w\" sizes=\"(max-width: 150px) 100vw, 150px\" \/><\/a>\n\t\t\t<\/div><\/figure><figure class='gallery-item'>\n\t\t\t<div class='gallery-icon landscape'>\n\t\t\t\t<a href='https:\/\/grimmels.de\/wordpress\/wp-content\/uploads\/2016\/07\/IMG_8285kl.jpg'><img decoding=\"async\" width=\"150\" height=\"100\" src=\"https:\/\/grimmels.de\/wordpress\/wp-content\/uploads\/2016\/07\/IMG_8285kl-150x100.jpg\" class=\"attachment-thumbnail size-thumbnail\" alt=\"\" srcset=\"https:\/\/grimmels.de\/wordpress\/wp-content\/uploads\/2016\/07\/IMG_8285kl-150x100.jpg 150w, https:\/\/grimmels.de\/wordpress\/wp-content\/uploads\/2016\/07\/IMG_8285kl-300x200.jpg 300w, https:\/\/grimmels.de\/wordpress\/wp-content\/uploads\/2016\/07\/IMG_8285kl-768x512.jpg 768w, https:\/\/grimmels.de\/wordpress\/wp-content\/uploads\/2016\/07\/IMG_8285kl.jpg 1024w\" sizes=\"(max-width: 150px) 100vw, 150px\" \/><\/a>\n\t\t\t<\/div><\/figure><figure class='gallery-item'>\n\t\t\t<div class='gallery-icon landscape'>\n\t\t\t\t<a href='https:\/\/grimmels.de\/wordpress\/wp-content\/uploads\/2016\/07\/IMG_8347kl.jpg'><img loading=\"lazy\" decoding=\"async\" width=\"150\" height=\"100\" src=\"https:\/\/grimmels.de\/wordpress\/wp-content\/uploads\/2016\/07\/IMG_8347kl-150x100.jpg\" class=\"attachment-thumbnail size-thumbnail\" alt=\"\" srcset=\"https:\/\/grimmels.de\/wordpress\/wp-content\/uploads\/2016\/07\/IMG_8347kl-150x100.jpg 150w, https:\/\/grimmels.de\/wordpress\/wp-content\/uploads\/2016\/07\/IMG_8347kl-300x200.jpg 300w, https:\/\/grimmels.de\/wordpress\/wp-content\/uploads\/2016\/07\/IMG_8347kl-768x512.jpg 768w, https:\/\/grimmels.de\/wordpress\/wp-content\/uploads\/2016\/07\/IMG_8347kl.jpg 1024w\" sizes=\"(max-width: 150px) 100vw, 150px\" \/><\/a>\n\t\t\t<\/div><\/figure><figure class='gallery-item'>\n\t\t\t<div class='gallery-icon landscape'>\n\t\t\t\t<a href='https:\/\/grimmels.de\/wordpress\/wp-content\/uploads\/2016\/07\/IMG_8350kl.jpg'><img loading=\"lazy\" decoding=\"async\" width=\"150\" height=\"100\" src=\"https:\/\/grimmels.de\/wordpress\/wp-content\/uploads\/2016\/07\/IMG_8350kl-150x100.jpg\" class=\"attachment-thumbnail size-thumbnail\" alt=\"\" srcset=\"https:\/\/grimmels.de\/wordpress\/wp-content\/uploads\/2016\/07\/IMG_8350kl-150x100.jpg 150w, https:\/\/grimmels.de\/wordpress\/wp-content\/uploads\/2016\/07\/IMG_8350kl-300x200.jpg 300w, https:\/\/grimmels.de\/wordpress\/wp-content\/uploads\/2016\/07\/IMG_8350kl-768x512.jpg 768w, https:\/\/grimmels.de\/wordpress\/wp-content\/uploads\/2016\/07\/IMG_8350kl.jpg 1024w\" sizes=\"(max-width: 150px) 100vw, 150px\" \/><\/a>\n\t\t\t<\/div><\/figure>\n\t\t<\/div>\n\n<p>Als Vertiefung zu den im Unterricht erarbeiteten Fachkonzepten gingen die Sch\u00fclerinnen und Sch\u00fcler unter anderem den Standortanpassungen des Kakaobaums im Regenwald des Tropicariums auf den Grund. Nach einer kurzen F\u00fchrung zur \u00d6kologie der Kakaopflanze erarbeiteten die Sch\u00fclerinnen und Sch\u00fcler in Kleingruppen anhand von abwechslungsreichen Aktionselementen (Beobachtungsaufgaben, Filmsequenzen, Interview-Ausschnitten, etc.) die \u00f6kologischen und gesellschaftlichen Folgen des Kakaoanbaus. Bei einem anschlie\u00dfenden \u201ePlanspiel\u201c nahmen die Sch\u00fclerinnen und Sch\u00fcler unterschiedliche Partizipationsm\u00f6glichkeiten wahr, indem sie in der Rolle des Verbrauchers, Plantagenbesitzers, Konzernchefs, lokalen Politikers etc. \u00fcber fairen Handel, wirtschaftliche Interessen und nachhaltigen Kakaoanbau kontrovers diskutierten. Gemeinsam wurden m\u00f6gliche L\u00f6sungsans\u00e4tze angedacht.<br \/>\nAbgerundet wurdet der Vormittag mit der Herstellung einer eigenen Kakao-Creme und der Verk\u00f6stigung diverser Fair Trade (Bio) Schokoladensorten. \u201eEine Flut an G\u00fctesiegeln \u00fcber die man sich erst mal einen \u00dcberblick verschaffen muss\u201c, kommentierte dabei eine Sch\u00fclerin. Die Exkursion in den Palmengarten stellte eine gelungene Alternative zum klassischen Lernort \u201eSchule\u201c dar.<br \/>\n(Franziska W\u00f6ll)<\/p>\n","protected":false},"excerpt":{"rendered":"<p>Der Biologie-Leistungskurs (Q2) von Franziska W\u00f6ll besuchte am 27.06.16 im Rahmen der Unterrichtsreihe \u201e\u00d6kologie\u201c den Palmengarten Frankfurt. Als Vertiefung zu den im Unterricht erarbeiteten Fachkonzepten gingen die Sch\u00fclerinnen und Sch\u00fcler unter anderem den Standortanpassungen des Kakaobaums im Regenwald des Tropicariums auf den Grund. Nach einer kurzen F\u00fchrung zur \u00d6kologie der Kakaopflanze erarbeiteten die Sch\u00fclerinnen und [&hellip;]<\/p>\n","protected":false},"author":1,"featured_media":0,"comment_status":"closed","ping_status":"closed","sticky":false,"template":"","format":"standard","meta":{"advgb_blocks_editor_width":"","advgb_blocks_columns_visual_guide":"","ngg_post_thumbnail":0,"footnotes":""},"categories":[1,85,79],"tags":[],"class_list":["post-31298","post","type-post","status-publish","format-standard","hentry","category-aktuell","category-biologie","category-fachbereich-3"],"author_meta":{"display_name":"webmaster","author_link":"https:\/\/grimmels.de\/wordpress\/author\/webmaster\/"},"featured_img":null,"coauthors":[],"tax_additional":{"categories":{"linked":["<a href=\"https:\/\/grimmels.de\/wordpress\/category\/aktuell\/\" class=\"advgb-post-tax-term\">Aktuell<\/a>","<a href=\"https:\/\/grimmels.de\/wordpress\/category\/fachbereich-3\/biologie\/\" class=\"advgb-post-tax-term\">Biologie<\/a>","<a href=\"https:\/\/grimmels.de\/wordpress\/category\/fachbereich-3\/\" class=\"advgb-post-tax-term\">Fachbereich 3<\/a>"],"unlinked":["<span class=\"advgb-post-tax-term\">Aktuell<\/span>","<span class=\"advgb-post-tax-term\">Biologie<\/span>","<span class=\"advgb-post-tax-term\">Fachbereich 3<\/span>"]}},"comment_count":"0","relative_dates":{"created":"Posted 10\u00a0Jahren ago","modified":"Updated 10\u00a0Jahren ago"},"absolute_dates":{"created":"Posted on 5. Juli 2016","modified":"Updated on 5. Juli 2016"},"absolute_dates_time":{"created":"Posted on 5. Juli 2016 13:41","modified":"Updated on 5. Juli 2016 13:45"},"featured_img_caption":"","series_order":"","_links":{"self":[{"href":"https:\/\/grimmels.de\/wordpress\/wp-json\/wp\/v2\/posts\/31298","targetHints":{"allow":["GET"]}}],"collection":[{"href":"https:\/\/grimmels.de\/wordpress\/wp-json\/wp\/v2\/posts"}],"about":[{"href":"https:\/\/grimmels.de\/wordpress\/wp-json\/wp\/v2\/types\/post"}],"author":[{"embeddable":true,"href":"https:\/\/grimmels.de\/wordpress\/wp-json\/wp\/v2\/users\/1"}],"replies":[{"embeddable":true,"href":"https:\/\/grimmels.de\/wordpress\/wp-json\/wp\/v2\/comments?post=31298"}],"version-history":[{"count":0,"href":"https:\/\/grimmels.de\/wordpress\/wp-json\/wp\/v2\/posts\/31298\/revisions"}],"wp:attachment":[{"href":"https:\/\/grimmels.de\/wordpress\/wp-json\/wp\/v2\/media?parent=31298"}],"wp:term":[{"taxonomy":"category","embeddable":true,"href":"https:\/\/grimmels.de\/wordpress\/wp-json\/wp\/v2\/categories?post=31298"},{"taxonomy":"post_tag","embeddable":true,"href":"https:\/\/grimmels.de\/wordpress\/wp-json\/wp\/v2\/tags?post=31298"}],"curies":[{"name":"wp","href":"https:\/\/api.w.org\/{rel}","templated":true}]}}