{"id":3237,"date":"2010-12-17T19:46:11","date_gmt":"2010-12-17T18:46:11","guid":{"rendered":"?p=3237"},"modified":"2018-05-24T15:10:26","modified_gmt":"2018-05-24T13:10:26","slug":"aktuelles-aus-der-kulturkeller-kueche","status":"publish","type":"post","link":"https:\/\/grimmels.de\/wordpress\/aktuelles-aus-der-kulturkeller-kueche\/","title":{"rendered":"Aktuelles aus der Kulturkeller-K\u00fcche"},"content":{"rendered":"<p><a href=\"https:\/\/grimmels.de\/wordpress\/wp-content\/uploads\/2010\/12\/IMG_1380B.jpg\"><img decoding=\"async\" class=\"alignleft size-thumbnail wp-image-3238\" title=\"IMG_1380B\" src=\"https:\/\/grimmels.de\/wordpress\/wp-content\/uploads\/2010\/12\/IMG_1380B-150x112.jpg\" alt=\"\" width=\"150\" height=\"112\" \/><\/a>Vor \u00fcber einem Jahr hat der Kulturkeller seinen Betrieb aufgenommen und ist heute aus dem GGG- Schulalltag kaum noch weg zudenken. Es ist ein Ort der Kommunikation entstanden, wie wir ihn uns als Schulgemeinde immer gew\u00fcnscht haben. Mit dem Kulturkeller ist auch der Cafeteria-Betrieb m\u00f6glich geworden.<\/p>\n<p><!--more-->Die gro\u00dfe Nachfrage nach Mittagessen und Snacks, ist aktuell kaum noch zu bew\u00e4ltigen, obwohl bis zu 200 Mahlzeiten ausgegeben werden. Wir sto\u00dfen sowohl aus Platzgr\u00fcnden als auch aus Kapazit\u00e4tsgr\u00fcnden an unsere Grenzen.<\/p>\n<p>Mit gro\u00dfem Einsatz, Ausdauer und Verantwortung gehen die ehrenamtlichen Helferinnen ans Werk, wenn es um die Zubereitung des Essens geht. Keine der M\u00fctter hat vorher solche Mengen produziert.<\/p>\n<p>Auch wenn wir durch die baulichen und technischen\u00a0 Gegebenheiten der K\u00fcche in der Auswahl des Angebots eingeschr\u00e4nkt sind, steht die Qualit\u00e4t und Frische der Produkte an erster Stelle. Nur durch ehrenamtliche Arbeit ist es uns m\u00f6glich zum gro\u00dfen Teil Bio-Produkte zu verarbeiten und trotzdem einen akzeptablen Preis von 3,00 \u20ac pro Essen nicht zu \u00fcberschreiten. Dieses\u00a0 Angebot im Kulturkeller wird von den Sch\u00fclerinnen und Sch\u00fclern aber auch vom Lehrpersonal dankbar angenommen.<\/p>\n<p>Das alles w\u00e4re nicht m\u00f6glich durch ihren unerm\u00fcdlichen Einsatz.\u00a0\u00a0\u00a0\u00a0\u00a0\u00a0\u00a0\u00a0\u00a0\u00a0\u00a0\u00a0\u00a0\u00a0\u00a0\u00a0\u00a0\u00a0\u00a0\u00a0\u00a0\u00a0\u00a0\u00a0\u00a0\u00a0\u00a0\u00a0\u00a0\u00a0\u00a0\u00a0\u00a0\u00a0\u00a0\u00a0\u00a0\u00a0\u00a0\u00a0\u00a0\u00a0\u00a0\u00a0\u00a0\u00a0\u00a0\u00a0\u00a0\u00a0\u00a0\u00a0\u00a0\u00a0\u00a0 \u00a0\u00a0\u00a0Aktuell sind im Kulturkeller ehrenamtlich t\u00e4tig:<\/p>\n<p>Claudia Achtzehnter, Marianne Bankmann, Ulrike Bohlender, Karin Brinkmann, Ulrike Burkhardt, Cornelia Fischer,\u00a0 Claudia Gau, Carmen Gonzales, Birgit Haderlein, Cornelia Hartmann, Sabine Hentschel, Hannelore Hupfeld, Barbara Jakobs, Julia Jeckel-K\u00fchnl, Martina Kalbfleisch, Doris Kaufeld, Heidi K\u00f6rber, Frauke Mathes, Christiane Oppermann, Theda Pastunink, Maria Rieger, Ute Samson,\u00a0 Birgit Schlosser, Sabine Schrecke, Marianne Sgorsaly, Susanne Trumpfeller, Sabine Tschorn, Gabi Vormwald und Ute Wagner<\/p>\n<p>Ein gro\u00dfes DANKESCH\u00d6N an Sie alle!<\/p>\n<p>Wir sind sehr froh und stolz, sogar eine Omi in unserer Mitte zu haben, die mit gro\u00dfer Bereitschaft ihren Dienst leistet und durch ihre Flexibilit\u00e4t und Einsatzfreude unser Team verst\u00e4rkt. In der Regel ist jeder Helfer einmal w\u00f6chentlich im Einsatz &#8211; je nach pers\u00f6nlichem Zeitrahmen.<\/p>\n<p>Nach wie vor k\u00f6nnen wir auch Ihre Unterst\u00fctzung\u00a0 gebrauchen und sind froh um jede helfende Hand. Wenn Sie Interesse haben, wenden sie sich bitte an:<\/p>\n<p>Kulturkeller GGG\u00a0 Durchwahl: 06051-889640 oder<\/p>\n<p>an Ingrid Str\u00f6m, Mobil 0178-6309311 oder per Mail: <a href=\"mailto:info@ingrid-stroem.de\">info@ingrid-stroem.de<\/a><\/p>\n<p>(Christoph Pullmann)<\/p>\n","protected":false},"excerpt":{"rendered":"<p>Vor \u00fcber einem Jahr hat der Kulturkeller seinen Betrieb aufgenommen und ist heute aus dem GGG- Schulalltag kaum noch weg zudenken. Es ist ein Ort der Kommunikation entstanden, wie wir ihn uns als Schulgemeinde immer gew\u00fcnscht haben. Mit dem Kulturkeller ist auch der Cafeteria-Betrieb m\u00f6glich geworden.<\/p>\n","protected":false},"author":1,"featured_media":0,"comment_status":"closed","ping_status":"closed","sticky":false,"template":"","format":"standard","meta":{"advgb_blocks_editor_width":"","advgb_blocks_columns_visual_guide":"","ngg_post_thumbnail":0,"footnotes":""},"categories":[55,30],"tags":[],"class_list":["post-3237","post","type-post","status-publish","format-standard","hentry","category-schule","category-kulturkeller"],"author_meta":{"display_name":"webmaster","author_link":"https:\/\/grimmels.de\/wordpress\/author\/webmaster\/"},"featured_img":null,"coauthors":[],"tax_additional":{"categories":{"linked":["<a href=\"https:\/\/grimmels.de\/wordpress\/category\/schule\/\" class=\"advgb-post-tax-term\">Allgemein<\/a>","<a href=\"https:\/\/grimmels.de\/wordpress\/category\/kulturkeller\/\" class=\"advgb-post-tax-term\">Kulturkeller<\/a>"],"unlinked":["<span class=\"advgb-post-tax-term\">Allgemein<\/span>","<span class=\"advgb-post-tax-term\">Kulturkeller<\/span>"]}},"comment_count":"0","relative_dates":{"created":"Posted 15\u00a0Jahren ago","modified":"Updated 8\u00a0Jahren ago"},"absolute_dates":{"created":"Posted on 17. Dezember 2010","modified":"Updated on 24. Mai 2018"},"absolute_dates_time":{"created":"Posted on 17. Dezember 2010 19:46","modified":"Updated on 24. Mai 2018 15:10"},"featured_img_caption":"","series_order":"","_links":{"self":[{"href":"https:\/\/grimmels.de\/wordpress\/wp-json\/wp\/v2\/posts\/3237","targetHints":{"allow":["GET"]}}],"collection":[{"href":"https:\/\/grimmels.de\/wordpress\/wp-json\/wp\/v2\/posts"}],"about":[{"href":"https:\/\/grimmels.de\/wordpress\/wp-json\/wp\/v2\/types\/post"}],"author":[{"embeddable":true,"href":"https:\/\/grimmels.de\/wordpress\/wp-json\/wp\/v2\/users\/1"}],"replies":[{"embeddable":true,"href":"https:\/\/grimmels.de\/wordpress\/wp-json\/wp\/v2\/comments?post=3237"}],"version-history":[{"count":1,"href":"https:\/\/grimmels.de\/wordpress\/wp-json\/wp\/v2\/posts\/3237\/revisions"}],"predecessor-version":[{"id":37786,"href":"https:\/\/grimmels.de\/wordpress\/wp-json\/wp\/v2\/posts\/3237\/revisions\/37786"}],"wp:attachment":[{"href":"https:\/\/grimmels.de\/wordpress\/wp-json\/wp\/v2\/media?parent=3237"}],"wp:term":[{"taxonomy":"category","embeddable":true,"href":"https:\/\/grimmels.de\/wordpress\/wp-json\/wp\/v2\/categories?post=3237"},{"taxonomy":"post_tag","embeddable":true,"href":"https:\/\/grimmels.de\/wordpress\/wp-json\/wp\/v2\/tags?post=3237"}],"curies":[{"name":"wp","href":"https:\/\/api.w.org\/{rel}","templated":true}]}}