{"id":32636,"date":"2017-01-10T15:28:24","date_gmt":"2017-01-10T14:28:24","guid":{"rendered":"http:\/\/grimmels.de\/wordpress\/?p=32636"},"modified":"2017-01-11T14:40:43","modified_gmt":"2017-01-11T13:40:43","slug":"respektimnetz-digitales-bildungsprojekt-in-gelnhausen","status":"publish","type":"post","link":"https:\/\/grimmels.de\/wordpress\/respektimnetz-digitales-bildungsprojekt-in-gelnhausen\/","title":{"rendered":"\u201eRespektimNetz\u201c\u2013 digitales Bildungsprojekt in Gelnhausen"},"content":{"rendered":"<p>Vom 10. bis zum 12. Januar 2017 findet am Grimmelshausen-Gymnasium erstmalig das \u201eSmart Camp\u201c der BG 3000 statt. Das digitale Bildungsprojekt wird in Kooperation mit den Sponsoren Konrad-Adenauer-Stiftung e. V. und HUAWEI Technologies Deutschland GmbH durchgef\u00fchrt.<\/p>\n<p><a href=\"https:\/\/grimmels.de\/wordpress\/wp-content\/uploads\/2017\/01\/BG3kl.jpg\"><img decoding=\"async\" class=\"alignleft wp-image-32639 size-thumbnail\" src=\"https:\/\/grimmels.de\/wordpress\/wp-content\/uploads\/2017\/01\/BG3kl-113x150.jpg\" width=\"113\" height=\"150\" srcset=\"https:\/\/grimmels.de\/wordpress\/wp-content\/uploads\/2017\/01\/BG3kl-113x150.jpg 113w, https:\/\/grimmels.de\/wordpress\/wp-content\/uploads\/2017\/01\/BG3kl-225x300.jpg 225w, https:\/\/grimmels.de\/wordpress\/wp-content\/uploads\/2017\/01\/BG3kl-768x1024.jpg 768w, https:\/\/grimmels.de\/wordpress\/wp-content\/uploads\/2017\/01\/BG3kl.jpg 1024w\" sizes=\"(max-width: 113px) 100vw, 113px\" \/><\/a>An dem dreit\u00e4gigen Camp stehen unter anderem Medienknigge, Live-Hacking, Existenzgr\u00fcndung,\u00a0 YouTube, Instagram sowie Journalismus im digitalen Zeitalter und Smart Photography auf dem Stundenplan \u2013 immer in enger Auseinandersetzung mit den vielf\u00e4ltigen Facetten des Themas Respekt. Besonders relevant sind Medienkompetenz und das eigene reflektierte Mediennutzungsverhalten. Durch den engen Austausch mit versierten Referentinnen und Referenten aus der unmittelbaren Praxis werden rund 185 Sch\u00fclerinnen und Sch\u00fcler animiert Social Media Tools nicht nur passiv zu konsumieren, sondern aktiv zu nutzen und mitzugestalten.<\/p>\n<p><a href=\"https:\/\/grimmels.de\/wordpress\/wp-content\/uploads\/2017\/01\/BG2kl.jpg\"><img decoding=\"async\" class=\"alignleft wp-image-32638 size-thumbnail\" src=\"https:\/\/grimmels.de\/wordpress\/wp-content\/uploads\/2017\/01\/BG2kl-150x113.jpg\" width=\"150\" height=\"113\" srcset=\"https:\/\/grimmels.de\/wordpress\/wp-content\/uploads\/2017\/01\/BG2kl-150x113.jpg 150w, https:\/\/grimmels.de\/wordpress\/wp-content\/uploads\/2017\/01\/BG2kl-300x225.jpg 300w, https:\/\/grimmels.de\/wordpress\/wp-content\/uploads\/2017\/01\/BG2kl-768x576.jpg 768w, https:\/\/grimmels.de\/wordpress\/wp-content\/uploads\/2017\/01\/BG2kl.jpg 1024w\" sizes=\"(max-width: 150px) 100vw, 150px\" \/><\/a>Bei der Er\u00f6ffnungsveranstaltung am Dienstag, dem 10.Januar\u00a0 konnten Schulleiter Friedrich Bell und Stellvertretender Schulleiter Joachim Kanthak hochkar\u00e4tige G\u00e4ste am Grimmelshausen-Gymnasium begr\u00fc\u00dfen:\u00a0 Dr. Peter Tauber, Schirmherr des Camps, Matthias Zach, hauptamtlicher Kreisbeigeordneter und Schuldezernent des Main-Kinzig-Kreises, Simone Stein-L\u00fccke, Gr\u00fcnderin der BG 3000, Alina Lux und Lisa Rings, Projektleitung der Smart Camps und Torsten K\u00fcpper, Vice President &amp; Director Corporate Affairs HUAWEI TECHNOLOGIES Deutschland GmbH.<\/p>\n<p><em>Das BG 3000 Smart Camp<\/em><br \/>\n<em><a href=\"https:\/\/grimmels.de\/wordpress\/wp-content\/uploads\/2017\/01\/BG1kl.jpg\"><img decoding=\"async\" class=\"wp-image-32637 size-thumbnail alignleft\" src=\"https:\/\/grimmels.de\/wordpress\/wp-content\/uploads\/2017\/01\/BG1kl-150x113.jpg\" width=\"150\" height=\"113\" srcset=\"https:\/\/grimmels.de\/wordpress\/wp-content\/uploads\/2017\/01\/BG1kl-150x113.jpg 150w, https:\/\/grimmels.de\/wordpress\/wp-content\/uploads\/2017\/01\/BG1kl-300x225.jpg 300w, https:\/\/grimmels.de\/wordpress\/wp-content\/uploads\/2017\/01\/BG1kl-768x576.jpg 768w, https:\/\/grimmels.de\/wordpress\/wp-content\/uploads\/2017\/01\/BG1kl.jpg 1024w\" sizes=\"(max-width: 150px) 100vw, 150px\" \/><\/a>Das Smart Camp ist ein interaktives Bildungsformat f\u00fcr Jugendliche. Erfahrene Referenten aus der Jugendarbeit, Experten aus der Wirtschaft\u00a0 sowie junge Profis aus der Praxis geben Einblicke in Ihre Arbeit und f\u00fchren junge Erwachsene an die Themen Chancen und Risiken des Web, sensibler Umgang mit Daten, kreative Verwirklichung eigener Ideen und Projekte sowie Berufsorientierung heran. In Kooperation mit der Konrad-Adenauer-Stiftung in NRW und der Hanns-Seidel-Stiftung in Bayern bietet die BG 3000 die Durchf\u00fchrung der Camps an weiterf\u00fchrenden Schulen an.<\/em><\/p>\n<p><em>BG 3000 IT Modellregion<\/em><br \/>\n<em>Mit der BG 3000 IT Modellregion entsteht in Bonn Bad Godesberg ein bundesweites Modellprojekt als IT-Labor mit \u00fcber 70.000 Menschen. Ziel der IT Modellregion ist es gemeinsam mit Unternehmen und Bev\u00f6lkerung praxisnahe Projekte und Events rund um das Thema Digitalisierung zu entwickeln und umzusetzen. BG 3000 bringt Menschen und Unternehmen miteinander ins Gespr\u00e4ch, f\u00fchrt Bildungsprojekte durch, testet Anwendungen, entwickelt sie weiter und wird dabei wissenschaftlich begleitet.<\/em><\/p>\n<p>Weitere Informationen kann man auch hier:<\/p>\n<p><a href=\"https:\/\/www.facebook.com\/diesmartcamps\/?fref=ts\" target=\"_blank\">https:\/\/www.facebook.com\/diesmartcamps\/?fref=ts<\/a><\/p>\n<p>finden<\/p>\n","protected":false},"excerpt":{"rendered":"<p>Vom 10. bis zum 12. Januar 2017 findet am Grimmelshausen-Gymnasium erstmalig das \u201eSmart Camp\u201c der BG 3000 statt. Das digitale Bildungsprojekt wird in Kooperation mit den Sponsoren Konrad-Adenauer-Stiftung e. V. und HUAWEI Technologies Deutschland GmbH durchgef\u00fchrt. An dem dreit\u00e4gigen Camp stehen unter anderem Medienknigge, Live-Hacking, Existenzgr\u00fcndung,\u00a0 YouTube, Instagram sowie Journalismus im digitalen Zeitalter und Smart [&hellip;]<\/p>\n","protected":false},"author":1,"featured_media":0,"comment_status":"closed","ping_status":"closed","sticky":false,"template":"","format":"standard","meta":{"advgb_blocks_editor_width":"","advgb_blocks_columns_visual_guide":"","ngg_post_thumbnail":0,"footnotes":""},"categories":[1],"tags":[],"class_list":["post-32636","post","type-post","status-publish","format-standard","hentry","category-aktuell"],"author_meta":{"display_name":"webmaster","author_link":"https:\/\/grimmels.de\/wordpress\/author\/webmaster\/"},"featured_img":null,"coauthors":[],"tax_additional":{"categories":{"linked":["<a href=\"https:\/\/grimmels.de\/wordpress\/category\/aktuell\/\" class=\"advgb-post-tax-term\">Aktuell<\/a>"],"unlinked":["<span class=\"advgb-post-tax-term\">Aktuell<\/span>"]}},"comment_count":"0","relative_dates":{"created":"Posted 9\u00a0Jahren ago","modified":"Updated 9\u00a0Jahren ago"},"absolute_dates":{"created":"Posted on 10. Januar 2017","modified":"Updated on 11. Januar 2017"},"absolute_dates_time":{"created":"Posted on 10. Januar 2017 15:28","modified":"Updated on 11. Januar 2017 14:40"},"featured_img_caption":"","series_order":"","_links":{"self":[{"href":"https:\/\/grimmels.de\/wordpress\/wp-json\/wp\/v2\/posts\/32636","targetHints":{"allow":["GET"]}}],"collection":[{"href":"https:\/\/grimmels.de\/wordpress\/wp-json\/wp\/v2\/posts"}],"about":[{"href":"https:\/\/grimmels.de\/wordpress\/wp-json\/wp\/v2\/types\/post"}],"author":[{"embeddable":true,"href":"https:\/\/grimmels.de\/wordpress\/wp-json\/wp\/v2\/users\/1"}],"replies":[{"embeddable":true,"href":"https:\/\/grimmels.de\/wordpress\/wp-json\/wp\/v2\/comments?post=32636"}],"version-history":[{"count":5,"href":"https:\/\/grimmels.de\/wordpress\/wp-json\/wp\/v2\/posts\/32636\/revisions"}],"predecessor-version":[{"id":32648,"href":"https:\/\/grimmels.de\/wordpress\/wp-json\/wp\/v2\/posts\/32636\/revisions\/32648"}],"wp:attachment":[{"href":"https:\/\/grimmels.de\/wordpress\/wp-json\/wp\/v2\/media?parent=32636"}],"wp:term":[{"taxonomy":"category","embeddable":true,"href":"https:\/\/grimmels.de\/wordpress\/wp-json\/wp\/v2\/categories?post=32636"},{"taxonomy":"post_tag","embeddable":true,"href":"https:\/\/grimmels.de\/wordpress\/wp-json\/wp\/v2\/tags?post=32636"}],"curies":[{"name":"wp","href":"https:\/\/api.w.org\/{rel}","templated":true}]}}