{"id":3576,"date":"2011-03-03T20:09:31","date_gmt":"2011-03-03T19:09:31","guid":{"rendered":"?p=3576"},"modified":"2018-05-24T15:07:13","modified_gmt":"2018-05-24T13:07:13","slug":"kulturkeller-info-am-elternsprechtag","status":"publish","type":"post","link":"https:\/\/grimmels.de\/wordpress\/kulturkeller-info-am-elternsprechtag\/","title":{"rendered":"Kulturkeller-Info am Elternsprechtag"},"content":{"rendered":"<p><a href=\"https:\/\/grimmels.de\/wordpress\/wp-content\/uploads\/2011\/03\/11-02-18-KK-Elternsprechtag-005AB.jpg\"><img decoding=\"async\" class=\"alignleft size-thumbnail wp-image-3577\"  src=\"https:\/\/grimmels.de\/wordpress\/wp-content\/uploads\/2011\/03\/11-02-18-KK-Elternsprechtag-005AB-150x113.jpg\" alt=\"\" width=\"150\" height=\"112\" \/><\/a><strong>&#8211;          Helfer gesucht \u2013<\/strong><\/p>\n<p>Foto:  Die ehemalige SEB-Vorsitzende Dr.Sabine Wigg-Wolf vor der laufenden Pr\u00e4sentation.<\/p>\n<p>Im Rahmen des Elternsprechtages am 4. und am 18.Februar informierte das Kulturkeller-Leitungsteam die Besucher \u00fcber die Entstehung und den Betrieb des GGG-Kulturkellers.<\/p>\n<p><!--more-->Insbesondere die Eltern der Sch\u00fcler der 5. Jahrgangstufe nahmen das Kulturkeller Angebot mit gro\u00dfem Interesse auf. Einige Eltern erkl\u00e4rten sich sogar spontan zur Mitarbeit im Kulturkeller-Team bereit.<\/p>\n","protected":false},"excerpt":{"rendered":"<p>&#8211; Helfer gesucht \u2013 Foto: Die ehemalige SEB-Vorsitzende Dr.Sabine Wigg-Wolf vor der laufenden Pr\u00e4sentation. Im Rahmen des Elternsprechtages am 4. und am 18.Februar informierte das Kulturkeller-Leitungsteam die Besucher \u00fcber die Entstehung und den Betrieb des GGG-Kulturkellers.<\/p>\n","protected":false},"author":1,"featured_media":0,"comment_status":"closed","ping_status":"closed","sticky":false,"template":"","format":"standard","meta":{"advgb_blocks_editor_width":"","advgb_blocks_columns_visual_guide":"","ngg_post_thumbnail":0,"footnotes":""},"categories":[55,30],"tags":[],"class_list":["post-3576","post","type-post","status-publish","format-standard","hentry","category-schule","category-kulturkeller"],"author_meta":{"display_name":"webmaster","author_link":"https:\/\/grimmels.de\/wordpress\/author\/webmaster\/"},"featured_img":null,"coauthors":[],"tax_additional":{"categories":{"linked":["<a href=\"https:\/\/grimmels.de\/wordpress\/category\/schule\/\" class=\"advgb-post-tax-term\">Allgemein<\/a>","<a href=\"https:\/\/grimmels.de\/wordpress\/category\/kulturkeller\/\" class=\"advgb-post-tax-term\">Kulturkeller<\/a>"],"unlinked":["<span class=\"advgb-post-tax-term\">Allgemein<\/span>","<span class=\"advgb-post-tax-term\">Kulturkeller<\/span>"]}},"comment_count":"0","relative_dates":{"created":"Posted 15\u00a0Jahren ago","modified":"Updated 8\u00a0Jahren ago"},"absolute_dates":{"created":"Posted on 3. M\u00e4rz 2011","modified":"Updated on 24. Mai 2018"},"absolute_dates_time":{"created":"Posted on 3. M\u00e4rz 2011 20:09","modified":"Updated on 24. Mai 2018 15:07"},"featured_img_caption":"","series_order":"","_links":{"self":[{"href":"https:\/\/grimmels.de\/wordpress\/wp-json\/wp\/v2\/posts\/3576","targetHints":{"allow":["GET"]}}],"collection":[{"href":"https:\/\/grimmels.de\/wordpress\/wp-json\/wp\/v2\/posts"}],"about":[{"href":"https:\/\/grimmels.de\/wordpress\/wp-json\/wp\/v2\/types\/post"}],"author":[{"embeddable":true,"href":"https:\/\/grimmels.de\/wordpress\/wp-json\/wp\/v2\/users\/1"}],"replies":[{"embeddable":true,"href":"https:\/\/grimmels.de\/wordpress\/wp-json\/wp\/v2\/comments?post=3576"}],"version-history":[{"count":2,"href":"https:\/\/grimmels.de\/wordpress\/wp-json\/wp\/v2\/posts\/3576\/revisions"}],"predecessor-version":[{"id":37731,"href":"https:\/\/grimmels.de\/wordpress\/wp-json\/wp\/v2\/posts\/3576\/revisions\/37731"}],"wp:attachment":[{"href":"https:\/\/grimmels.de\/wordpress\/wp-json\/wp\/v2\/media?parent=3576"}],"wp:term":[{"taxonomy":"category","embeddable":true,"href":"https:\/\/grimmels.de\/wordpress\/wp-json\/wp\/v2\/categories?post=3576"},{"taxonomy":"post_tag","embeddable":true,"href":"https:\/\/grimmels.de\/wordpress\/wp-json\/wp\/v2\/tags?post=3576"}],"curies":[{"name":"wp","href":"https:\/\/api.w.org\/{rel}","templated":true}]}}