{"id":36293,"date":"2017-11-27T14:41:25","date_gmt":"2017-11-27T13:41:25","guid":{"rendered":"http:\/\/grimmels.de\/wordpress\/?p=36293"},"modified":"2020-01-19T18:14:19","modified_gmt":"2020-01-19T17:14:19","slug":"feierstunde-fuer-umweltschulen-des-mkk","status":"publish","type":"post","link":"https:\/\/grimmels.de\/wordpress\/feierstunde-fuer-umweltschulen-des-mkk\/","title":{"rendered":"Feierstunde f\u00fcr Umweltschulen des MKK"},"content":{"rendered":"<p><a href=\"https:\/\/grimmels.de\/wordpress\/wp-content\/uploads\/2017\/11\/U2kl.jpg\"><img decoding=\"async\" class=\"alignleft wp-image-36294 size-thumbnail\" src=\"https:\/\/grimmels.de\/wordpress\/wp-content\/uploads\/2017\/11\/U2kl-150x113.jpg\" alt=\"\" width=\"150\" height=\"113\" srcset=\"https:\/\/grimmels.de\/wordpress\/wp-content\/uploads\/2017\/11\/U2kl-150x113.jpg 150w, https:\/\/grimmels.de\/wordpress\/wp-content\/uploads\/2017\/11\/U2kl-300x225.jpg 300w, https:\/\/grimmels.de\/wordpress\/wp-content\/uploads\/2017\/11\/U2kl-768x576.jpg 768w, https:\/\/grimmels.de\/wordpress\/wp-content\/uploads\/2017\/11\/U2kl.jpg 1024w\" sizes=\"(max-width: 150px) 100vw, 150px\" \/><\/a>Am Donnerstag, den 23.11.2017 fand in der Lindenauschule in Gro\u00dfauheim eine Feierstunde f\u00fcr die Umweltschulen 2017 des Main \u2013 Kinzig &#8211; Kreises statt. Der Schuldezernent des Main \u2013 Kinzig &#8211; Kreises, Matthias Zach, der B\u00fcrgermeister der Stadt Hanau, Axel Weiss &#8211; Thiel, der Dezernent des Staatlichen Schulamtes Herr Schle\u00dfmann und die Landeskoordinatorin Frau Bell w\u00fcrdigten das Engagement der Schulen und betonten die besondere Bedeutung der Initiative \u201eBildung f\u00fcr eine nachhaltige Entwicklung &#8211; BNE\u201c die durch die Gr\u00fcndung einer neuen Dachmarke \u201eNachhaltigkeit lernen\u201c, zuk\u00fcnftig einen gr\u00f6\u00dferen Stellenwert im Erziehungsauftrag der Schulen erh\u00e4lt.<\/p>\n<p><a href=\"https:\/\/grimmels.de\/wordpress\/wp-content\/uploads\/2017\/11\/HanauerAnzeiger20171127.pdf\" target=\"_blank\" rel=\"noopener noreferrer\"><img decoding=\"async\" class=\"alignleft wp-image-36462 size-thumbnail\" src=\"https:\/\/grimmels.de\/wordpress\/wp-content\/uploads\/2017\/11\/HanauerAnzeiger20171127-150x134.jpg\" alt=\"\" width=\"150\" height=\"134\" srcset=\"https:\/\/grimmels.de\/wordpress\/wp-content\/uploads\/2017\/11\/HanauerAnzeiger20171127-150x134.jpg 150w, https:\/\/grimmels.de\/wordpress\/wp-content\/uploads\/2017\/11\/HanauerAnzeiger20171127.jpg 170w\" sizes=\"(max-width: 150px) 100vw, 150px\" \/><\/a>Herr Kanthak und Frau Juchelka, die bei den Feierlichkeiten die Schule vertraten, freuten sich \u00fcber einen Gutschein f\u00fcr ein Kursangebot f\u00fcr unsere Sch\u00fclerinnen und Sch\u00fcler am Umweltzentrum in Hanau.&nbsp;<\/p>\n<p>Wir bedanken uns nochmals sehr herzlich bei Frau Dehne, Frau Gerlach und Herrn Niggemann f\u00fcr Ihr Engagement f\u00fcr die Zertifizierung als Umweltschule und Frau Juchelka f\u00fcr die engagierte Koordination.<\/p>\n<p>(Sigrid Juchelka)<\/p>\n","protected":false},"excerpt":{"rendered":"<p>Am Donnerstag, den 23.11.2017 fand in der Lindenauschule in Gro\u00dfauheim eine Feierstunde f\u00fcr die Umweltschulen 2017 des Main \u2013 Kinzig &#8211; Kreises statt. Der Schuldezernent des Main \u2013 Kinzig &#8211; Kreises, Matthias Zach, der B\u00fcrgermeister der Stadt Hanau, Axel Weiss &#8211; Thiel, der Dezernent des Staatlichen Schulamtes Herr Schle\u00dfmann und die Landeskoordinatorin Frau Bell w\u00fcrdigten [&hellip;]<\/p>\n","protected":false},"author":1,"featured_media":0,"comment_status":"closed","ping_status":"closed","sticky":false,"template":"","format":"standard","meta":{"advgb_blocks_editor_width":"","advgb_blocks_columns_visual_guide":"","ngg_post_thumbnail":0,"footnotes":""},"categories":[1,82],"tags":[],"class_list":["post-36293","post","type-post","status-publish","format-standard","hentry","category-aktuell","category-umweltschule"],"author_meta":{"display_name":"webmaster","author_link":"https:\/\/grimmels.de\/wordpress\/author\/webmaster\/"},"featured_img":null,"coauthors":[],"tax_additional":{"categories":{"linked":["<a href=\"https:\/\/grimmels.de\/wordpress\/category\/aktuell\/\" class=\"advgb-post-tax-term\">Aktuell<\/a>","<a href=\"https:\/\/grimmels.de\/wordpress\/category\/umweltschule\/\" class=\"advgb-post-tax-term\">Umweltschule<\/a>"],"unlinked":["<span class=\"advgb-post-tax-term\">Aktuell<\/span>","<span class=\"advgb-post-tax-term\">Umweltschule<\/span>"]}},"comment_count":"0","relative_dates":{"created":"Posted 8\u00a0Jahren ago","modified":"Updated 6\u00a0Jahren ago"},"absolute_dates":{"created":"Posted on 27. November 2017","modified":"Updated on 19. Januar 2020"},"absolute_dates_time":{"created":"Posted on 27. November 2017 14:41","modified":"Updated on 19. Januar 2020 18:14"},"featured_img_caption":"","series_order":"","_links":{"self":[{"href":"https:\/\/grimmels.de\/wordpress\/wp-json\/wp\/v2\/posts\/36293","targetHints":{"allow":["GET"]}}],"collection":[{"href":"https:\/\/grimmels.de\/wordpress\/wp-json\/wp\/v2\/posts"}],"about":[{"href":"https:\/\/grimmels.de\/wordpress\/wp-json\/wp\/v2\/types\/post"}],"author":[{"embeddable":true,"href":"https:\/\/grimmels.de\/wordpress\/wp-json\/wp\/v2\/users\/1"}],"replies":[{"embeddable":true,"href":"https:\/\/grimmels.de\/wordpress\/wp-json\/wp\/v2\/comments?post=36293"}],"version-history":[{"count":6,"href":"https:\/\/grimmels.de\/wordpress\/wp-json\/wp\/v2\/posts\/36293\/revisions"}],"predecessor-version":[{"id":44303,"href":"https:\/\/grimmels.de\/wordpress\/wp-json\/wp\/v2\/posts\/36293\/revisions\/44303"}],"wp:attachment":[{"href":"https:\/\/grimmels.de\/wordpress\/wp-json\/wp\/v2\/media?parent=36293"}],"wp:term":[{"taxonomy":"category","embeddable":true,"href":"https:\/\/grimmels.de\/wordpress\/wp-json\/wp\/v2\/categories?post=36293"},{"taxonomy":"post_tag","embeddable":true,"href":"https:\/\/grimmels.de\/wordpress\/wp-json\/wp\/v2\/tags?post=36293"}],"curies":[{"name":"wp","href":"https:\/\/api.w.org\/{rel}","templated":true}]}}