{"id":4163,"date":"2011-06-11T10:44:09","date_gmt":"2011-06-11T09:44:09","guid":{"rendered":"?p=4163"},"modified":"2018-05-24T15:03:18","modified_gmt":"2018-05-24T13:03:18","slug":"herzliche-einladung-zum-zweiten-literarischen-abend-im-kulturkeller","status":"publish","type":"post","link":"https:\/\/grimmels.de\/wordpress\/herzliche-einladung-zum-zweiten-literarischen-abend-im-kulturkeller\/","title":{"rendered":"Herzliche Einladung zum zweiten literarischen Abend im Kulturkeller:"},"content":{"rendered":"<p><strong><a href=\"https:\/\/grimmels.de\/wordpress\/wp-content\/uploads\/2011\/06\/Einladung_Abend.jpg\"><img decoding=\"async\" class=\"alignleft wp-image-4164 size-thumbnail\" title=\"Einladung_Abend\" src=\"https:\/\/grimmels.de\/wordpress\/wp-content\/uploads\/2011\/06\/Einladung_Abend-150x106.jpg\" alt=\"\" width=\"133\" height=\"95\"><\/a>Thema: <em>Slam Poetry \u2013 Performance \u2013 Lyrik im Gespr\u00e4ch <\/em><br \/>\n<\/strong><\/p>\n<p><strong>Zeit: <em>Mittwoch, 15.Juni, 19.30 Uhr<\/em><\/strong><\/p>\n<p><strong>Ort: <em>Kulturkeller des GGG <\/em><\/strong><\/p>\n<p>Die Poetry Slam Bewegung wurde eher zuf\u00e4llig am 20.Juli 1986 im \u201eGreen Mill Jazz Club\u201c in Chicago durch Marc Kelly Smith, einem ehemaligen Bauarbeiter, begr\u00fcndet: Smith lud eine Gruppe befreundeter K\u00fcnstler, Dichter, Poeten und Schauspieler ein, eigene Texte den Barbesuchern vorzutragen, wobei eine Publikumsreaktion erw\u00fcnscht und sogar ausdr\u00fccklich gefordert wurde.<!--more--> Eine zuf\u00e4llig aus dem Publikum bestimmte Jury sollte die Vortr\u00e4ge bewerten und am Ende einen Sieger ermitteln. Dieses Format erwies sich als \u00fcberaus erfolgreich und schon bald wurden Poetry Slams nicht nur in Chicago, sondern auch in anderen Gro\u00dfst\u00e4dten der USA (z.B. im \u201eNuyorican Cafe\u00b4\u201c in New York, in San Francisco und Seattle) abgehalten. Seit 1990 findet j\u00e4hrlich der \u201eNational Poetry Slam\u201c statt, mit Vertretern aus den unterschiedlichsten Kulturkreisen und Ethnien der Vereinigten Staaten. In den neunziger Jahren schwappte die Poetry Slam Welle dann auch auf Europa und Australien \u00fcber \u2013 und hat inzwischen sogar Gelnhausen erreicht: Die SV veranstaltete in diesem Schuljahr im Kulturkeller zwei erfolgreiche Slam Wettbewerbe mit Slammern aus dem Kreis unserer Sch\u00fcler.<\/p>\n<p>Aus diesem Grund soll das zweite literarische Gespr\u00e4ch im Kulturkeller unter der Leitung von Prof. Breinig dem Thema \u201ePoetry Slam\u201c gewidmet sein. Wir wollen den Hintergrund der Slam Bewegung in den USA beleuchten und seinen Stellenwert in der Tradition der \u201eSpoken Word Performance\u201c bestimmen. Nicht zuletzt sollen aber auch Slammer aus dem Kreis unserer Sch\u00fcler zu Wort kommen. Wir wollen die Frage kl\u00e4ren, wie Jugendliche dazu kommen, sich freiwillig, ohne den wohlgemeinten Druck von p\u00e4dagogischer Seite, mit Lyrik bzw. lyrischen Texten zu befassen.<\/p>\n<p>Die Veranstaltung richtet sich an alle Interessierten!<\/p>\n<p><strong><em>Der Eintritt ist frei. <\/em><\/strong><\/p>\n","protected":false},"excerpt":{"rendered":"<p>Thema: Slam Poetry \u2013 Performance \u2013 Lyrik im Gespr\u00e4ch Zeit: Mittwoch, 15.Juni, 19.30 Uhr Ort: Kulturkeller des GGG Die Poetry Slam Bewegung wurde eher zuf\u00e4llig am 20.Juli 1986 im \u201eGreen Mill Jazz Club\u201c in Chicago durch Marc Kelly Smith, einem ehemaligen Bauarbeiter, begr\u00fcndet: Smith lud eine Gruppe befreundeter K\u00fcnstler, Dichter, Poeten und Schauspieler ein, eigene [&hellip;]<\/p>\n","protected":false},"author":1,"featured_media":0,"comment_status":"closed","ping_status":"closed","sticky":false,"template":"","format":"standard","meta":{"advgb_blocks_editor_width":"","advgb_blocks_columns_visual_guide":"","ngg_post_thumbnail":0,"footnotes":""},"categories":[55,30,58],"tags":[],"class_list":["post-4163","post","type-post","status-publish","format-standard","hentry","category-schule","category-kulturkeller","category-veranstaltungen"],"author_meta":{"display_name":"webmaster","author_link":"https:\/\/grimmels.de\/wordpress\/author\/webmaster\/"},"featured_img":null,"coauthors":[],"tax_additional":{"categories":{"linked":["<a href=\"https:\/\/grimmels.de\/wordpress\/category\/schule\/\" class=\"advgb-post-tax-term\">Allgemein<\/a>","<a href=\"https:\/\/grimmels.de\/wordpress\/category\/kulturkeller\/\" class=\"advgb-post-tax-term\">Kulturkeller<\/a>","<a href=\"https:\/\/grimmels.de\/wordpress\/category\/veranstaltungen\/\" class=\"advgb-post-tax-term\">Veranstaltungen<\/a>"],"unlinked":["<span class=\"advgb-post-tax-term\">Allgemein<\/span>","<span class=\"advgb-post-tax-term\">Kulturkeller<\/span>","<span class=\"advgb-post-tax-term\">Veranstaltungen<\/span>"]}},"comment_count":"0","relative_dates":{"created":"Posted 15\u00a0Jahren ago","modified":"Updated 8\u00a0Jahren ago"},"absolute_dates":{"created":"Posted on 11. Juni 2011","modified":"Updated on 24. Mai 2018"},"absolute_dates_time":{"created":"Posted on 11. Juni 2011 10:44","modified":"Updated on 24. Mai 2018 15:03"},"featured_img_caption":"","series_order":"","_links":{"self":[{"href":"https:\/\/grimmels.de\/wordpress\/wp-json\/wp\/v2\/posts\/4163","targetHints":{"allow":["GET"]}}],"collection":[{"href":"https:\/\/grimmels.de\/wordpress\/wp-json\/wp\/v2\/posts"}],"about":[{"href":"https:\/\/grimmels.de\/wordpress\/wp-json\/wp\/v2\/types\/post"}],"author":[{"embeddable":true,"href":"https:\/\/grimmels.de\/wordpress\/wp-json\/wp\/v2\/users\/1"}],"replies":[{"embeddable":true,"href":"https:\/\/grimmels.de\/wordpress\/wp-json\/wp\/v2\/comments?post=4163"}],"version-history":[{"count":3,"href":"https:\/\/grimmels.de\/wordpress\/wp-json\/wp\/v2\/posts\/4163\/revisions"}],"predecessor-version":[{"id":37728,"href":"https:\/\/grimmels.de\/wordpress\/wp-json\/wp\/v2\/posts\/4163\/revisions\/37728"}],"wp:attachment":[{"href":"https:\/\/grimmels.de\/wordpress\/wp-json\/wp\/v2\/media?parent=4163"}],"wp:term":[{"taxonomy":"category","embeddable":true,"href":"https:\/\/grimmels.de\/wordpress\/wp-json\/wp\/v2\/categories?post=4163"},{"taxonomy":"post_tag","embeddable":true,"href":"https:\/\/grimmels.de\/wordpress\/wp-json\/wp\/v2\/tags?post=4163"}],"curies":[{"name":"wp","href":"https:\/\/api.w.org\/{rel}","templated":true}]}}