{"id":42787,"date":"2019-05-05T11:19:10","date_gmt":"2019-05-05T09:19:10","guid":{"rendered":"http:\/\/grimmels.de\/wordpress\/?p=42787"},"modified":"2019-10-30T07:57:48","modified_gmt":"2019-10-30T06:57:48","slug":"auf-den-spuren-der-europaeischen-wildkatze","status":"publish","type":"post","link":"https:\/\/grimmels.de\/wordpress\/auf-den-spuren-der-europaeischen-wildkatze\/","title":{"rendered":"Auf den Spuren der Europ\u00e4ischen Wildkatze"},"content":{"rendered":"\n<p><strong>\u201eUmweltmonitoring\u201c der Klassen 7 und\nQ2 am Grimmels <\/strong><\/p>\n\n\n\n<p><em>Am 03. und 05. April 2019 fanden zwei\nProjekttage zum Thema \u201eBiotop- und Artenschutz am Beispiel der <strong>Europ\u00e4ischen Wildkatze\u201c<\/strong> statt, zu deren\nUmsetzung Frau Susanne Schneider, Naturschutzmanagerin des BUND Hessen, zum\nwissenschaftlichen Austausch am Grimmels war. In ihrem Vortrag ging es zun\u00e4chst\num die Biologie der Wildkatze.<\/em> <\/p>\n\n\n\n<ul class=\"wp-block-gallery columns-3 is-cropped wp-block-gallery-1\"><li class=\"blocks-gallery-item\"><figure><a href=\"https:\/\/grimmels.de\/wordpress\/wp-content\/uploads\/2019\/05\/wildkatze05-1024x765.jpg\"><img fetchpriority=\"high\" decoding=\"async\" width=\"1024\" height=\"765\" src=\"https:\/\/grimmels.de\/wordpress\/wp-content\/uploads\/2019\/05\/wildkatze05-1024x765.jpg\" alt=\"\" data-id=\"42792\" data-link=\"https:\/\/grimmels.de\/wordpress\/auf-den-spuren-der-europaeischen-wildkatze\/wildkatze05\/\" class=\"wp-image-42792\" srcset=\"https:\/\/grimmels.de\/wordpress\/wp-content\/uploads\/2019\/05\/wildkatze05.jpg 1024w, https:\/\/grimmels.de\/wordpress\/wp-content\/uploads\/2019\/05\/wildkatze05-150x112.jpg 150w, https:\/\/grimmels.de\/wordpress\/wp-content\/uploads\/2019\/05\/wildkatze05-300x224.jpg 300w, https:\/\/grimmels.de\/wordpress\/wp-content\/uploads\/2019\/05\/wildkatze05-768x574.jpg 768w\" sizes=\"(max-width: 1024px) 100vw, 1024px\" \/><\/a><\/figure><\/li><li class=\"blocks-gallery-item\"><figure><a href=\"https:\/\/grimmels.de\/wordpress\/wp-content\/uploads\/2019\/05\/wildkatze01-1024x576.jpg\"><img decoding=\"async\" width=\"1024\" height=\"576\" src=\"https:\/\/grimmels.de\/wordpress\/wp-content\/uploads\/2019\/05\/wildkatze01-1024x576.jpg\" alt=\"\" data-id=\"42788\" data-link=\"https:\/\/grimmels.de\/wordpress\/auf-den-spuren-der-europaeischen-wildkatze\/wildkatze01\/\" class=\"wp-image-42788\" srcset=\"https:\/\/grimmels.de\/wordpress\/wp-content\/uploads\/2019\/05\/wildkatze01.jpg 1024w, https:\/\/grimmels.de\/wordpress\/wp-content\/uploads\/2019\/05\/wildkatze01-150x84.jpg 150w, https:\/\/grimmels.de\/wordpress\/wp-content\/uploads\/2019\/05\/wildkatze01-300x169.jpg 300w, https:\/\/grimmels.de\/wordpress\/wp-content\/uploads\/2019\/05\/wildkatze01-768x432.jpg 768w\" sizes=\"(max-width: 1024px) 100vw, 1024px\" \/><\/a><\/figure><\/li><li class=\"blocks-gallery-item\"><figure><a href=\"https:\/\/grimmels.de\/wordpress\/wp-content\/uploads\/2019\/05\/wildkatze02-1024x765.jpg\"><img decoding=\"async\" width=\"1024\" height=\"765\" src=\"https:\/\/grimmels.de\/wordpress\/wp-content\/uploads\/2019\/05\/wildkatze02-1024x765.jpg\" alt=\"\" data-id=\"42789\" data-link=\"https:\/\/grimmels.de\/wordpress\/auf-den-spuren-der-europaeischen-wildkatze\/wildkatze02\/\" class=\"wp-image-42789\" srcset=\"https:\/\/grimmels.de\/wordpress\/wp-content\/uploads\/2019\/05\/wildkatze02.jpg 1024w, https:\/\/grimmels.de\/wordpress\/wp-content\/uploads\/2019\/05\/wildkatze02-150x112.jpg 150w, https:\/\/grimmels.de\/wordpress\/wp-content\/uploads\/2019\/05\/wildkatze02-300x224.jpg 300w, https:\/\/grimmels.de\/wordpress\/wp-content\/uploads\/2019\/05\/wildkatze02-768x574.jpg 768w\" sizes=\"(max-width: 1024px) 100vw, 1024px\" \/><\/a><\/figure><\/li><li class=\"blocks-gallery-item\"><figure><a href=\"https:\/\/grimmels.de\/wordpress\/wp-content\/uploads\/2019\/05\/wildkatze03-765x1024.jpg\"><img loading=\"lazy\" decoding=\"async\" width=\"765\" height=\"1024\" src=\"https:\/\/grimmels.de\/wordpress\/wp-content\/uploads\/2019\/05\/wildkatze03-765x1024.jpg\" alt=\"\" data-id=\"42790\" data-link=\"https:\/\/grimmels.de\/wordpress\/auf-den-spuren-der-europaeischen-wildkatze\/wildkatze03\/\" class=\"wp-image-42790\" srcset=\"https:\/\/grimmels.de\/wordpress\/wp-content\/uploads\/2019\/05\/wildkatze03.jpg 765w, https:\/\/grimmels.de\/wordpress\/wp-content\/uploads\/2019\/05\/wildkatze03-112x150.jpg 112w, https:\/\/grimmels.de\/wordpress\/wp-content\/uploads\/2019\/05\/wildkatze03-224x300.jpg 224w\" sizes=\"(max-width: 765px) 100vw, 765px\" \/><\/a><\/figure><\/li><li class=\"blocks-gallery-item\"><figure><a href=\"https:\/\/grimmels.de\/wordpress\/wp-content\/uploads\/2019\/05\/wildkatze04-765x1024.jpg\"><img loading=\"lazy\" decoding=\"async\" width=\"765\" height=\"1024\" src=\"https:\/\/grimmels.de\/wordpress\/wp-content\/uploads\/2019\/05\/wildkatze04-765x1024.jpg\" alt=\"\" data-id=\"42791\" data-link=\"https:\/\/grimmels.de\/wordpress\/auf-den-spuren-der-europaeischen-wildkatze\/wildkatze04\/\" class=\"wp-image-42791\" srcset=\"https:\/\/grimmels.de\/wordpress\/wp-content\/uploads\/2019\/05\/wildkatze04.jpg 765w, https:\/\/grimmels.de\/wordpress\/wp-content\/uploads\/2019\/05\/wildkatze04-112x150.jpg 112w, https:\/\/grimmels.de\/wordpress\/wp-content\/uploads\/2019\/05\/wildkatze04-224x300.jpg 224w\" sizes=\"(max-width: 765px) 100vw, 765px\" \/><\/a><\/figure><\/li><li class=\"blocks-gallery-item\"><figure><a href=\"https:\/\/grimmels.de\/wordpress\/wp-content\/uploads\/2019\/05\/wildkatze06-765x1024.jpg\"><img loading=\"lazy\" decoding=\"async\" width=\"765\" height=\"1024\" src=\"https:\/\/grimmels.de\/wordpress\/wp-content\/uploads\/2019\/05\/wildkatze06-765x1024.jpg\" alt=\"\" data-id=\"42793\" data-link=\"https:\/\/grimmels.de\/wordpress\/auf-den-spuren-der-europaeischen-wildkatze\/wildkatze06\/\" class=\"wp-image-42793\" srcset=\"https:\/\/grimmels.de\/wordpress\/wp-content\/uploads\/2019\/05\/wildkatze06.jpg 765w, https:\/\/grimmels.de\/wordpress\/wp-content\/uploads\/2019\/05\/wildkatze06-112x150.jpg 112w, https:\/\/grimmels.de\/wordpress\/wp-content\/uploads\/2019\/05\/wildkatze06-224x300.jpg 224w\" sizes=\"(max-width: 765px) 100vw, 765px\" \/><\/a><\/figure><\/li><li class=\"blocks-gallery-item\"><figure><a href=\"https:\/\/grimmels.de\/wordpress\/wp-content\/uploads\/2019\/05\/wildkatze07-1024x765.jpg\"><img loading=\"lazy\" decoding=\"async\" width=\"1024\" height=\"765\" src=\"https:\/\/grimmels.de\/wordpress\/wp-content\/uploads\/2019\/05\/wildkatze07-1024x765.jpg\" alt=\"\" data-id=\"42794\" data-link=\"https:\/\/grimmels.de\/wordpress\/auf-den-spuren-der-europaeischen-wildkatze\/wildkatze07\/\" class=\"wp-image-42794\" srcset=\"https:\/\/grimmels.de\/wordpress\/wp-content\/uploads\/2019\/05\/wildkatze07.jpg 1024w, https:\/\/grimmels.de\/wordpress\/wp-content\/uploads\/2019\/05\/wildkatze07-150x112.jpg 150w, https:\/\/grimmels.de\/wordpress\/wp-content\/uploads\/2019\/05\/wildkatze07-300x224.jpg 300w, https:\/\/grimmels.de\/wordpress\/wp-content\/uploads\/2019\/05\/wildkatze07-768x574.jpg 768w\" sizes=\"(max-width: 1024px) 100vw, 1024px\" \/><\/a><\/figure><\/li><li class=\"blocks-gallery-item\"><figure><a href=\"https:\/\/grimmels.de\/wordpress\/wp-content\/uploads\/2019\/05\/wildkatze08-1024x683.jpg\"><img loading=\"lazy\" decoding=\"async\" width=\"1024\" height=\"683\" src=\"https:\/\/grimmels.de\/wordpress\/wp-content\/uploads\/2019\/05\/wildkatze08-1024x683.jpg\" alt=\"\" data-id=\"42795\" data-link=\"https:\/\/grimmels.de\/wordpress\/auf-den-spuren-der-europaeischen-wildkatze\/wildkatze08\/\" class=\"wp-image-42795\" srcset=\"https:\/\/grimmels.de\/wordpress\/wp-content\/uploads\/2019\/05\/wildkatze08.jpg 1024w, https:\/\/grimmels.de\/wordpress\/wp-content\/uploads\/2019\/05\/wildkatze08-150x100.jpg 150w, https:\/\/grimmels.de\/wordpress\/wp-content\/uploads\/2019\/05\/wildkatze08-300x200.jpg 300w, https:\/\/grimmels.de\/wordpress\/wp-content\/uploads\/2019\/05\/wildkatze08-768x512.jpg 768w\" sizes=\"(max-width: 1024px) 100vw, 1024px\" \/><\/a><\/figure><\/li><li class=\"blocks-gallery-item\"><figure><a href=\"https:\/\/grimmels.de\/wordpress\/wp-content\/uploads\/2019\/05\/wildkatze09-765x1024.jpg\"><img loading=\"lazy\" decoding=\"async\" width=\"765\" height=\"1024\" src=\"https:\/\/grimmels.de\/wordpress\/wp-content\/uploads\/2019\/05\/wildkatze09-765x1024.jpg\" alt=\"\" data-id=\"42796\" data-link=\"https:\/\/grimmels.de\/wordpress\/auf-den-spuren-der-europaeischen-wildkatze\/wildkatze09\/\" class=\"wp-image-42796\" srcset=\"https:\/\/grimmels.de\/wordpress\/wp-content\/uploads\/2019\/05\/wildkatze09.jpg 765w, https:\/\/grimmels.de\/wordpress\/wp-content\/uploads\/2019\/05\/wildkatze09-112x150.jpg 112w, https:\/\/grimmels.de\/wordpress\/wp-content\/uploads\/2019\/05\/wildkatze09-224x300.jpg 224w\" sizes=\"(max-width: 765px) 100vw, 765px\" \/><\/a><\/figure><\/li><li class=\"blocks-gallery-item\"><figure><a href=\"https:\/\/grimmels.de\/wordpress\/wp-content\/uploads\/2019\/05\/wildkatze10-1024x602.jpg\"><img loading=\"lazy\" decoding=\"async\" width=\"1024\" height=\"602\" src=\"https:\/\/grimmels.de\/wordpress\/wp-content\/uploads\/2019\/05\/wildkatze10-1024x602.jpg\" alt=\"\" data-id=\"42797\" data-link=\"https:\/\/grimmels.de\/wordpress\/auf-den-spuren-der-europaeischen-wildkatze\/wildkatze10\/\" class=\"wp-image-42797\" srcset=\"https:\/\/grimmels.de\/wordpress\/wp-content\/uploads\/2019\/05\/wildkatze10.jpg 1024w, https:\/\/grimmels.de\/wordpress\/wp-content\/uploads\/2019\/05\/wildkatze10-150x88.jpg 150w, https:\/\/grimmels.de\/wordpress\/wp-content\/uploads\/2019\/05\/wildkatze10-300x176.jpg 300w, https:\/\/grimmels.de\/wordpress\/wp-content\/uploads\/2019\/05\/wildkatze10-768x452.jpg 768w\" sizes=\"(max-width: 1024px) 100vw, 1024px\" \/><\/a><\/figure><\/li><li class=\"blocks-gallery-item\"><figure><a href=\"https:\/\/grimmels.de\/wordpress\/wp-content\/uploads\/2019\/05\/wildkatze11-768x1024.jpg\"><img loading=\"lazy\" decoding=\"async\" width=\"768\" height=\"1024\" src=\"https:\/\/grimmels.de\/wordpress\/wp-content\/uploads\/2019\/05\/wildkatze11-768x1024.jpg\" alt=\"\" data-id=\"42798\" data-link=\"https:\/\/grimmels.de\/wordpress\/auf-den-spuren-der-europaeischen-wildkatze\/wildkatze11\/\" class=\"wp-image-42798\" srcset=\"https:\/\/grimmels.de\/wordpress\/wp-content\/uploads\/2019\/05\/wildkatze11.jpg 768w, https:\/\/grimmels.de\/wordpress\/wp-content\/uploads\/2019\/05\/wildkatze11-113x150.jpg 113w, https:\/\/grimmels.de\/wordpress\/wp-content\/uploads\/2019\/05\/wildkatze11-225x300.jpg 225w\" sizes=\"(max-width: 768px) 100vw, 768px\" \/><\/a><\/figure><\/li><li class=\"blocks-gallery-item\"><figure><a href=\"https:\/\/grimmels.de\/wordpress\/wp-content\/uploads\/2019\/05\/wildkatze12-602x1024.jpg\"><img loading=\"lazy\" decoding=\"async\" width=\"602\" height=\"1024\" src=\"https:\/\/grimmels.de\/wordpress\/wp-content\/uploads\/2019\/05\/wildkatze12-602x1024.jpg\" alt=\"\" data-id=\"42799\" data-link=\"https:\/\/grimmels.de\/wordpress\/auf-den-spuren-der-europaeischen-wildkatze\/wildkatze12\/\" class=\"wp-image-42799 is-layout-flex wp-block-gallery-is-layout-flex\" srcset=\"https:\/\/grimmels.de\/wordpress\/wp-content\/uploads\/2019\/05\/wildkatze12.jpg 602w, https:\/\/grimmels.de\/wordpress\/wp-content\/uploads\/2019\/05\/wildkatze12-88x150.jpg 88w, https:\/\/grimmels.de\/wordpress\/wp-content\/uploads\/2019\/05\/wildkatze12-176x300.jpg 176w\" sizes=\"(max-width: 602px) 100vw, 602px\" \/><\/a><\/figure><\/li><\/ul>\n\n\n\n<p>So erfuhren die\nSch\u00fclerinnen und Sch\u00fcler mehr \u00fcber arttypische Verhaltensweisen, Abstammung,\nHabitatanspr\u00fcche, Vorkommen und Schutzstatus der Wildkatze. Dass die Wildkatze\nals \u201ebesonders gesch\u00fctzte Art\u201c auf der roten Liste erscheint, ist prim\u00e4r auf\nanthropogene Einfl\u00fcsse zur\u00fcckzuf\u00fchren. Noch zu Beginn des 20. Jahrhunderts wurde\nsie stark bejagt, was zur Ausrottung in vielen Teilen Deutschlands f\u00fchrte.\nHeute erschweren Stra\u00dfennetze, Ballungsr\u00e4ume, Bahntrassen und somit die sukzessive\nZerschneidung von Lebensr\u00e4umen den Artbestand. Im Expertengespr\u00e4ch ging es deshalb\nauch um das vor 15 Jahren vom BUND initiierte Schutzprogramm \u201eRettungsnetz\nWildkatze\u201c, das u.a. durch Etablierung von \u201eGr\u00fcnbr\u00fccken\u201c Populationen \u00fcber f\u00fcr\ndie Wildkatze eigentlich un\u00fcberwindbare (Acker-)Fl\u00e4chen verbindet. Dass das\nThema \u201eBiotop- und Artenschutz\u201c am Beispiel der Stellvertreterart Wildkatze\nzahlreiche Fragen der Sch\u00fclerinnen und Sch\u00fcler aufwirft, lie\u00df sich im lebhaft\ngestalteten Expertengespr\u00e4ch mit Frau Schneider best\u00e4tigen. <\/p>\n\n\n\n<p>Neben dieser\nzun\u00e4chst theoretischen Einbettung bestand die M\u00f6glichkeit, freiwillig an einem jahrgangs\u00fcbergreifenden\nPraxismodul teilzunehmen, bei dem interessierte Sch\u00fclerinnen und Sch\u00fcler \u00fcber 2\nMonate hinweg Waldareale analysieren, selbst Biodiversit\u00e4tsforschung betreiben\nund so einen m\u00f6glichst authentischen Bezug zum Projekt herstellen k\u00f6nnen. Ob\nund inwiefern sich die Wildkatze ihren Lebensraum in und um Gelnhausen\nzur\u00fcckerobert, wird hierbei mittels <em>Umweltmonitoring<\/em>\n\u00fcberpr\u00fcft. Die so heimliche und scheue Wildkatze kann mit Hilfe der sogenannten\n\u201eLockstock-Methode\u201c und Wildtierkameras nachgewiesen werden. Aufgabe der\nSch\u00fclerinnen und Sch\u00fcler wird es sein, im Gelnh\u00e4user Stadtwald bzw. im\nKasselgrund aufgestellte Lockst\u00f6cke ca. einmal w\u00f6chentlich mit Baldrian zu\npr\u00e4parieren (Wildkatzen reagieren auf diesen Duftstoff) und die Lockst\u00f6cke auf\nFellproben zu kontrollieren. Bei der Auswahl der vorgegebenen Waldareale\narbeitet die Fachschaft Biologie mit F\u00f6rstern und Naturschutzbeauftragten der\nRegion zusammen. <\/p>\n\n\n\n<p>Insgesamt haben\nsich \u00fcber 35 Sch\u00fclerinnen und Sch\u00fcler als \u201eLockstock-Paten\u201c angemeldet, denen\nan dieser Stelle ein ganz herzliches Dankesch\u00f6n f\u00fcr ihr herausragendes\nEngagement f\u00fcr den Biotop- und Artenschutz gilt. Dar\u00fcber hinaus dokumentieren\ndie Sch\u00fclerinnen und Sch\u00fcler -wie \u201eechte\u201c Wissenschaftler- ihre Proben und\nf\u00fchren zudem ein \u201eForschertagebuch\u201c, in dem sie besondere Beobachtungen\nfesthalten und sp\u00e4ter auswerten.&nbsp; Bei der\nEntnahme m\u00f6glicher Fellproben wird dabei ein hohes Ma\u00df an Pr\u00e4zision abverlangt,\num die Proben f\u00fcr die DNA-Analysen zu konservieren. <\/p>\n\n\n\n<p>Die\nanschlie\u00dfende genetische Analyse der Fellproben wird in Kooperation mit dem\nSenckenberg Institut Gelnhausen in der Arbeitsgruppe <em>Naturschutzgenetik<\/em> von Dr. Carsten Nowak durchgef\u00fchrt. Dieser im\nMINT-Bereich etablierte Praxisbaustein zielt damit auch auf die Heranf\u00fchrung an\nnaturwissenschaftliche Arbeitsweisen des Faches Biologie ab. Der Leistungskurs\nBiologie wird am ebenso zum wissenschaftlichen Austausch am Senckenberg\nInstitut sein und kann somit die Ergebnisse der Proben mitverfolgen. <\/p>\n\n\n\n<p>Dass die von den Sch\u00fclerinnen und Sch\u00fclern des Grimmels angewandte Methode des Umweltmonitorings auch im Regenwald in Costa Rica Verwendung findet, zeigt sich anhand des seit Januar 2019 bestehenden wissenschaftlichen Austauschs mit der Veragua Forschungsstation in Puerto Lim\u00f3n. Im Rahmen eines bilingualen Emailprojekts &#8211; die Klasse 7.2 ist eine reine Spanischklasse &#8211; haben bereits Interviews mit den Biologen vor Ort stattgefunden. Spanisch-Sch\u00fclerInnen des Biologie-Leistungskurses Q4.3 unterst\u00fctzen dabei die Sch\u00fclerInnen bei den fachsprachlichen \u00dcbersetzungen. Hinweis: Die hier ver\u00f6ffentlichten Bilder der Raubkatzen stammen nicht aus dem Gelnh\u00e4user Stadtwald. <\/p>\n\n\n\n<p>Ein Dankesch\u00f6n\ngilt den Kooperationspartnern, die u.a. mit Fachvortr\u00e4gen, Begleitung der\nPraxistage, Bereitstellung von Materialien usw. dieses Projektvorhaben unterst\u00fctzen:\nFrau Susanne Schneider (BUND Hessen), Herr Dr. Carsten Nowak (Senckenberginstitut\nGelnhausen), Herr J\u00fcrgen Koch (Stadt Gelnhausen), Herr Matthias Schilling (F\u00f6rster\nJossgrund), Herr Lukas Rippl (F\u00f6rster Gelnhausen). Ebenso gilt ein Dankesch\u00f6n\nden Fachlehrern der Biologie, die im Rahmen ihres Unterrichts und der\nProjektnachmittage die Sch\u00fclerinnen und Sch\u00fcler der Jahrgangsstufe 7 und Q2\nberaten und betreuen. <\/p>\n\n\n\n<p>Weitere Updates\nfolgen\u2026<\/p>\n\n\n\n<p><em>(F. W\u00f6ll) <\/em><\/p>\n","protected":false},"excerpt":{"rendered":"<p>\u201eUmweltmonitoring\u201c der Klassen 7 und Q2 am Grimmels Am 03. und 05. April 2019 fanden zwei Projekttage zum Thema \u201eBiotop- und Artenschutz am Beispiel der Europ\u00e4ischen Wildkatze\u201c statt, zu deren Umsetzung Frau Susanne Schneider, Naturschutzmanagerin des BUND Hessen, zum wissenschaftlichen Austausch am Grimmels war. In ihrem Vortrag ging es zun\u00e4chst um die Biologie der Wildkatze. [&hellip;]<\/p>\n","protected":false},"author":1,"featured_media":0,"comment_status":"closed","ping_status":"closed","sticky":false,"template":"","format":"standard","meta":{"advgb_blocks_editor_width":"","advgb_blocks_columns_visual_guide":"","ngg_post_thumbnail":0,"footnotes":""},"categories":[1,82],"tags":[],"class_list":["post-42787","post","type-post","status-publish","format-standard","hentry","category-aktuell","category-umweltschule"],"author_meta":{"display_name":"webmaster","author_link":"https:\/\/grimmels.de\/wordpress\/author\/webmaster\/"},"featured_img":null,"coauthors":[],"tax_additional":{"categories":{"linked":["<a href=\"https:\/\/grimmels.de\/wordpress\/category\/aktuell\/\" class=\"advgb-post-tax-term\">Aktuell<\/a>","<a href=\"https:\/\/grimmels.de\/wordpress\/category\/umweltschule\/\" class=\"advgb-post-tax-term\">Umweltschule<\/a>"],"unlinked":["<span class=\"advgb-post-tax-term\">Aktuell<\/span>","<span class=\"advgb-post-tax-term\">Umweltschule<\/span>"]}},"comment_count":"0","relative_dates":{"created":"Posted 7\u00a0Jahren ago","modified":"Updated 7\u00a0Jahren ago"},"absolute_dates":{"created":"Posted on 5. Mai 2019","modified":"Updated on 30. Oktober 2019"},"absolute_dates_time":{"created":"Posted on 5. Mai 2019 11:19","modified":"Updated on 30. Oktober 2019 7:57"},"featured_img_caption":"","series_order":"","_links":{"self":[{"href":"https:\/\/grimmels.de\/wordpress\/wp-json\/wp\/v2\/posts\/42787","targetHints":{"allow":["GET"]}}],"collection":[{"href":"https:\/\/grimmels.de\/wordpress\/wp-json\/wp\/v2\/posts"}],"about":[{"href":"https:\/\/grimmels.de\/wordpress\/wp-json\/wp\/v2\/types\/post"}],"author":[{"embeddable":true,"href":"https:\/\/grimmels.de\/wordpress\/wp-json\/wp\/v2\/users\/1"}],"replies":[{"embeddable":true,"href":"https:\/\/grimmels.de\/wordpress\/wp-json\/wp\/v2\/comments?post=42787"}],"version-history":[{"count":3,"href":"https:\/\/grimmels.de\/wordpress\/wp-json\/wp\/v2\/posts\/42787\/revisions"}],"predecessor-version":[{"id":42802,"href":"https:\/\/grimmels.de\/wordpress\/wp-json\/wp\/v2\/posts\/42787\/revisions\/42802"}],"wp:attachment":[{"href":"https:\/\/grimmels.de\/wordpress\/wp-json\/wp\/v2\/media?parent=42787"}],"wp:term":[{"taxonomy":"category","embeddable":true,"href":"https:\/\/grimmels.de\/wordpress\/wp-json\/wp\/v2\/categories?post=42787"},{"taxonomy":"post_tag","embeddable":true,"href":"https:\/\/grimmels.de\/wordpress\/wp-json\/wp\/v2\/tags?post=42787"}],"curies":[{"name":"wp","href":"https:\/\/api.w.org\/{rel}","templated":true}]}}