{"id":43359,"date":"2019-07-08T11:26:30","date_gmt":"2019-07-08T09:26:30","guid":{"rendered":"http:\/\/grimmels.de\/wordpress\/?p=43359"},"modified":"2019-07-08T11:27:22","modified_gmt":"2019-07-08T09:27:22","slug":"landeskunde-richtige-aussprache-von-vokabeln-und-grammatik","status":"publish","type":"post","link":"https:\/\/grimmels.de\/wordpress\/landeskunde-richtige-aussprache-von-vokabeln-und-grammatik\/","title":{"rendered":"Landeskunde, richtige Aussprache von Vokabeln und Grammatik"},"content":{"rendered":"<p><strong>Preise f\u00fcr Grimmels-Sch\u00fcler bei europaweitem Englischwettbewerb \u201eThe Big Challenge\u201c<\/strong><\/p>\n<figure id=\"attachment_43360\" aria-describedby=\"caption-attachment-43360\" style=\"width: 300px\" class=\"wp-caption alignleft\"><a href=\"https:\/\/grimmels.de\/wordpress\/wp-content\/uploads\/2019\/07\/bigchallenge19.jpg\"><img fetchpriority=\"high\" decoding=\"async\" class=\"wp-image-43360 size-medium\" src=\"https:\/\/grimmels.de\/wordpress\/wp-content\/uploads\/2019\/07\/bigchallenge19-300x200.jpg\" alt=\"\" width=\"300\" height=\"200\" srcset=\"https:\/\/grimmels.de\/wordpress\/wp-content\/uploads\/2019\/07\/bigchallenge19-300x200.jpg 300w, https:\/\/grimmels.de\/wordpress\/wp-content\/uploads\/2019\/07\/bigchallenge19-150x100.jpg 150w, https:\/\/grimmels.de\/wordpress\/wp-content\/uploads\/2019\/07\/bigchallenge19-768x512.jpg 768w, https:\/\/grimmels.de\/wordpress\/wp-content\/uploads\/2019\/07\/bigchallenge19.jpg 1024w\" sizes=\"(max-width: 300px) 100vw, 300px\" \/><\/a><figcaption id=\"caption-attachment-43360\" class=\"wp-caption-text\">Die Leiterin des Fachbereichs I, Sabine Hartmann (5. von links), Alexander Koch (3. von rechts) sowie die zahlreichen Teilnehmer an der \u201eBig Challenge\u201c.<\/figcaption><\/figure>\n<p><em>54 Fragen in 45 Minuten beantworten &#8211; da kommt so mancher ins Schwitzen, zumal wenn es um Landeskunde, richtige Aussprache von Vokabeln oder Grammatik geht.<\/em><\/p>\n<p>Dieser Herausforderung haben sich Anfang Mai 140 Grimmels gestellt und beim europaweitem Englischwettbewerb The Big Challenge mitgemacht. Dabei schnitten sie hervorragend ab. Ca. zwei Drittel jedes Jahrgangs (Teilnehmer mit zweiter Fremdsprache nahmen jeweils einen Jahrgang tiefer teil) erzielten Punktzahlen \u00fcber dem Deutschland-weiten Durchschnitt.<\/p>\n<p>F\u00fcr diese herausragenden Ergebnisse gab es am Donnerstag, den 26.06.2019, wieder viel zu verteilen, u.a. Bleistifte und Urkunden f\u00fcr alle Teilnehmer, Wandkalender und Lekt\u00fcren oder Medaillen f\u00fcr die Bestplatzierten.<\/p>\n<p>Besonders freuen konnten sich in Jahrgangsstufe 5 Sofia Jeromin Cajiao (1.Platz am Grimmels), Nathan Bonin und Sean Lunney (Pl\u00e4tze 2 und 3). In Klasse 6 setzte sich Panna Rebeka Weiler durch und erreichte den ersten Platz vor Paula Kircher und Simon Gr\u00fcnhagen. Fabienne Rampfel war \u00fcberrascht, den ersten Platz in Klasse 7 (bzw. im dritten Lernjahr Englisch) f\u00fcr sich behauptet zu haben, vor Lilly Anton und Leia Marinovic. In Klasse 8 freuten sich Katja Bischler (1.Platz), Kathleen M\u00fcller (2.) und Leonie Kramer (3.) \u00fcber die Preise, die sie von Alexander Koch verliehen bekamen. Dieser bedankte sich noch einmal ausdr\u00fccklich bei den Sch\u00fclerinnen und Sch\u00fcler der 9.Klasse (bzw. 10 mit 2.Fremdsprache Englisch) f\u00fcr deren Teilnahme, da sie letztmalig den Wettbewerb bestreiten konnten. Diese Chance nutzte Sabine Wink am erfolgreichsten. Karla Reuter und Lea Rasekhi folgten ihr auf den Pl\u00e4tzen 2 und 3.<\/p>\n<p>Das war aber noch nicht alles. Man kann bei der Teilnahme am Wettbewerb The Big Challenge n\u00e4mlich auch Sonderpreise gewinnen, so z.B. den Twenty Award f\u00fcr 20 richtig beantwortete Fragen (von 54) oder den Challenge Award f\u00fcr eine Verbesserung des eigenen Ergebnisses zum Vorjahr. Beide Preise werden durch Losentscheid an zentraler Stelle zugewiesen. Zum ersten Mal konnte Herr Koch beide Sonderpreise an Grimmels verleihen. In Klasse 9 erhielt Joana Stolz den Challenge Award und Panna Rebeka Weiler den Twenty Award.<\/p>\n<p>Es lohnt sich also, an dem Wettbewerb teilzunehmen. Herr Koch verabschiedete die Sch\u00fclerinnen und Sch\u00fcler entsprechend mit den Worten, dass er sich freuen w\u00fcrde, die diesj\u00e4hrigen Teilnehmer auch n\u00e4chstes Jahr wieder auszeichnen zu d\u00fcrfen.<\/p>\n","protected":false},"excerpt":{"rendered":"<p>Preise f\u00fcr Grimmels-Sch\u00fcler bei europaweitem Englischwettbewerb \u201eThe Big Challenge\u201c 54 Fragen in 45 Minuten beantworten &#8211; da kommt so mancher ins Schwitzen, zumal wenn es um Landeskunde, richtige Aussprache von Vokabeln oder Grammatik geht. Dieser Herausforderung haben sich Anfang Mai 140 Grimmels gestellt und beim europaweitem Englischwettbewerb The Big Challenge mitgemacht. Dabei schnitten sie hervorragend [&hellip;]<\/p>\n","protected":false},"author":1,"featured_media":0,"comment_status":"closed","ping_status":"closed","sticky":false,"template":"","format":"standard","meta":{"advgb_blocks_editor_width":"","advgb_blocks_columns_visual_guide":"","ngg_post_thumbnail":0,"footnotes":""},"categories":[78,75,83],"tags":[],"class_list":["post-43359","post","type-post","status-publish","format-standard","hentry","category-englisch","category-fachbereich-1","category-wettbewerbe"],"author_meta":{"display_name":"webmaster","author_link":"https:\/\/grimmels.de\/wordpress\/author\/webmaster\/"},"featured_img":null,"coauthors":[],"tax_additional":{"categories":{"linked":["<a href=\"https:\/\/grimmels.de\/wordpress\/category\/fachbereich-1\/englisch\/\" class=\"advgb-post-tax-term\">Englisch<\/a>","<a href=\"https:\/\/grimmels.de\/wordpress\/category\/fachbereich-1\/\" class=\"advgb-post-tax-term\">Fachbereich 1<\/a>","<a href=\"https:\/\/grimmels.de\/wordpress\/category\/wettbewerbe\/\" class=\"advgb-post-tax-term\">Wettbewerbe<\/a>"],"unlinked":["<span class=\"advgb-post-tax-term\">Englisch<\/span>","<span class=\"advgb-post-tax-term\">Fachbereich 1<\/span>","<span class=\"advgb-post-tax-term\">Wettbewerbe<\/span>"]}},"comment_count":"0","relative_dates":{"created":"Posted 7\u00a0Jahren ago","modified":"Updated 7\u00a0Jahren ago"},"absolute_dates":{"created":"Posted on 8. Juli 2019","modified":"Updated on 8. Juli 2019"},"absolute_dates_time":{"created":"Posted on 8. Juli 2019 11:26","modified":"Updated on 8. Juli 2019 11:27"},"featured_img_caption":"","series_order":"","_links":{"self":[{"href":"https:\/\/grimmels.de\/wordpress\/wp-json\/wp\/v2\/posts\/43359","targetHints":{"allow":["GET"]}}],"collection":[{"href":"https:\/\/grimmels.de\/wordpress\/wp-json\/wp\/v2\/posts"}],"about":[{"href":"https:\/\/grimmels.de\/wordpress\/wp-json\/wp\/v2\/types\/post"}],"author":[{"embeddable":true,"href":"https:\/\/grimmels.de\/wordpress\/wp-json\/wp\/v2\/users\/1"}],"replies":[{"embeddable":true,"href":"https:\/\/grimmels.de\/wordpress\/wp-json\/wp\/v2\/comments?post=43359"}],"version-history":[{"count":2,"href":"https:\/\/grimmels.de\/wordpress\/wp-json\/wp\/v2\/posts\/43359\/revisions"}],"predecessor-version":[{"id":43362,"href":"https:\/\/grimmels.de\/wordpress\/wp-json\/wp\/v2\/posts\/43359\/revisions\/43362"}],"wp:attachment":[{"href":"https:\/\/grimmels.de\/wordpress\/wp-json\/wp\/v2\/media?parent=43359"}],"wp:term":[{"taxonomy":"category","embeddable":true,"href":"https:\/\/grimmels.de\/wordpress\/wp-json\/wp\/v2\/categories?post=43359"},{"taxonomy":"post_tag","embeddable":true,"href":"https:\/\/grimmels.de\/wordpress\/wp-json\/wp\/v2\/tags?post=43359"}],"curies":[{"name":"wp","href":"https:\/\/api.w.org\/{rel}","templated":true}]}}