{"id":4339,"date":"2011-08-05T14:54:19","date_gmt":"2011-08-05T13:54:19","guid":{"rendered":"?p=4339"},"modified":"2018-05-24T16:14:40","modified_gmt":"2018-05-24T14:14:40","slug":"grimmels-aufgepasst-cafeteria-im-kulturkeller","status":"publish","type":"post","link":"https:\/\/grimmels.de\/wordpress\/grimmels-aufgepasst-cafeteria-im-kulturkeller\/","title":{"rendered":"Grimmels aufgepasst &#8211; Caf\u00e9teria im Kulturkeller"},"content":{"rendered":"<p>Das Kulturkellerteam sucht auch in diesem Schuljahr wieder flei\u00dfige Mitarbeiter im Theken- und K\u00fcchentam. Sch\u00fclerInnen und vor allem Eltern!<br \/>\nInfoblatt: <a href=\"https:\/\/grimmels.de\/wordpress\/wp-content\/uploads\/2011\/08\/Flyer-2011-12.pdf\">Flyer 2011-12<\/a><\/p>\n","protected":false},"excerpt":{"rendered":"<p>Das Kulturkellerteam sucht auch in diesem Schuljahr wieder flei\u00dfige Mitarbeiter im Theken- und K\u00fcchentam. Sch\u00fclerInnen und vor allem Eltern! Infoblatt: Flyer 2011-12<\/p>\n","protected":false},"author":1,"featured_media":0,"comment_status":"closed","ping_status":"closed","sticky":false,"template":"","format":"standard","meta":{"advgb_blocks_editor_width":"","advgb_blocks_columns_visual_guide":"","ngg_post_thumbnail":0,"footnotes":""},"categories":[55,30],"tags":[],"class_list":["post-4339","post","type-post","status-publish","format-standard","hentry","category-schule","category-kulturkeller"],"author_meta":{"display_name":"webmaster","author_link":"https:\/\/grimmels.de\/wordpress\/author\/webmaster\/"},"featured_img":null,"coauthors":[],"tax_additional":{"categories":{"linked":["<a href=\"https:\/\/grimmels.de\/wordpress\/category\/schule\/\" class=\"advgb-post-tax-term\">Allgemein<\/a>","<a href=\"https:\/\/grimmels.de\/wordpress\/category\/kulturkeller\/\" class=\"advgb-post-tax-term\">Kulturkeller<\/a>"],"unlinked":["<span class=\"advgb-post-tax-term\">Allgemein<\/span>","<span class=\"advgb-post-tax-term\">Kulturkeller<\/span>"]}},"comment_count":"0","relative_dates":{"created":"Posted 15\u00a0Jahren ago","modified":"Updated 8\u00a0Jahren ago"},"absolute_dates":{"created":"Posted on 5. August 2011","modified":"Updated on 24. Mai 2018"},"absolute_dates_time":{"created":"Posted on 5. August 2011 14:54","modified":"Updated on 24. Mai 2018 16:14"},"featured_img_caption":"","series_order":"","_links":{"self":[{"href":"https:\/\/grimmels.de\/wordpress\/wp-json\/wp\/v2\/posts\/4339","targetHints":{"allow":["GET"]}}],"collection":[{"href":"https:\/\/grimmels.de\/wordpress\/wp-json\/wp\/v2\/posts"}],"about":[{"href":"https:\/\/grimmels.de\/wordpress\/wp-json\/wp\/v2\/types\/post"}],"author":[{"embeddable":true,"href":"https:\/\/grimmels.de\/wordpress\/wp-json\/wp\/v2\/users\/1"}],"replies":[{"embeddable":true,"href":"https:\/\/grimmels.de\/wordpress\/wp-json\/wp\/v2\/comments?post=4339"}],"version-history":[{"count":1,"href":"https:\/\/grimmels.de\/wordpress\/wp-json\/wp\/v2\/posts\/4339\/revisions"}],"predecessor-version":[{"id":37794,"href":"https:\/\/grimmels.de\/wordpress\/wp-json\/wp\/v2\/posts\/4339\/revisions\/37794"}],"wp:attachment":[{"href":"https:\/\/grimmels.de\/wordpress\/wp-json\/wp\/v2\/media?parent=4339"}],"wp:term":[{"taxonomy":"category","embeddable":true,"href":"https:\/\/grimmels.de\/wordpress\/wp-json\/wp\/v2\/categories?post=4339"},{"taxonomy":"post_tag","embeddable":true,"href":"https:\/\/grimmels.de\/wordpress\/wp-json\/wp\/v2\/tags?post=4339"}],"curies":[{"name":"wp","href":"https:\/\/api.w.org\/{rel}","templated":true}]}}