{"id":4362,"date":"2011-08-08T16:14:00","date_gmt":"2011-08-08T15:14:00","guid":{"rendered":"?p=4362"},"modified":"2015-03-13T17:47:55","modified_gmt":"2015-03-13T16:47:55","slug":"195-neue-grimmels","status":"publish","type":"post","link":"https:\/\/grimmels.de\/wordpress\/195-neue-grimmels\/","title":{"rendered":"195 neue \u201eGrimmels\u201c"},"content":{"rendered":"<p>Im Rahmen einer Begr\u00fc\u00dfungsfeier in der Turnhalle des Grimmelshausen Gymnasiums wurden am ersten Schultag nach den Sommerferien 195 Jungen und M\u00e4dchen in die Jahrgangsstufe 5 des GGG aufgenommen.<\/p>\nngg_shortcode_0_placeholder\n<p>Schulleiter Friedrich Bell begr\u00fc\u00dfte die Kinder und ihre Eltern in der GGG-Turnhalle. F\u00fcr den Schulelternbeirat sprach Ina Tolzin-Kreutzer und informierte u.a. auch \u00fcber den \u201eKulturkeller\u201c des Grimmelshausen Gymnasiums. Jugenddiakon Hartmut Winkler und Daniel Stehling stellten die \u201eAnsprechbar\u201d vor, einen offenen Treff am GGG f\u00fcr Sch\u00fclerinnen und Sch\u00fcler aller Klassen. Martin Ludwig leitete die Veranstaltung als Koordinator der f\u00fcnften und sechsten Jahrgangsstufe.<!--more--><\/p>\n<p>Sch\u00fcler und Sch\u00fclerinnen der Jahrgangsstufe 6 lockerten mit lustigen Sketchen und sportlichen Einlagen das Programm auf.<\/p>\n<p>Nach der einst\u00fcndigen Begr\u00fc\u00dfungsfeier geleiteten die Klassenlehrerinnen und Klassenlehrer der neuen Klassen 5 die frischgebackenen kleinen \u201eGrimmels\u201c in ihre jeweiligen Unterrichtsr\u00e4ume.<\/p>\n<p>Am gleichen Vormittag wurden in der Aula des GGG auch die neuen Sch\u00fcler der Klasse 11 bzw. der Einf\u00fchrungsphase E im G8-System begr\u00fc\u00dft und von Studienleiterin Ruth Venus-Koch in die Organisation der gymnasialen Oberstufe eingef\u00fchrt.<\/p>\n<p>Zusammen mit den Neuzug\u00e4ngen bel\u00e4uft sich die Sch\u00fclerzahl am GGG in diesem Schuljahr auf insgesamt 1583, davon 980 in der Sekundarstufe 1 und 603 in der Sekundarstufe 2. Insgesamt 135 Lehrinnen und Lehrer unterrichten die knapp 1600 Sch\u00fclerinnen und Sch\u00fcler. Dar\u00fcber hinaus werden noch Arbeitsvertr\u00e4ge mit Kr\u00e4ften f\u00fcr die P\u00e4dagogische Mittagsbetreuung und im Rahmen der Aktion \u201eVerl\u00e4ssliche Schule\u201c abgeschlossen. Schulleiter Friedrich Bell wies in dem Zusammenhang darauf hin, dass die endg\u00fcltige Lehrerzuweisung seitens des Staatlichen Schulamtes erst in der zweiten Augusth\u00e4lfte erfolgen wird.<\/p>\n<p>F\u00fcr die Jahrgangsstufen 5-8 besteht am GGG das Angebot zur Teilnahme an der P\u00e4dagogischen Mittagsbetreuung f\u00fcr die Tage Montag bis Donnerstag; die Mittagsbetreuung beginnt in der zweiten Schulwoche.<\/p>\n<p>Speziell f\u00fcr die Eltern, Sch\u00fclerinnen und Sch\u00fcler sowie die Lehrerinnen und Lehrer der neuen Klassen 5 findet am Freitag, dem 19.August ab 17.00Uhr das traditionelle \u201eKennenlernfest\u201c statt.<\/p>\n","protected":false},"excerpt":{"rendered":"<p>Im Rahmen einer Begr\u00fc\u00dfungsfeier in der Turnhalle des Grimmelshausen Gymnasiums wurden am ersten Schultag nach den Sommerferien 195 Jungen und M\u00e4dchen in die Jahrgangsstufe 5 des GGG aufgenommen. Schulleiter Friedrich Bell begr\u00fc\u00dfte die Kinder und ihre Eltern in der GGG-Turnhalle. F\u00fcr den Schulelternbeirat sprach Ina Tolzin-Kreutzer und informierte u.a. auch \u00fcber den \u201eKulturkeller\u201c des Grimmelshausen [&hellip;]<\/p>\n","protected":false},"author":1,"featured_media":0,"comment_status":"closed","ping_status":"closed","sticky":false,"template":"","format":"standard","meta":{"advgb_blocks_editor_width":"","advgb_blocks_columns_visual_guide":"","ngg_post_thumbnail":0,"footnotes":""},"categories":[55],"tags":[],"class_list":["post-4362","post","type-post","status-publish","format-standard","hentry","category-schule"],"author_meta":{"display_name":"webmaster","author_link":"https:\/\/grimmels.de\/wordpress\/author\/webmaster\/"},"featured_img":null,"coauthors":[],"tax_additional":{"categories":{"linked":["<a href=\"https:\/\/grimmels.de\/wordpress\/category\/schule\/\" class=\"advgb-post-tax-term\">Allgemein<\/a>"],"unlinked":["<span class=\"advgb-post-tax-term\">Allgemein<\/span>"]}},"comment_count":"0","relative_dates":{"created":"Posted 15\u00a0Jahren ago","modified":"Updated 11\u00a0Jahren ago"},"absolute_dates":{"created":"Posted on 8. August 2011","modified":"Updated on 13. M\u00e4rz 2015"},"absolute_dates_time":{"created":"Posted on 8. August 2011 16:14","modified":"Updated on 13. M\u00e4rz 2015 17:47"},"featured_img_caption":"","series_order":"","_links":{"self":[{"href":"https:\/\/grimmels.de\/wordpress\/wp-json\/wp\/v2\/posts\/4362","targetHints":{"allow":["GET"]}}],"collection":[{"href":"https:\/\/grimmels.de\/wordpress\/wp-json\/wp\/v2\/posts"}],"about":[{"href":"https:\/\/grimmels.de\/wordpress\/wp-json\/wp\/v2\/types\/post"}],"author":[{"embeddable":true,"href":"https:\/\/grimmels.de\/wordpress\/wp-json\/wp\/v2\/users\/1"}],"replies":[{"embeddable":true,"href":"https:\/\/grimmels.de\/wordpress\/wp-json\/wp\/v2\/comments?post=4362"}],"version-history":[{"count":0,"href":"https:\/\/grimmels.de\/wordpress\/wp-json\/wp\/v2\/posts\/4362\/revisions"}],"wp:attachment":[{"href":"https:\/\/grimmels.de\/wordpress\/wp-json\/wp\/v2\/media?parent=4362"}],"wp:term":[{"taxonomy":"category","embeddable":true,"href":"https:\/\/grimmels.de\/wordpress\/wp-json\/wp\/v2\/categories?post=4362"},{"taxonomy":"post_tag","embeddable":true,"href":"https:\/\/grimmels.de\/wordpress\/wp-json\/wp\/v2\/tags?post=4362"}],"curies":[{"name":"wp","href":"https:\/\/api.w.org\/{rel}","templated":true}]}}