{"id":4426,"date":"2011-08-22T15:55:14","date_gmt":"2011-08-22T14:55:14","guid":{"rendered":"?p=4426"},"modified":"2015-03-13T17:45:55","modified_gmt":"2015-03-13T16:45:55","slug":"biergartenwetter-beim-kennenlernfest","status":"publish","type":"post","link":"https:\/\/grimmels.de\/wordpress\/biergartenwetter-beim-kennenlernfest\/","title":{"rendered":"Biergartenwetter beim Kennenlernfest"},"content":{"rendered":"<p>Auch in diesem Jahr erwies sich Petrus beim traditionellen Kennenlernfest am GGG f\u00fcr die neuen Sch\u00fcler und Eltern der f\u00fcnften Klassen wieder als wahrer Grimmel.<\/p>\nngg_shortcode_0_placeholder\n<p>Das Kennenlernfest fand am Freitag, dem 19. August statt; nach einem wechselhaften bis regnerischen Vormittag konnten sich die Veranstalter am Nachmittag bei strahlendem Sonnenschein und dann bei angenehmen Abendtemperaturen \u00fcber mangelndes Besucherinteresse nicht beklagen. Viele Sch\u00fcler, Eltern und Lehrer der f\u00fcnften Jahrgangsstufe nutzten die Gelegenheit, in lockerer und ungezwungener Biergartenatmosph\u00e4re erste informelle Kontakte zu kn\u00fcpfen.<!--more--><\/p>\n<p>Organisiert wird dieses Kennenlernfest traditionell vom Schulelternbeirat des Grimmelshausen Gymnasiums mit Unterst\u00fctzung speziell der Eltern der sechsten Jahrgangsstufe.<\/p>\n<p>F\u00fcr den Schulelternbeirat er\u00f6ffnete Martina Kalbfleisch gegen 17.00 Uhr vor der Aula des GGG die Veranstaltung; danach begr\u00fc\u00dften Schulleiter Friedrich Bell und der Koordinator f\u00fcr die Eingangsstufe Martin Ludwig die zahlreichen G\u00e4ste.<\/p>\n<p>Neben Essen und Trinken war von den Organisatoren f\u00fcr die gro\u00dfen und kleinen Besucher ein abwechslungsreiches Programm zusammengestellt worden. Karin Huthmacher f\u00fchrte durch den Schulgarten; Reiner Schinzel hatte in der Turnhalle einen \u201eAirtrack\u201d, also eine gro\u00dfe aufgeblasene Turnmatte aufgebaut, auf der sich die Kinder unter Aufsicht austoben konnten. Daneben standen auf dem Schulhof noch allerlei Spielger\u00e4te zur Verf\u00fcgung, mit denen sich die kleinen G\u00e4ste vergn\u00fcgten. Sogar Schulleiter Friedrich Bell wurde dort gegen 18.30Uhr einmal bei einer kurzen Fahrt auf einem Waveboard gesichtet.<\/p>\n","protected":false},"excerpt":{"rendered":"<p>Auch in diesem Jahr erwies sich Petrus beim traditionellen Kennenlernfest am GGG f\u00fcr die neuen Sch\u00fcler und Eltern der f\u00fcnften Klassen wieder als wahrer Grimmel. Das Kennenlernfest fand am Freitag, dem 19. August statt; nach einem wechselhaften bis regnerischen Vormittag konnten sich die Veranstalter am Nachmittag bei strahlendem Sonnenschein und dann bei angenehmen Abendtemperaturen \u00fcber [&hellip;]<\/p>\n","protected":false},"author":1,"featured_media":0,"comment_status":"closed","ping_status":"closed","sticky":false,"template":"","format":"standard","meta":{"advgb_blocks_editor_width":"","advgb_blocks_columns_visual_guide":"","ngg_post_thumbnail":0,"footnotes":""},"categories":[55],"tags":[],"class_list":["post-4426","post","type-post","status-publish","format-standard","hentry","category-schule"],"author_meta":{"display_name":"webmaster","author_link":"https:\/\/grimmels.de\/wordpress\/author\/webmaster\/"},"featured_img":null,"coauthors":[],"tax_additional":{"categories":{"linked":["<a href=\"https:\/\/grimmels.de\/wordpress\/category\/schule\/\" class=\"advgb-post-tax-term\">Allgemein<\/a>"],"unlinked":["<span class=\"advgb-post-tax-term\">Allgemein<\/span>"]}},"comment_count":"0","relative_dates":{"created":"Posted 15\u00a0Jahren ago","modified":"Updated 11\u00a0Jahren ago"},"absolute_dates":{"created":"Posted on 22. August 2011","modified":"Updated on 13. M\u00e4rz 2015"},"absolute_dates_time":{"created":"Posted on 22. August 2011 15:55","modified":"Updated on 13. M\u00e4rz 2015 17:45"},"featured_img_caption":"","series_order":"","_links":{"self":[{"href":"https:\/\/grimmels.de\/wordpress\/wp-json\/wp\/v2\/posts\/4426","targetHints":{"allow":["GET"]}}],"collection":[{"href":"https:\/\/grimmels.de\/wordpress\/wp-json\/wp\/v2\/posts"}],"about":[{"href":"https:\/\/grimmels.de\/wordpress\/wp-json\/wp\/v2\/types\/post"}],"author":[{"embeddable":true,"href":"https:\/\/grimmels.de\/wordpress\/wp-json\/wp\/v2\/users\/1"}],"replies":[{"embeddable":true,"href":"https:\/\/grimmels.de\/wordpress\/wp-json\/wp\/v2\/comments?post=4426"}],"version-history":[{"count":0,"href":"https:\/\/grimmels.de\/wordpress\/wp-json\/wp\/v2\/posts\/4426\/revisions"}],"wp:attachment":[{"href":"https:\/\/grimmels.de\/wordpress\/wp-json\/wp\/v2\/media?parent=4426"}],"wp:term":[{"taxonomy":"category","embeddable":true,"href":"https:\/\/grimmels.de\/wordpress\/wp-json\/wp\/v2\/categories?post=4426"},{"taxonomy":"post_tag","embeddable":true,"href":"https:\/\/grimmels.de\/wordpress\/wp-json\/wp\/v2\/tags?post=4426"}],"curies":[{"name":"wp","href":"https:\/\/api.w.org\/{rel}","templated":true}]}}