{"id":44987,"date":"2020-06-23T09:56:39","date_gmt":"2020-06-23T07:56:39","guid":{"rendered":"http:\/\/grimmels.de\/wordpress\/?p=44987"},"modified":"2020-06-23T09:56:39","modified_gmt":"2020-06-23T07:56:39","slug":"leser-gesucht","status":"publish","type":"post","link":"https:\/\/grimmels.de\/wordpress\/leser-gesucht\/","title":{"rendered":"Leser gesucht!"},"content":{"rendered":"<p><img fetchpriority=\"high\" decoding=\"async\" class=\"alignleft size-full wp-image-44988\" src=\"https:\/\/grimmels.de\/wordpress\/wp-content\/uploads\/2020\/06\/litpreis.jpg\" alt=\"\" width=\"900\" height=\"281\" srcset=\"https:\/\/grimmels.de\/wordpress\/wp-content\/uploads\/2020\/06\/litpreis.jpg 900w, https:\/\/grimmels.de\/wordpress\/wp-content\/uploads\/2020\/06\/litpreis-300x94.jpg 300w, https:\/\/grimmels.de\/wordpress\/wp-content\/uploads\/2020\/06\/litpreis-150x47.jpg 150w, https:\/\/grimmels.de\/wordpress\/wp-content\/uploads\/2020\/06\/litpreis-768x240.jpg 768w\" sizes=\"(max-width: 900px) 100vw, 900px\" \/>&nbsp;<\/p>\n<p><strong>Preisverd\u00e4chtig<\/strong><\/p>\n<p>zum 2. Mal <strong>Preview des Jugendliteraturpreises am Grimmels<\/strong><\/p>\n<p>&nbsp;<\/p>\n<p>Veranstaltung im Herbst 2020 (im Kulturkeller oder virtuell)<\/p>\n<p>ab sofort: <strong>Leser*innen gesucht<\/strong> (Sch\u00fcler, Lehrer, Eltern)<\/p>\n<p>(Anmeldung bei christine.bischoff@grimmels.de)<\/p>\n<p>Auch in diesem Jahr stehen in den Rubriken \u201eJugendbuch\u201c und \u201ePreis der Jugendjury\u201c ganz spannende, lesenswerte und aktuelle B\u00fccher auf der Nominierungsliste des Jugendliteraturpreises 2020. Einige Tage, bevor im Rahmen der Frankfurter Buchmesse im Oktober die Sieger bekannt gegeben werden, wollen wir am Grimmels (Sch\u00fcler*innen, Leheri*nnen, aber auch Eltern) \u00fcberlegen, welches der B\u00fccher wir pr\u00e4mieren w\u00fcrden. Da im Moment noch nicht klar ist, welche Form<\/p>\n<p>2018 haben wir die Veranstaltung bereits sehr erfolgreich durchgef\u00fchrt. Das Buch, das uns damals besonders ber\u00fchrt hatte \u2013 \u201eThe hate you give\u201c von Angie Thomas \u2013 ist heute angesichts der Eskalation rassistischer Polizeigewalt in den USA und den weltweiten Protesten gegen Rassismus gewisserma\u00dfen das Buch der Stunde. Absolut lesenswert und auch die Verfilmung von George Tillmann sehr gelungen.<\/p>\n<figure id=\"attachment_44989\" aria-describedby=\"caption-attachment-44989\" style=\"width: 193px\" class=\"wp-caption alignleft\"><a href=\"https:\/\/grimmels.de\/wordpress\/wp-content\/uploads\/2020\/06\/ferienlektuere.jpg\"><img decoding=\"async\" class=\"wp-image-44989 size-medium\" src=\"https:\/\/grimmels.de\/wordpress\/wp-content\/uploads\/2020\/06\/ferienlektuere-193x300.jpg\" alt=\"\" width=\"193\" height=\"300\" srcset=\"https:\/\/grimmels.de\/wordpress\/wp-content\/uploads\/2020\/06\/ferienlektuere-193x300.jpg 193w, https:\/\/grimmels.de\/wordpress\/wp-content\/uploads\/2020\/06\/ferienlektuere-96x150.jpg 96w, https:\/\/grimmels.de\/wordpress\/wp-content\/uploads\/2020\/06\/ferienlektuere.jpg 494w\" sizes=\"(max-width: 193px) 100vw, 193px\" \/><\/a><figcaption id=\"caption-attachment-44989\" class=\"wp-caption-text\">https:\/\/www.jugendliteratur.org\/nominierungen-2020\/c-103<\/figcaption><\/figure>\n<p>2020 stehen nun wieder je 6 B\u00fccher auf den Nominierungslisten.<\/p>\n<p>Susan Kreller \u201eElektrische Fische\u201c, Dita Zipfel \u201eWie der Wahnsinn mir die Welt erkl\u00e4rte\u201c, Antje Herden \u201eKeine halben Sachen\u201c, Jason Raynolds \u201eLong way down\u201c, Dasha Slater \u201eBus 57\u201c, Stefanie de Velasco \u201eKein Teil der Welt\u201c, Christelle Dabos \u201eDie Spiegelreisenden. Die Verlobten des Winters\u201c, Steve Tasane \u201eDer Junge ohne Namen\u201c, Dirk Reinhardt \u201e\u00dcber die Berge und \u00fcber das Meer\u201c, Sarah Crossan \u201eWer ist Edward Moon?\u201c, Neal und Jarron Shustermann \u201eDry\u201c.<\/p>\n<p>Zun\u00e4chst suchen wir nun Leser*innen, die sich f\u00fcr eines oder mehrere dieser B\u00fccher begeistern lassen. Im Herbst findet dann eine Veranstaltung statt, bei der die B\u00fccher vorgestellt und Textstellen vorgelesen werden k\u00f6nnen. Die Zuh\u00f6rer stimmen am Ende dar\u00fcber ab, welches der B\u00fccher besonders preisverd\u00e4chtig ist.<\/p>\n<p>\u00dcber eine rege Teilnahme freuen wir uns sehr!<\/p>\n<p><strong>Die Fachschaft Deutsch<\/strong> (Koordination der Veranstaltung: Christine Bischoff)<\/p>\n<p>&nbsp;<\/p>\n<p><strong>Zur Planung ist es wichtig, das Interesse zur Teilnahme m\u00f6glichst schnell mitzuteilen. <\/strong><\/p>\n<p><strong>(Anmeldung bei christine bischoff@grimmels.de)<\/strong><\/p>\n<p>&nbsp;<\/p>\n","protected":false},"excerpt":{"rendered":"<p>&nbsp; Preisverd\u00e4chtig zum 2. Mal Preview des Jugendliteraturpreises am Grimmels &nbsp; Veranstaltung im Herbst 2020 (im Kulturkeller oder virtuell) ab sofort: Leser*innen gesucht (Sch\u00fcler, Lehrer, Eltern) (Anmeldung bei christine.bischoff@grimmels.de) Auch in diesem Jahr stehen in den Rubriken \u201eJugendbuch\u201c und \u201ePreis der Jugendjury\u201c ganz spannende, lesenswerte und aktuelle B\u00fccher auf der Nominierungsliste des Jugendliteraturpreises 2020. Einige [&hellip;]<\/p>\n","protected":false},"author":1,"featured_media":0,"comment_status":"closed","ping_status":"closed","sticky":false,"template":"","format":"standard","meta":{"advgb_blocks_editor_width":"","advgb_blocks_columns_visual_guide":"","ngg_post_thumbnail":0,"footnotes":""},"categories":[81,75],"tags":[],"class_list":["post-44987","post","type-post","status-publish","format-standard","hentry","category-deutsch","category-fachbereich-1"],"author_meta":{"display_name":"webmaster","author_link":"https:\/\/grimmels.de\/wordpress\/author\/webmaster\/"},"featured_img":null,"coauthors":[],"tax_additional":{"categories":{"linked":["<a href=\"https:\/\/grimmels.de\/wordpress\/category\/fachbereich-1\/deutsch\/\" class=\"advgb-post-tax-term\">Deutsch<\/a>","<a href=\"https:\/\/grimmels.de\/wordpress\/category\/fachbereich-1\/\" class=\"advgb-post-tax-term\">Fachbereich 1<\/a>"],"unlinked":["<span class=\"advgb-post-tax-term\">Deutsch<\/span>","<span class=\"advgb-post-tax-term\">Fachbereich 1<\/span>"]}},"comment_count":"0","relative_dates":{"created":"Posted 6\u00a0Jahren ago","modified":"Updated 6\u00a0Jahren ago"},"absolute_dates":{"created":"Posted on 23. Juni 2020","modified":"Updated on 23. Juni 2020"},"absolute_dates_time":{"created":"Posted on 23. Juni 2020 9:56","modified":"Updated on 23. Juni 2020 9:56"},"featured_img_caption":"","series_order":"","_links":{"self":[{"href":"https:\/\/grimmels.de\/wordpress\/wp-json\/wp\/v2\/posts\/44987","targetHints":{"allow":["GET"]}}],"collection":[{"href":"https:\/\/grimmels.de\/wordpress\/wp-json\/wp\/v2\/posts"}],"about":[{"href":"https:\/\/grimmels.de\/wordpress\/wp-json\/wp\/v2\/types\/post"}],"author":[{"embeddable":true,"href":"https:\/\/grimmels.de\/wordpress\/wp-json\/wp\/v2\/users\/1"}],"replies":[{"embeddable":true,"href":"https:\/\/grimmels.de\/wordpress\/wp-json\/wp\/v2\/comments?post=44987"}],"version-history":[{"count":1,"href":"https:\/\/grimmels.de\/wordpress\/wp-json\/wp\/v2\/posts\/44987\/revisions"}],"predecessor-version":[{"id":44990,"href":"https:\/\/grimmels.de\/wordpress\/wp-json\/wp\/v2\/posts\/44987\/revisions\/44990"}],"wp:attachment":[{"href":"https:\/\/grimmels.de\/wordpress\/wp-json\/wp\/v2\/media?parent=44987"}],"wp:term":[{"taxonomy":"category","embeddable":true,"href":"https:\/\/grimmels.de\/wordpress\/wp-json\/wp\/v2\/categories?post=44987"},{"taxonomy":"post_tag","embeddable":true,"href":"https:\/\/grimmels.de\/wordpress\/wp-json\/wp\/v2\/tags?post=44987"}],"curies":[{"name":"wp","href":"https:\/\/api.w.org\/{rel}","templated":true}]}}