{"id":45038,"date":"2020-07-04T10:24:46","date_gmt":"2020-07-04T08:24:46","guid":{"rendered":"http:\/\/grimmels.de\/wordpress\/?p=45038"},"modified":"2020-07-04T10:24:46","modified_gmt":"2020-07-04T08:24:46","slug":"spatenuebergabe-im-schulgarten","status":"publish","type":"post","link":"https:\/\/grimmels.de\/wordpress\/spatenuebergabe-im-schulgarten\/","title":{"rendered":"Spaten\u00fcbergabe im Schulgarten"},"content":{"rendered":"<p><strong>Schulgemeinde des Grimmels bedankt sich bei Frau Harms f\u00fcr die Leitung der Schulgarten-AG<\/strong><\/p>\n<p><a href=\"https:\/\/grimmels.de\/wordpress\/wp-content\/uploads\/2020\/07\/harmsgarten-rotated.jpg\"><img fetchpriority=\"high\" decoding=\"async\" class=\"alignleft size-medium wp-image-45039\" src=\"https:\/\/grimmels.de\/wordpress\/wp-content\/uploads\/2020\/07\/harmsgarten-300x225.jpg\" alt=\"\" width=\"300\" height=\"225\" srcset=\"https:\/\/grimmels.de\/wordpress\/wp-content\/uploads\/2020\/07\/harmsgarten-300x225.jpg 300w, https:\/\/grimmels.de\/wordpress\/wp-content\/uploads\/2020\/07\/harmsgarten-150x113.jpg 150w, https:\/\/grimmels.de\/wordpress\/wp-content\/uploads\/2020\/07\/harmsgarten-768x576.jpg 768w, https:\/\/grimmels.de\/wordpress\/wp-content\/uploads\/2020\/07\/harmsgarten-rotated.jpg 1024w\" sizes=\"(max-width: 300px) 100vw, 300px\" \/><\/a>Der Schulgarten des Grimmelshausen-Gymnasiums ist ein naturnaher Lern- und Erlebnisraum, der von der Schulgarten- sowie Imkerei-AG aktiv gestaltet und bewirtschaftet wird. F\u00fcr die Schulgemeinde entsteht damit ein \u201egr\u00fcnes\u201c Klassenzimmer, das Ankn\u00fcpfungsm\u00f6glichkeiten f\u00fcr verschiedenste Projekte bietet.<\/p>\n<p>Frau Harms hat die Schulgarten-AG seit 2018 geleitet und den Teilnehmerinnen und Teilnehmern Naturph\u00e4nomene in direkter Begegnung erfahrbar gemacht. Auch die Schulgemeinde profitierte von Frau Harms Einsatz, indem beispielsweise nach der Apfelernte die Fr\u00fcchte im Caf\u00e9haus des GGG angeboten wurden.<\/p>\n<p>Am 10.06.20 wurde Frau Harms ans Grimmels eingeladen, um ihr f\u00fcr die besonderen Aktivit\u00e4ten rund um den Schulgarten zu danken. Dabei \u00fcberreichten Frau W\u00f6ll, MINT-Koordinatorin, sowie Herr Malz, FB-Leiter II, ein kleines Pr\u00e4sent. Ebenso ergab sich die M\u00f6glichkeit zum \u00dcbergabegespr\u00e4ch, denn Herr Malz wird die Nachfolge von Frau Harms antreten.<\/p>\n<p>Der Schulgarten ist ein wichtiger Baustein im Gesamtkonzept einer \u201eUmweltschule\u201c sowie \u201eMINT-freundlichen Schule\u201c. Erst 2019 wurden beide Zertifikate erneut verliehen. Zuk\u00fcnftige Projekte sind bereits in Planung: Je nach M\u00f6glichkeit soll im Fr\u00fchjahr 2021 ein Apfelbl\u00fctenfest als Kooperationsveranstaltung der F\u00e4cher Musik (Frau Heinrich) und DS (Frau Heinrich) sowie dem Caf\u00e9haus (Frau Str\u00f6m), der Imkerei AG (Herr Lenz) und dem Fach Biologie (Frau W\u00f6ll) stattfinden, zu dem Frau Harms bereits jetzt herzlich eingeladen ist.<\/p>\n<p>Franziska W\u00f6ll<\/p>\n","protected":false},"excerpt":{"rendered":"<p>Schulgemeinde des Grimmels bedankt sich bei Frau Harms f\u00fcr die Leitung der Schulgarten-AG Der Schulgarten des Grimmelshausen-Gymnasiums ist ein naturnaher Lern- und Erlebnisraum, der von der Schulgarten- sowie Imkerei-AG aktiv gestaltet und bewirtschaftet wird. F\u00fcr die Schulgemeinde entsteht damit ein \u201egr\u00fcnes\u201c Klassenzimmer, das Ankn\u00fcpfungsm\u00f6glichkeiten f\u00fcr verschiedenste Projekte bietet. Frau Harms hat die Schulgarten-AG seit 2018 [&hellip;]<\/p>\n","protected":false},"author":1,"featured_media":0,"comment_status":"closed","ping_status":"closed","sticky":false,"template":"","format":"standard","meta":{"advgb_blocks_editor_width":"","advgb_blocks_columns_visual_guide":"","ngg_post_thumbnail":0,"footnotes":""},"categories":[82],"tags":[],"class_list":["post-45038","post","type-post","status-publish","format-standard","hentry","category-umweltschule"],"author_meta":{"display_name":"webmaster","author_link":"https:\/\/grimmels.de\/wordpress\/author\/webmaster\/"},"featured_img":null,"coauthors":[],"tax_additional":{"categories":{"linked":["<a href=\"https:\/\/grimmels.de\/wordpress\/category\/umweltschule\/\" class=\"advgb-post-tax-term\">Umweltschule<\/a>"],"unlinked":["<span class=\"advgb-post-tax-term\">Umweltschule<\/span>"]}},"comment_count":"0","relative_dates":{"created":"Posted 6\u00a0Jahren ago","modified":"Updated 6\u00a0Jahren ago"},"absolute_dates":{"created":"Posted on 4. Juli 2020","modified":"Updated on 4. Juli 2020"},"absolute_dates_time":{"created":"Posted on 4. Juli 2020 10:24","modified":"Updated on 4. Juli 2020 10:24"},"featured_img_caption":"","series_order":"","_links":{"self":[{"href":"https:\/\/grimmels.de\/wordpress\/wp-json\/wp\/v2\/posts\/45038","targetHints":{"allow":["GET"]}}],"collection":[{"href":"https:\/\/grimmels.de\/wordpress\/wp-json\/wp\/v2\/posts"}],"about":[{"href":"https:\/\/grimmels.de\/wordpress\/wp-json\/wp\/v2\/types\/post"}],"author":[{"embeddable":true,"href":"https:\/\/grimmels.de\/wordpress\/wp-json\/wp\/v2\/users\/1"}],"replies":[{"embeddable":true,"href":"https:\/\/grimmels.de\/wordpress\/wp-json\/wp\/v2\/comments?post=45038"}],"version-history":[{"count":1,"href":"https:\/\/grimmels.de\/wordpress\/wp-json\/wp\/v2\/posts\/45038\/revisions"}],"predecessor-version":[{"id":45040,"href":"https:\/\/grimmels.de\/wordpress\/wp-json\/wp\/v2\/posts\/45038\/revisions\/45040"}],"wp:attachment":[{"href":"https:\/\/grimmels.de\/wordpress\/wp-json\/wp\/v2\/media?parent=45038"}],"wp:term":[{"taxonomy":"category","embeddable":true,"href":"https:\/\/grimmels.de\/wordpress\/wp-json\/wp\/v2\/categories?post=45038"},{"taxonomy":"post_tag","embeddable":true,"href":"https:\/\/grimmels.de\/wordpress\/wp-json\/wp\/v2\/tags?post=45038"}],"curies":[{"name":"wp","href":"https:\/\/api.w.org\/{rel}","templated":true}]}}