{"id":4884,"date":"2011-12-14T16:24:48","date_gmt":"2011-12-14T15:24:48","guid":{"rendered":"?p=4884"},"modified":"2011-12-14T16:24:48","modified_gmt":"2011-12-14T15:24:48","slug":"heisz-und-schwarz","status":"publish","type":"post","link":"https:\/\/grimmels.de\/wordpress\/heisz-und-schwarz\/","title":{"rendered":"Hei\u00df und schwarz"},"content":{"rendered":"<p><strong><em><a href=\"https:\/\/grimmels.de\/wordpress\/wp-content\/uploads\/2011\/12\/kaffee.jpg\"><img decoding=\"async\" class=\"alignleft size-thumbnail wp-image-4885\" title=\"kaffee\" src=\"https:\/\/grimmels.de\/wordpress\/wp-content\/uploads\/2011\/12\/kaffee-150x112.jpg\" alt=\"\" width=\"150\" height=\"112\" \/><\/a>Kaffeeschulung im GGG-Kulturkeller <\/em><\/strong><\/p>\n<p>Wie bereits in den vergangenen Jahren besuchte k\u00fcrzlich Thomas Schulz das \u201eKulturkeller\u201c-Team des Grimmelshausen Gymnasiums. Thomas Schulz beliefert den \u201eKulturkeller\u201c mit Kaffee aus seiner Kaffeer\u00f6sterei, und berichtete bei der Schulung des KK-Teams aus der Welt des Kaffees. <!--more--><\/p>\n<p>Die Geschichte des Kaffees wurde kurz gestreift, dann ging es auch schon zu Sorten und Qualit\u00e4ten und \u00fcber die verschiedenen M\u00f6glichkeiten des R\u00f6stens zu den vielen M\u00f6glichkeiten des Zubereitens. Qualit\u00e4tskriterien und Besonderheiten kamen zur Sprache; ein besonderer Akzent lag auf der Zubereitung des Kaffees und auf dem Umgang mit der professionellen Kaffeemaschine. Hier folgten Demonstrationen an der Maschine und praktische \u00dcbungen.<\/p>\n<p>Fast drei\u00dfig Sch\u00fcler, Eltern und Lehrer verfolgten gespannt die Ausf\u00fchrungen und hatten viel Spa\u00df dabei.<\/p>\n","protected":false},"excerpt":{"rendered":"<p>Kaffeeschulung im GGG-Kulturkeller Wie bereits in den vergangenen Jahren besuchte k\u00fcrzlich Thomas Schulz das \u201eKulturkeller\u201c-Team des Grimmelshausen Gymnasiums. Thomas Schulz beliefert den \u201eKulturkeller\u201c mit Kaffee aus seiner Kaffeer\u00f6sterei, und berichtete bei der Schulung des KK-Teams aus der Welt des Kaffees.<\/p>\n","protected":false},"author":1,"featured_media":0,"comment_status":"closed","ping_status":"closed","sticky":false,"template":"","format":"standard","meta":{"advgb_blocks_editor_width":"","advgb_blocks_columns_visual_guide":"","ngg_post_thumbnail":0,"footnotes":""},"categories":[55,30,58],"tags":[],"class_list":["post-4884","post","type-post","status-publish","format-standard","hentry","category-schule","category-kulturkeller","category-veranstaltungen"],"author_meta":{"display_name":"webmaster","author_link":"https:\/\/grimmels.de\/wordpress\/author\/webmaster\/"},"featured_img":null,"coauthors":[],"tax_additional":{"categories":{"linked":["<a href=\"https:\/\/grimmels.de\/wordpress\/category\/schule\/\" class=\"advgb-post-tax-term\">Allgemein<\/a>","<a href=\"https:\/\/grimmels.de\/wordpress\/category\/kulturkeller\/\" class=\"advgb-post-tax-term\">Kulturkeller<\/a>","<a href=\"https:\/\/grimmels.de\/wordpress\/category\/veranstaltungen\/\" class=\"advgb-post-tax-term\">Veranstaltungen<\/a>"],"unlinked":["<span class=\"advgb-post-tax-term\">Allgemein<\/span>","<span class=\"advgb-post-tax-term\">Kulturkeller<\/span>","<span class=\"advgb-post-tax-term\">Veranstaltungen<\/span>"]}},"comment_count":"0","relative_dates":{"created":"Posted 14\u00a0Jahren ago","modified":"Updated 14\u00a0Jahren ago"},"absolute_dates":{"created":"Posted on 14. Dezember 2011","modified":"Updated on 14. Dezember 2011"},"absolute_dates_time":{"created":"Posted on 14. Dezember 2011 16:24","modified":"Updated on 14. Dezember 2011 16:24"},"featured_img_caption":"","series_order":"","_links":{"self":[{"href":"https:\/\/grimmels.de\/wordpress\/wp-json\/wp\/v2\/posts\/4884","targetHints":{"allow":["GET"]}}],"collection":[{"href":"https:\/\/grimmels.de\/wordpress\/wp-json\/wp\/v2\/posts"}],"about":[{"href":"https:\/\/grimmels.de\/wordpress\/wp-json\/wp\/v2\/types\/post"}],"author":[{"embeddable":true,"href":"https:\/\/grimmels.de\/wordpress\/wp-json\/wp\/v2\/users\/1"}],"replies":[{"embeddable":true,"href":"https:\/\/grimmels.de\/wordpress\/wp-json\/wp\/v2\/comments?post=4884"}],"version-history":[{"count":0,"href":"https:\/\/grimmels.de\/wordpress\/wp-json\/wp\/v2\/posts\/4884\/revisions"}],"wp:attachment":[{"href":"https:\/\/grimmels.de\/wordpress\/wp-json\/wp\/v2\/media?parent=4884"}],"wp:term":[{"taxonomy":"category","embeddable":true,"href":"https:\/\/grimmels.de\/wordpress\/wp-json\/wp\/v2\/categories?post=4884"},{"taxonomy":"post_tag","embeddable":true,"href":"https:\/\/grimmels.de\/wordpress\/wp-json\/wp\/v2\/tags?post=4884"}],"curies":[{"name":"wp","href":"https:\/\/api.w.org\/{rel}","templated":true}]}}