{"id":4961,"date":"2012-01-22T11:14:07","date_gmt":"2012-01-22T10:14:07","guid":{"rendered":"?p=4961"},"modified":"2015-03-13T17:34:21","modified_gmt":"2015-03-13T16:34:21","slug":"tag-der-offenen-tuer-2012","status":"publish","type":"post","link":"https:\/\/grimmels.de\/wordpress\/tag-der-offenen-tuer-2012\/","title":{"rendered":"\u201eTag der offenen T\u00fcr 2012\u201c"},"content":{"rendered":"<p><em><strong>Besichtigung des GGG durch Sch\u00fcler und Sch\u00fclerinnen der Klasse 9 bzw. der Klasse 4 und deren Eltern <\/strong><\/em><\/p>\n<p>Auf gro\u00dfes Publikumsinteresse stie\u00df wieder der \u201eTag der offenen T\u00fcr\u201c am GGG, bei dem am Samstag, dem 21.1.2012, Sch\u00fcler und Sch\u00fclerinnen der Klasse 4 und deren Eltern bzw. k\u00fcnftige Sch\u00fcler und Sch\u00fclerinnen der gymnasialen Oberstufe des GGG die Gelegenheit hatten, im Rahmen von zweist\u00fcndigen F\u00fchrungen das Grimmelshausen Gymnasium kennenzulernen. Die Organisation der Veranstaltung lag in den H\u00e4nden von Ruth Venus-Koch und Martin Ludwig, die bei der Realisierung der Veranstaltung von zahlreichen Kollegen unterst\u00fctzt wurden.<\/p>\n<p>Hier einige Bilder dieser Veranstaltung:<\/p>\nngg_shortcode_0_placeholder\n","protected":false},"excerpt":{"rendered":"<p>Besichtigung des GGG durch Sch\u00fcler und Sch\u00fclerinnen der Klasse 9 bzw. der Klasse 4 und deren Eltern Auf gro\u00dfes Publikumsinteresse stie\u00df wieder der \u201eTag der offenen T\u00fcr\u201c am GGG, bei dem am Samstag, dem 21.1.2012, Sch\u00fcler und Sch\u00fclerinnen der Klasse 4 und deren Eltern bzw. k\u00fcnftige Sch\u00fcler und Sch\u00fclerinnen der gymnasialen Oberstufe des GGG die [&hellip;]<\/p>\n","protected":false},"author":1,"featured_media":0,"comment_status":"closed","ping_status":"closed","sticky":false,"template":"","format":"standard","meta":{"advgb_blocks_editor_width":"","advgb_blocks_columns_visual_guide":"","ngg_post_thumbnail":0,"footnotes":""},"categories":[55,30,58],"tags":[],"class_list":["post-4961","post","type-post","status-publish","format-standard","hentry","category-schule","category-kulturkeller","category-veranstaltungen"],"author_meta":{"display_name":"webmaster","author_link":"https:\/\/grimmels.de\/wordpress\/author\/webmaster\/"},"featured_img":null,"coauthors":[],"tax_additional":{"categories":{"linked":["<a href=\"https:\/\/grimmels.de\/wordpress\/category\/schule\/\" class=\"advgb-post-tax-term\">Allgemein<\/a>","<a href=\"https:\/\/grimmels.de\/wordpress\/category\/kulturkeller\/\" class=\"advgb-post-tax-term\">Kulturkeller<\/a>","<a href=\"https:\/\/grimmels.de\/wordpress\/category\/veranstaltungen\/\" class=\"advgb-post-tax-term\">Veranstaltungen<\/a>"],"unlinked":["<span class=\"advgb-post-tax-term\">Allgemein<\/span>","<span class=\"advgb-post-tax-term\">Kulturkeller<\/span>","<span class=\"advgb-post-tax-term\">Veranstaltungen<\/span>"]}},"comment_count":"0","relative_dates":{"created":"Posted 14\u00a0Jahren ago","modified":"Updated 11\u00a0Jahren ago"},"absolute_dates":{"created":"Posted on 22. Januar 2012","modified":"Updated on 13. M\u00e4rz 2015"},"absolute_dates_time":{"created":"Posted on 22. Januar 2012 11:14","modified":"Updated on 13. M\u00e4rz 2015 17:34"},"featured_img_caption":"","series_order":"","_links":{"self":[{"href":"https:\/\/grimmels.de\/wordpress\/wp-json\/wp\/v2\/posts\/4961","targetHints":{"allow":["GET"]}}],"collection":[{"href":"https:\/\/grimmels.de\/wordpress\/wp-json\/wp\/v2\/posts"}],"about":[{"href":"https:\/\/grimmels.de\/wordpress\/wp-json\/wp\/v2\/types\/post"}],"author":[{"embeddable":true,"href":"https:\/\/grimmels.de\/wordpress\/wp-json\/wp\/v2\/users\/1"}],"replies":[{"embeddable":true,"href":"https:\/\/grimmels.de\/wordpress\/wp-json\/wp\/v2\/comments?post=4961"}],"version-history":[{"count":0,"href":"https:\/\/grimmels.de\/wordpress\/wp-json\/wp\/v2\/posts\/4961\/revisions"}],"wp:attachment":[{"href":"https:\/\/grimmels.de\/wordpress\/wp-json\/wp\/v2\/media?parent=4961"}],"wp:term":[{"taxonomy":"category","embeddable":true,"href":"https:\/\/grimmels.de\/wordpress\/wp-json\/wp\/v2\/categories?post=4961"},{"taxonomy":"post_tag","embeddable":true,"href":"https:\/\/grimmels.de\/wordpress\/wp-json\/wp\/v2\/tags?post=4961"}],"curies":[{"name":"wp","href":"https:\/\/api.w.org\/{rel}","templated":true}]}}