{"id":52290,"date":"2022-07-13T10:38:45","date_gmt":"2022-07-13T08:38:45","guid":{"rendered":"https:\/\/grimmels.de\/wordpress\/?p=52290"},"modified":"2022-07-13T10:38:47","modified_gmt":"2022-07-13T08:38:47","slug":"dritter-platz-beim-internationalen-bolyai-mathematikwettbewerb-fuer-das-grimmels","status":"publish","type":"post","link":"https:\/\/grimmels.de\/wordpress\/dritter-platz-beim-internationalen-bolyai-mathematikwettbewerb-fuer-das-grimmels\/","title":{"rendered":"Dritter Platz beim internationalen Bolyai-Mathematikwettbewerb f\u00fcr das Grimmels"},"content":{"rendered":"<div class=\"wp-block-image\">\n<figure class=\"alignleft size-medium\"><a href=\"https:\/\/grimmels.de\/wordpress\/wp-content\/uploads\/2022\/07\/Bolyai22.jpg\"><img fetchpriority=\"high\" decoding=\"async\" width=\"300\" height=\"211\" src=\"https:\/\/grimmels.de\/wordpress\/wp-content\/uploads\/2022\/07\/Bolyai22-300x211.jpg\" alt=\"\" class=\"wp-image-52291\" srcset=\"https:\/\/grimmels.de\/wordpress\/wp-content\/uploads\/2022\/07\/Bolyai22-300x211.jpg 300w, https:\/\/grimmels.de\/wordpress\/wp-content\/uploads\/2022\/07\/Bolyai22-1024x720.jpg 1024w, https:\/\/grimmels.de\/wordpress\/wp-content\/uploads\/2022\/07\/Bolyai22-150x105.jpg 150w, https:\/\/grimmels.de\/wordpress\/wp-content\/uploads\/2022\/07\/Bolyai22-768x540.jpg 768w, https:\/\/grimmels.de\/wordpress\/wp-content\/uploads\/2022\/07\/Bolyai22-1536x1080.jpg 1536w, https:\/\/grimmels.de\/wordpress\/wp-content\/uploads\/2022\/07\/Bolyai22.jpg 1600w\" sizes=\"(max-width: 300px) 100vw, 300px\" \/><\/a><figcaption>(v.l.n.r) Richard Bethke, Christoph Deutsch, Volker Deutsch<\/figcaption><\/figure>\n<\/div>\n\n\n<p>Nachdem sich das Grimmelshausen-Gymnasium Anfang des Jahres bereits f\u00fcr das internationale Finale des Bolyai-Wettbewerbes in Ungarn qualifiziert hatte, belegten die Finalisten Richard Bethke, Christoph Deutsch, Oliver Deutsch und Volker Deutsch den dritten Platz im Finale am 25. Juni 2022 \u2013 trotz Abwesenheit von Oliver Deutsch.<\/p>\n\n\n\n<p>Das Wochenende war gepr\u00e4gt von internationalen Begegnungen mit Sch\u00fclerinnen und Sch\u00fclern aus Deutschland, \u00d6sterreich, Italien, Ungarn, Rum\u00e4nien und weiteren L\u00e4ndern.<\/p>\n\n\n\n<p>Die Siegerehrung fand in der Akademie der Wissenschaften in Budapest statt, bei dem die drei anwesenden Finalisten Richard Bethke, Christoph Deutsch und Volker Deutsch mit dem dritten Platz der Jahrgangsstufe 11 ausgezeichnet wurden.<\/p>\n","protected":false},"excerpt":{"rendered":"<p>Nachdem sich das Grimmelshausen-Gymnasium Anfang des Jahres bereits f\u00fcr das internationale Finale des Bolyai-Wettbewerbes in Ungarn qualifiziert hatte, belegten die Finalisten Richard Bethke, Christoph Deutsch, Oliver Deutsch und Volker Deutsch den dritten Platz im Finale am 25. Juni 2022 \u2013 trotz Abwesenheit von Oliver Deutsch. Das Wochenende war gepr\u00e4gt von internationalen Begegnungen mit Sch\u00fclerinnen und [&hellip;]<\/p>\n","protected":false},"author":1,"featured_media":0,"comment_status":"closed","ping_status":"closed","sticky":false,"template":"","format":"standard","meta":{"advgb_blocks_editor_width":"","advgb_blocks_columns_visual_guide":"","ngg_post_thumbnail":0,"footnotes":""},"categories":[79,80,83],"tags":[],"class_list":["post-52290","post","type-post","status-publish","format-standard","hentry","category-fachbereich-3","category-mathematik","category-wettbewerbe"],"author_meta":{"display_name":"webmaster","author_link":"https:\/\/grimmels.de\/wordpress\/author\/webmaster\/"},"featured_img":null,"coauthors":[],"tax_additional":{"categories":{"linked":["<a href=\"https:\/\/grimmels.de\/wordpress\/category\/fachbereich-3\/\" class=\"advgb-post-tax-term\">Fachbereich 3<\/a>","<a href=\"https:\/\/grimmels.de\/wordpress\/category\/fachbereich-3\/mathematik\/\" class=\"advgb-post-tax-term\">Mathematik<\/a>","<a href=\"https:\/\/grimmels.de\/wordpress\/category\/wettbewerbe\/\" class=\"advgb-post-tax-term\">Wettbewerbe<\/a>"],"unlinked":["<span class=\"advgb-post-tax-term\">Fachbereich 3<\/span>","<span class=\"advgb-post-tax-term\">Mathematik<\/span>","<span class=\"advgb-post-tax-term\">Wettbewerbe<\/span>"]}},"comment_count":"0","relative_dates":{"created":"Posted 4\u00a0Jahren ago","modified":"Updated 4\u00a0Jahren ago"},"absolute_dates":{"created":"Posted on 13. Juli 2022","modified":"Updated on 13. Juli 2022"},"absolute_dates_time":{"created":"Posted on 13. Juli 2022 10:38","modified":"Updated on 13. Juli 2022 10:38"},"featured_img_caption":"","series_order":"","_links":{"self":[{"href":"https:\/\/grimmels.de\/wordpress\/wp-json\/wp\/v2\/posts\/52290","targetHints":{"allow":["GET"]}}],"collection":[{"href":"https:\/\/grimmels.de\/wordpress\/wp-json\/wp\/v2\/posts"}],"about":[{"href":"https:\/\/grimmels.de\/wordpress\/wp-json\/wp\/v2\/types\/post"}],"author":[{"embeddable":true,"href":"https:\/\/grimmels.de\/wordpress\/wp-json\/wp\/v2\/users\/1"}],"replies":[{"embeddable":true,"href":"https:\/\/grimmels.de\/wordpress\/wp-json\/wp\/v2\/comments?post=52290"}],"version-history":[{"count":1,"href":"https:\/\/grimmels.de\/wordpress\/wp-json\/wp\/v2\/posts\/52290\/revisions"}],"predecessor-version":[{"id":52292,"href":"https:\/\/grimmels.de\/wordpress\/wp-json\/wp\/v2\/posts\/52290\/revisions\/52292"}],"wp:attachment":[{"href":"https:\/\/grimmels.de\/wordpress\/wp-json\/wp\/v2\/media?parent=52290"}],"wp:term":[{"taxonomy":"category","embeddable":true,"href":"https:\/\/grimmels.de\/wordpress\/wp-json\/wp\/v2\/categories?post=52290"},{"taxonomy":"post_tag","embeddable":true,"href":"https:\/\/grimmels.de\/wordpress\/wp-json\/wp\/v2\/tags?post=52290"}],"curies":[{"name":"wp","href":"https:\/\/api.w.org\/{rel}","templated":true}]}}