{"id":52340,"date":"2022-07-18T16:11:07","date_gmt":"2022-07-18T14:11:07","guid":{"rendered":"https:\/\/grimmels.de\/wordpress\/?p=52340"},"modified":"2022-08-07T18:02:40","modified_gmt":"2022-08-07T16:02:40","slug":"eintaegiges-patenseminar-am-grimmels-2","status":"publish","type":"post","link":"https:\/\/grimmels.de\/wordpress\/eintaegiges-patenseminar-am-grimmels-2\/","title":{"rendered":"Eint\u00e4giges Patenseminar am Grimmels"},"content":{"rendered":"\n<p><strong>Paten der zuk\u00fcnftigen F\u00fcnftkl\u00e4ssler wurden auf ihre T\u00e4tigkeit vorbereitet<\/strong><\/p>\n\n\n\n<p><em>Am 14. Juli fand f\u00fcr die zuk\u00fcnftigen Pateninnen und Paten der neuen 5. Klassen ein eint\u00e4giges Patenseminar statt. In diesem Seminar wurden die Sch\u00fclerinnen und Sch\u00fcler auf ihre bevorstehende T\u00e4tigkeit als Patin oder Pate vorbereitet.<\/em><\/p>\n\n\n<div class=\"wp-block-image\">\n<figure class=\"alignleft size-large\"><a href=\"https:\/\/grimmels.de\/wordpress\/wp-content\/uploads\/2022\/08\/paten22.jpg\"><img fetchpriority=\"high\" decoding=\"async\" width=\"1024\" height=\"725\" src=\"https:\/\/grimmels.de\/wordpress\/wp-content\/uploads\/2022\/08\/paten22-1024x725.jpg\" alt=\"\" class=\"wp-image-52442\" srcset=\"https:\/\/grimmels.de\/wordpress\/wp-content\/uploads\/2022\/08\/paten22-1024x725.jpg 1024w, https:\/\/grimmels.de\/wordpress\/wp-content\/uploads\/2022\/08\/paten22-300x212.jpg 300w, https:\/\/grimmels.de\/wordpress\/wp-content\/uploads\/2022\/08\/paten22-150x106.jpg 150w, https:\/\/grimmels.de\/wordpress\/wp-content\/uploads\/2022\/08\/paten22-768x544.jpg 768w, https:\/\/grimmels.de\/wordpress\/wp-content\/uploads\/2022\/08\/paten22-1536x1088.jpg 1536w, https:\/\/grimmels.de\/wordpress\/wp-content\/uploads\/2022\/08\/paten22.jpg 1600w\" sizes=\"(max-width: 1024px) 100vw, 1024px\" \/><\/a><\/figure>\n<\/div>\n\n\n<p>Die Patenarbeit am Grimmels ist eine zweij\u00e4hrige T\u00e4tigkeit, bei der die F\u00fcnftkl\u00e4ssler dabei begleitet werden, einen guten Start in der weiterf\u00fchrenden Schule zu finden und sie in den ersten beiden Jahren auf der neuen Schule zu unterst\u00fctzen. Geleitet wurde das Seminar von der Jugendbildungsreferentin Frau Maqua, die Seminare f\u00fcr das Franziskanische Bildungswerk in Gro\u00dfkrotzenburg ausrichtet. Zun\u00e4chst wurde ein gro\u00dfes Repertoire an Kennenlernspielen vorgestellt. Danach wurden die Patinnen und Paten f\u00fcr Grunds\u00e4tze des Patenamtes sensibilisiert und erarbeiteten u.a. Merkmale eines guten Gruppenleiters.<\/p>\n\n\n\n<p>Auch wurde \u00fcber \u00c4ngste und Sorgen gesprochen, welche die Sch\u00fclerinnen und Sch\u00fcler mit Blick auf die bevorstehende Patent\u00e4tigkeit haben. Da sie h\u00e4ufig in ihren Klassen gruppendynamische Spiele durchf\u00fchren werden, ging es im n\u00e4chsten Schritt um Grunds\u00e4tze zur Anleitung solcher Spiele. Nach der Mittagspause stand das Thema \u201eKonflikte\u201c im Mittelpunkt. Dabei wurden Rollenspiele zu zuvor antizipierten Konflikten durchgef\u00fchrt und je zwei Patinnen bzw. Paten mussten spontan auf die Situation reagieren. In der anschlie\u00dfenden Auswertungsphase konnten sie sich gemeinsam \u00fcber angemessene L\u00f6sungsstrategien austauschen.<\/p>\n\n\n\n<p>Abschlie\u00dfend fand ein kurzer Einblick in das Thema \u201eRhetorik&#8220; statt. Hier konnten die zuk\u00fcnftigen Paten und Patinnen Erfahrungen darin sammeln, was wichtig ist, wenn man vor einer Gruppe steht und spricht. Organisiert wurde das Seminar von Janina Gajewski und Kathrin Noll, die an der Schule f\u00fcr die Ausbildung der Patinnen und Paten verantwortlich sind.<\/p>\n","protected":false},"excerpt":{"rendered":"<p>Paten der zuk\u00fcnftigen F\u00fcnftkl\u00e4ssler wurden auf ihre T\u00e4tigkeit vorbereitet Am 14. Juli fand f\u00fcr die zuk\u00fcnftigen Pateninnen und Paten der neuen 5. Klassen ein eint\u00e4giges Patenseminar statt. In diesem Seminar wurden die Sch\u00fclerinnen und Sch\u00fcler auf ihre bevorstehende T\u00e4tigkeit als Patin oder Pate vorbereitet. Die Patenarbeit am Grimmels ist eine zweij\u00e4hrige T\u00e4tigkeit, bei der die [&hellip;]<\/p>\n","protected":false},"author":1,"featured_media":0,"comment_status":"closed","ping_status":"closed","sticky":false,"template":"","format":"standard","meta":{"advgb_blocks_editor_width":"","advgb_blocks_columns_visual_guide":"","ngg_post_thumbnail":0,"footnotes":""},"categories":[1],"tags":[],"class_list":["post-52340","post","type-post","status-publish","format-standard","hentry","category-aktuell"],"author_meta":{"display_name":"webmaster","author_link":"https:\/\/grimmels.de\/wordpress\/author\/webmaster\/"},"featured_img":null,"coauthors":[],"tax_additional":{"categories":{"linked":["<a href=\"https:\/\/grimmels.de\/wordpress\/category\/aktuell\/\" class=\"advgb-post-tax-term\">Aktuell<\/a>"],"unlinked":["<span class=\"advgb-post-tax-term\">Aktuell<\/span>"]}},"comment_count":"0","relative_dates":{"created":"Posted 4\u00a0Jahren ago","modified":"Updated 4\u00a0Jahren ago"},"absolute_dates":{"created":"Posted on 18. Juli 2022","modified":"Updated on 7. August 2022"},"absolute_dates_time":{"created":"Posted on 18. Juli 2022 16:11","modified":"Updated on 7. August 2022 18:02"},"featured_img_caption":"","series_order":"","_links":{"self":[{"href":"https:\/\/grimmels.de\/wordpress\/wp-json\/wp\/v2\/posts\/52340","targetHints":{"allow":["GET"]}}],"collection":[{"href":"https:\/\/grimmels.de\/wordpress\/wp-json\/wp\/v2\/posts"}],"about":[{"href":"https:\/\/grimmels.de\/wordpress\/wp-json\/wp\/v2\/types\/post"}],"author":[{"embeddable":true,"href":"https:\/\/grimmels.de\/wordpress\/wp-json\/wp\/v2\/users\/1"}],"replies":[{"embeddable":true,"href":"https:\/\/grimmels.de\/wordpress\/wp-json\/wp\/v2\/comments?post=52340"}],"version-history":[{"count":3,"href":"https:\/\/grimmels.de\/wordpress\/wp-json\/wp\/v2\/posts\/52340\/revisions"}],"predecessor-version":[{"id":52443,"href":"https:\/\/grimmels.de\/wordpress\/wp-json\/wp\/v2\/posts\/52340\/revisions\/52443"}],"wp:attachment":[{"href":"https:\/\/grimmels.de\/wordpress\/wp-json\/wp\/v2\/media?parent=52340"}],"wp:term":[{"taxonomy":"category","embeddable":true,"href":"https:\/\/grimmels.de\/wordpress\/wp-json\/wp\/v2\/categories?post=52340"},{"taxonomy":"post_tag","embeddable":true,"href":"https:\/\/grimmels.de\/wordpress\/wp-json\/wp\/v2\/tags?post=52340"}],"curies":[{"name":"wp","href":"https:\/\/api.w.org\/{rel}","templated":true}]}}