{"id":52856,"date":"2022-09-07T10:29:05","date_gmt":"2022-09-07T08:29:05","guid":{"rendered":"https:\/\/grimmels.de\/wordpress\/?p=52856"},"modified":"2022-09-07T10:29:06","modified_gmt":"2022-09-07T08:29:06","slug":"flashback-schulwald-erleben-sommer-2022","status":"publish","type":"post","link":"https:\/\/grimmels.de\/wordpress\/flashback-schulwald-erleben-sommer-2022\/","title":{"rendered":"Flashback: Schulwald erleben Sommer 2022"},"content":{"rendered":"\n<p><strong>Land Art &#8211; <\/strong><\/p>\n\n\n\n<p class=\"has-text-align-center\"><strong>Der Wald als Lern- und Erfahrungsfeld im f\u00e4cher\u00fcbergreifenden Unterricht Biologie und Kunst  <\/strong><\/p>\n\n\n\n<p class=\"has-text-align-right\"><strong>&#8211;<\/strong> <strong>ein Pilotprojekt am Grimmels<\/strong><\/p>\n\n\n\n<p><em>Wie kann man eine Naturwissenschaft und ein musisches Fach besser in Einklang bringen als durch ein Projekt an einem ganz besonderen Lernort?<\/em><\/p>\n\n\n\n<figure class=\"wp-block-gallery alignleft has-nested-images columns-default is-cropped wp-block-gallery-1 is-layout-flex wp-block-gallery-is-layout-flex\">\n<figure class=\"wp-block-image size-large\"><img fetchpriority=\"high\" decoding=\"async\" width=\"1024\" height=\"683\" data-id=\"52858\" src=\"https:\/\/grimmels.de\/wordpress\/wp-content\/uploads\/2022\/09\/4Q9A0239.jpg\" alt=\"\" class=\"wp-image-52858\" srcset=\"https:\/\/grimmels.de\/wordpress\/wp-content\/uploads\/2022\/09\/4Q9A0239.jpg 1024w, https:\/\/grimmels.de\/wordpress\/wp-content\/uploads\/2022\/09\/4Q9A0239-300x200.jpg 300w, https:\/\/grimmels.de\/wordpress\/wp-content\/uploads\/2022\/09\/4Q9A0239-150x100.jpg 150w, https:\/\/grimmels.de\/wordpress\/wp-content\/uploads\/2022\/09\/4Q9A0239-768x512.jpg 768w\" sizes=\"(max-width: 1024px) 100vw, 1024px\" \/><\/figure>\n\n\n\n<figure class=\"wp-block-image size-large\"><img decoding=\"async\" width=\"683\" height=\"1024\" data-id=\"52859\" src=\"https:\/\/grimmels.de\/wordpress\/wp-content\/uploads\/2022\/09\/4Q9A0259.jpg\" alt=\"\" class=\"wp-image-52859\" srcset=\"https:\/\/grimmels.de\/wordpress\/wp-content\/uploads\/2022\/09\/4Q9A0259.jpg 683w, https:\/\/grimmels.de\/wordpress\/wp-content\/uploads\/2022\/09\/4Q9A0259-200x300.jpg 200w, https:\/\/grimmels.de\/wordpress\/wp-content\/uploads\/2022\/09\/4Q9A0259-100x150.jpg 100w\" sizes=\"(max-width: 683px) 100vw, 683px\" \/><\/figure>\n\n\n\n<figure class=\"wp-block-image size-large\"><img decoding=\"async\" width=\"1024\" height=\"683\" data-id=\"52857\" src=\"https:\/\/grimmels.de\/wordpress\/wp-content\/uploads\/2022\/09\/4Q9A0283.jpg\" alt=\"\" class=\"wp-image-52857\" srcset=\"https:\/\/grimmels.de\/wordpress\/wp-content\/uploads\/2022\/09\/4Q9A0283.jpg 1024w, https:\/\/grimmels.de\/wordpress\/wp-content\/uploads\/2022\/09\/4Q9A0283-300x200.jpg 300w, https:\/\/grimmels.de\/wordpress\/wp-content\/uploads\/2022\/09\/4Q9A0283-150x100.jpg 150w, https:\/\/grimmels.de\/wordpress\/wp-content\/uploads\/2022\/09\/4Q9A0283-768x512.jpg 768w\" sizes=\"(max-width: 1024px) 100vw, 1024px\" \/><\/figure>\n<\/figure>\n\n\n\n<p>29 Sch\u00fclerinnen und Sch\u00fcler und zwei Lehrkr\u00e4fte des Grimmelshausen-Gymnasiums entschlossen sich zu diesem Experiment in einem ganz speziellen Klassenzimmer und begaben sich in den Schulwald. Das Projekt stand unter dem Motto, den Wald in so vielen Facetten wie m\u00f6glich durch eine \u00e4sthetisch motivierte Auseinandersetzung zu erfahren.&nbsp;<\/p>\n\n\n\n<p>Anhand von vier Stationen stellten sich die 29 M\u00e4dchen und Jungen der Klasse 5.4 dieser Aufgabe. Sie erschlossen das Waldst\u00fcck durch botanische Zeichnungen und Bestimmung der vorgefundenen Pflanzen. Sie konzipierten Skulpturen aus vorgefundenen Materialien, die sie zusammenschn\u00fcrten und stapelten. So entstanden dabei auch Windspiele, die in B\u00e4ume geh\u00e4ngt wurden.<\/p>\n\n\n\n<p>In einer weiteren Auseinandersetzung n\u00e4herten sich die Sch\u00fclerinnen und Sch\u00fcler durch fotografisches Arbeiten dem Leben im Wald unter dem Aspekt der \u201eUtopie\u201c an und \u00fcbten sich dabei auch in der Anordnung geschickter Kompositionen.<\/p>\n\n\n\n<p>Nicht nur die Ergebnisse der Sch\u00fclerinnen und Sch\u00fcler lie\u00dfen sich sehen, auch die Stimmung bei der Erarbeitung der Produkte war bemerkenswert- gel\u00f6st und gleichzeitig \u00e4u\u00dferst konzentriert. Der Wald als Lern- und Erfahrungsort hinterlie\u00df als \u201egr\u00fcnes Klassenzimmer\u201c einen bleibenden Eindruck und motivierte die Sch\u00fclerinnen und Sch\u00fcler nachhaltig.<\/p>\n\n\n\n<p>Geleitet wurde dieses Projekt im Co-Teaching von Frank Dietz und Ekaterina Leo.<\/p>\n","protected":false},"excerpt":{"rendered":"<p>Land Art &#8211; Der Wald als Lern- und Erfahrungsfeld im f\u00e4cher\u00fcbergreifenden Unterricht Biologie und Kunst &#8211; ein Pilotprojekt am Grimmels Wie kann man eine Naturwissenschaft und ein musisches Fach besser in Einklang bringen als durch ein Projekt an einem ganz besonderen Lernort? 29 Sch\u00fclerinnen und Sch\u00fcler und zwei Lehrkr\u00e4fte des Grimmelshausen-Gymnasiums entschlossen sich zu diesem [&hellip;]<\/p>\n","protected":false},"author":1,"featured_media":0,"comment_status":"closed","ping_status":"closed","sticky":false,"template":"","format":"standard","meta":{"advgb_blocks_editor_width":"","advgb_blocks_columns_visual_guide":"","ngg_post_thumbnail":0,"footnotes":""},"categories":[85,94],"tags":[],"class_list":["post-52856","post","type-post","status-publish","format-standard","hentry","category-biologie","category-kunst"],"author_meta":{"display_name":"webmaster","author_link":"https:\/\/grimmels.de\/wordpress\/author\/webmaster\/"},"featured_img":null,"coauthors":[],"tax_additional":{"categories":{"linked":["<a href=\"https:\/\/grimmels.de\/wordpress\/category\/fachbereich-3\/biologie\/\" class=\"advgb-post-tax-term\">Biologie<\/a>","<a href=\"https:\/\/grimmels.de\/wordpress\/category\/fachbereich-1\/kunst\/\" class=\"advgb-post-tax-term\">Kunst<\/a>"],"unlinked":["<span class=\"advgb-post-tax-term\">Biologie<\/span>","<span class=\"advgb-post-tax-term\">Kunst<\/span>"]}},"comment_count":"0","relative_dates":{"created":"Posted 4\u00a0Jahren ago","modified":"Updated 4\u00a0Jahren ago"},"absolute_dates":{"created":"Posted on 7. September 2022","modified":"Updated on 7. September 2022"},"absolute_dates_time":{"created":"Posted on 7. September 2022 10:29","modified":"Updated on 7. September 2022 10:29"},"featured_img_caption":"","series_order":"","_links":{"self":[{"href":"https:\/\/grimmels.de\/wordpress\/wp-json\/wp\/v2\/posts\/52856","targetHints":{"allow":["GET"]}}],"collection":[{"href":"https:\/\/grimmels.de\/wordpress\/wp-json\/wp\/v2\/posts"}],"about":[{"href":"https:\/\/grimmels.de\/wordpress\/wp-json\/wp\/v2\/types\/post"}],"author":[{"embeddable":true,"href":"https:\/\/grimmels.de\/wordpress\/wp-json\/wp\/v2\/users\/1"}],"replies":[{"embeddable":true,"href":"https:\/\/grimmels.de\/wordpress\/wp-json\/wp\/v2\/comments?post=52856"}],"version-history":[{"count":1,"href":"https:\/\/grimmels.de\/wordpress\/wp-json\/wp\/v2\/posts\/52856\/revisions"}],"predecessor-version":[{"id":52860,"href":"https:\/\/grimmels.de\/wordpress\/wp-json\/wp\/v2\/posts\/52856\/revisions\/52860"}],"wp:attachment":[{"href":"https:\/\/grimmels.de\/wordpress\/wp-json\/wp\/v2\/media?parent=52856"}],"wp:term":[{"taxonomy":"category","embeddable":true,"href":"https:\/\/grimmels.de\/wordpress\/wp-json\/wp\/v2\/categories?post=52856"},{"taxonomy":"post_tag","embeddable":true,"href":"https:\/\/grimmels.de\/wordpress\/wp-json\/wp\/v2\/tags?post=52856"}],"curies":[{"name":"wp","href":"https:\/\/api.w.org\/{rel}","templated":true}]}}