{"id":62657,"date":"2025-02-25T17:23:37","date_gmt":"2025-02-25T16:23:37","guid":{"rendered":"https:\/\/grimmels.de\/wordpress\/?p=62657"},"modified":"2025-02-25T20:16:03","modified_gmt":"2025-02-25T19:16:03","slug":"grimmels-podcast-2-0","status":"publish","type":"post","link":"https:\/\/grimmels.de\/wordpress\/grimmels-podcast-2-0\/","title":{"rendered":"Grimmels Podcast 2.0"},"content":{"rendered":"\t\t<div data-elementor-type=\"wp-post\" data-elementor-id=\"62657\" class=\"elementor elementor-62657\" data-elementor-post-type=\"post\">\n\t\t\t\t<div class=\"elementor-element elementor-element-579a499 e-con-full e-flex e-con e-parent\" data-id=\"579a499\" data-element_type=\"container\">\n\t\t\t\t<div class=\"elementor-element elementor-element-3ef621c elementor-widget elementor-widget-heading\" data-id=\"3ef621c\" data-element_type=\"widget\" data-widget_type=\"heading.default\">\n\t\t\t\t<div class=\"elementor-widget-container\">\n\t\t\t\t\t<h2 class=\"elementor-heading-title elementor-size-default\">Grimmels Podcast 2.0<\/h2>\t\t\t\t<\/div>\n\t\t\t\t<\/div>\n\t\t\t\t<\/div>\n\t\t<div class=\"elementor-element elementor-element-9f6cfe2 e-con-full e-flex e-con e-parent\" data-id=\"9f6cfe2\" data-element_type=\"container\">\n\t\t<div class=\"elementor-element elementor-element-14e9f68 e-con-full e-flex e-con e-child\" data-id=\"14e9f68\" data-element_type=\"container\">\n\t\t\t\t<div class=\"elementor-element elementor-element-6ed85cb elementor-widget elementor-widget-text-editor\" data-id=\"6ed85cb\" data-element_type=\"widget\" data-widget_type=\"text-editor.default\">\n\t\t\t\t<div class=\"elementor-widget-container\">\n\t\t\t\t\t\t\t\t\t<div><p class=\"p1\">Unsere Schule zeichnet sich durch eine Vielzahl von Projektbausteinen im Bereich \u201eUmweltschule\u201c, \u201eKulturschule\u201c sowie den \u201eMINT-F\u00e4chern\u201c aus, die bereits nachhaltig etabliert sind. Diese sollen durch ein weiteres Vorhaben erg\u00e4nzt werden, bei dem die Symbiose von Sprache, Kultur und wissenschaftlichen Erkenntnissen aus den <b>MINT-F\u00e4chern<\/b> <b>(Mathematik,<\/b> <b>Informatik, Naturwissenschaft und Technik)<\/b> am Beispiel <b>eines Podcasts zu<\/b><b>Nachhaltigkeitsthemen <\/b>erfolgt. Diese interdisziplin\u00e4re und jahrgangsstufen\u00fcbergreifende Veranstaltung geschieht in Kooperation mit dem <b>Biologen, Science Slammer <\/b>und <b>Wissenschaftskommunikator Dr. Sebastian Lotzkat<\/b>, der bereits bei unserer MINT-Night im M\u00e4rz 2020 die Schulgemeinde durch seinen Science-Slam Beitrag nachhaltig begeistert hat. Das im Jahr 2022 stattgefundene Projekt \u201e1. Grimmels-Science Slam\u201c sowie das erste Podcast-Projekt in 2024 traf ebenso auf rege Teilnahme und erzielte herausragende Ergebnisse.<\/p><\/div><div><p class=\"p1\">F\u00fcr die Sch\u00fclerinnen und Sch\u00fcler sind mehrere Veranstaltungen mit Dr. Sebastian Lotzkat geplant, die dem Flyer zu entnehmen sind. Es ist m\u00f6glich, zun\u00e4chst nur am Workshop teilzunehmen und sich danach f\u00fcr die weiteren Module zu entscheiden. Die Teilnehmerinnen und Teilnehmer aller Module erhalten eine Teilnahmebescheinigung.<\/p><\/div><div><p class=\"p1\">\u00a0<\/p><\/div><div><p class=\"p1\">Mit freundlichen Gr\u00fc\u00dfen<\/p><\/div><div><p class=\"p1\">gez. Franziska W\u00f6ll<\/p><\/div><div><p class=\"p1\">MINT-Koordinatorin<\/p><\/div>\t\t\t\t\t\t\t\t<\/div>\n\t\t\t\t<\/div>\n\t\t\t\t<div class=\"elementor-element elementor-element-5dde670 elementor-widget elementor-widget-button\" data-id=\"5dde670\" data-element_type=\"widget\" data-widget_type=\"button.default\">\n\t\t\t\t<div class=\"elementor-widget-container\">\n\t\t\t\t\t\t\t\t\t<div class=\"elementor-button-wrapper\">\n\t\t\t\t\t<a class=\"elementor-button elementor-button-link elementor-size-sm\" href=\"https:\/\/grimmels.de\/wordpress\/wp-content\/uploads\/2025\/02\/Anschreiben-und-Anmeldung-Podcast-Projekt.pdf\">\n\t\t\t\t\t\t<span class=\"elementor-button-content-wrapper\">\n\t\t\t\t\t\t\t\t\t<span class=\"elementor-button-text\">Informationen und Anmeldung<\/span>\n\t\t\t\t\t<\/span>\n\t\t\t\t\t<\/a>\n\t\t\t\t<\/div>\n\t\t\t\t\t\t\t\t<\/div>\n\t\t\t\t<\/div>\n\t\t\t\t<\/div>\n\t\t<div class=\"elementor-element elementor-element-64ac6c4 e-con-full e-flex e-con e-child\" data-id=\"64ac6c4\" data-element_type=\"container\">\n\t\t\t\t<div class=\"elementor-element elementor-element-379bd0d elementor-widget elementor-widget-image\" data-id=\"379bd0d\" data-element_type=\"widget\" data-widget_type=\"image.default\">\n\t\t\t\t<div class=\"elementor-widget-container\">\n\t\t\t\t\t\t\t\t\t\t\t\t\t\t\t\t<a href=\"https:\/\/grimmels.de\/wordpress\/wp-content\/uploads\/2025\/02\/Flyer-Podcast-Projekt.jpg\" data-elementor-open-lightbox=\"yes\" data-elementor-lightbox-title=\"Flyer Podcast-Projekt\" data-e-action-hash=\"#elementor-action%3Aaction%3Dlightbox%26settings%3DeyJpZCI6NjI2NjAsInVybCI6Imh0dHBzOlwvXC9ncmltbWVscy5kZVwvd29yZHByZXNzXC93cC1jb250ZW50XC91cGxvYWRzXC8yMDI1XC8wMlwvRmx5ZXItUG9kY2FzdC1Qcm9qZWt0LmpwZyJ9\">\n\t\t\t\t\t\t\t<img fetchpriority=\"high\" decoding=\"async\" width=\"600\" height=\"1499\" src=\"https:\/\/grimmels.de\/wordpress\/wp-content\/uploads\/2025\/02\/Flyer-Podcast-Projekt.jpg\" class=\"attachment-full size-full wp-image-62660\" alt=\"\" srcset=\"https:\/\/grimmels.de\/wordpress\/wp-content\/uploads\/2025\/02\/Flyer-Podcast-Projekt.jpg 600w, https:\/\/grimmels.de\/wordpress\/wp-content\/uploads\/2025\/02\/Flyer-Podcast-Projekt-120x300.jpg 120w, https:\/\/grimmels.de\/wordpress\/wp-content\/uploads\/2025\/02\/Flyer-Podcast-Projekt-410x1024.jpg 410w, https:\/\/grimmels.de\/wordpress\/wp-content\/uploads\/2025\/02\/Flyer-Podcast-Projekt-60x150.jpg 60w\" sizes=\"(max-width: 600px) 100vw, 600px\" \/>\t\t\t\t\t\t\t\t<\/a>\n\t\t\t\t\t\t\t\t\t\t\t\t\t\t\t<\/div>\n\t\t\t\t<\/div>\n\t\t\t\t<\/div>\n\t\t\t\t<\/div>\n\t\t\t\t<\/div>\n\t\t","protected":false},"excerpt":{"rendered":"<p>Unsere Schule zeichnet sich durch eine Vielzahl von Projektbausteinen im Bereich \u201eUmweltschule\u201c, \u201eKulturschule\u201c sowie den \u201eMINT-F\u00e4chern\u201c aus, die bereits nachhaltig etabliert sind. Diese sollen durch ein weiteres Vorhaben erg\u00e4nzt werden.<\/p>\n","protected":false},"author":1,"featured_media":58588,"comment_status":"closed","ping_status":"closed","sticky":false,"template":"","format":"standard","meta":{"advgb_blocks_editor_width":"","advgb_blocks_columns_visual_guide":"","ngg_post_thumbnail":0,"footnotes":""},"categories":[1,115],"tags":[],"class_list":["post-62657","post","type-post","status-publish","format-standard","has-post-thumbnail","hentry","category-aktuell","category-mitteilungen-und-informationen"],"author_meta":{"display_name":"webmaster","author_link":"https:\/\/grimmels.de\/wordpress\/author\/webmaster\/"},"featured_img":"https:\/\/grimmels.de\/wordpress\/wp-content\/uploads\/2024\/08\/Podcast_Logo-300x128.png","coauthors":[],"tax_additional":{"categories":{"linked":["<a href=\"https:\/\/grimmels.de\/wordpress\/category\/aktuell\/\" class=\"advgb-post-tax-term\">Aktuell<\/a>","<a href=\"https:\/\/grimmels.de\/wordpress\/category\/mitteilungen-und-informationen\/\" class=\"advgb-post-tax-term\">Mitteilungen und Informationen<\/a>"],"unlinked":["<span class=\"advgb-post-tax-term\">Aktuell<\/span>","<span class=\"advgb-post-tax-term\">Mitteilungen und Informationen<\/span>"]}},"comment_count":"0","relative_dates":{"created":"Posted 1\u00a0Jahr ago","modified":"Updated 1\u00a0Jahr ago"},"absolute_dates":{"created":"Posted on 25. Februar 2025","modified":"Updated on 25. Februar 2025"},"absolute_dates_time":{"created":"Posted on 25. Februar 2025 17:23","modified":"Updated on 25. Februar 2025 20:16"},"featured_img_caption":"","series_order":"","_links":{"self":[{"href":"https:\/\/grimmels.de\/wordpress\/wp-json\/wp\/v2\/posts\/62657","targetHints":{"allow":["GET"]}}],"collection":[{"href":"https:\/\/grimmels.de\/wordpress\/wp-json\/wp\/v2\/posts"}],"about":[{"href":"https:\/\/grimmels.de\/wordpress\/wp-json\/wp\/v2\/types\/post"}],"author":[{"embeddable":true,"href":"https:\/\/grimmels.de\/wordpress\/wp-json\/wp\/v2\/users\/1"}],"replies":[{"embeddable":true,"href":"https:\/\/grimmels.de\/wordpress\/wp-json\/wp\/v2\/comments?post=62657"}],"version-history":[{"count":17,"href":"https:\/\/grimmels.de\/wordpress\/wp-json\/wp\/v2\/posts\/62657\/revisions"}],"predecessor-version":[{"id":62684,"href":"https:\/\/grimmels.de\/wordpress\/wp-json\/wp\/v2\/posts\/62657\/revisions\/62684"}],"wp:featuredmedia":[{"embeddable":true,"href":"https:\/\/grimmels.de\/wordpress\/wp-json\/wp\/v2\/media\/58588"}],"wp:attachment":[{"href":"https:\/\/grimmels.de\/wordpress\/wp-json\/wp\/v2\/media?parent=62657"}],"wp:term":[{"taxonomy":"category","embeddable":true,"href":"https:\/\/grimmels.de\/wordpress\/wp-json\/wp\/v2\/categories?post=62657"},{"taxonomy":"post_tag","embeddable":true,"href":"https:\/\/grimmels.de\/wordpress\/wp-json\/wp\/v2\/tags?post=62657"}],"curies":[{"name":"wp","href":"https:\/\/api.w.org\/{rel}","templated":true}]}}