{"id":63544,"date":"2025-04-21T20:35:49","date_gmt":"2025-04-21T18:35:49","guid":{"rendered":"https:\/\/grimmels.de\/wordpress\/?p=63544"},"modified":"2025-04-21T20:36:52","modified_gmt":"2025-04-21T18:36:52","slug":"platz-5-im-gruppenwettbewerb-und-platz-3-im-einzelwettbewerb","status":"publish","type":"post","link":"https:\/\/grimmels.de\/wordpress\/platz-5-im-gruppenwettbewerb-und-platz-3-im-einzelwettbewerb\/","title":{"rendered":"Platz 5 im Gruppenwettbewerb und Platz 3 im Einzelwettbewerb\u00a0"},"content":{"rendered":"\t\t<div data-elementor-type=\"wp-post\" data-elementor-id=\"63544\" class=\"elementor elementor-63544\" data-elementor-post-type=\"post\">\n\t\t\t\t<div class=\"elementor-element elementor-element-1adb1483 e-flex e-con-boxed e-con e-parent\" data-id=\"1adb1483\" data-element_type=\"container\">\n\t\t\t\t\t<div class=\"e-con-inner\">\n\t\t\t\t<div class=\"elementor-element elementor-element-77c6c589 elementor-widget elementor-widget-heading\" data-id=\"77c6c589\" data-element_type=\"widget\" data-widget_type=\"heading.default\">\n\t\t\t\t<div class=\"elementor-widget-container\">\n\t\t\t\t\t<h2 class=\"elementor-heading-title elementor-size-default\">Platz 5 im Gruppenwettbewerb und Platz 3 im Einzelwettbewerb <\/h2>\t\t\t\t<\/div>\n\t\t\t\t<\/div>\n\t\t\t\t<div class=\"elementor-element elementor-element-1d699d4d elementor-widget elementor-widget-heading\" data-id=\"1d699d4d\" data-element_type=\"widget\" data-widget_type=\"heading.default\">\n\t\t\t\t<div class=\"elementor-widget-container\">\n\t\t\t\t\t<h3 class=\"elementor-heading-title elementor-size-default\">Grimmels erfolgreich beim Tag der Mathematik an der TU-Darmstadt<\/h3>\t\t\t\t<\/div>\n\t\t\t\t<\/div>\n\t\t\t\t<div class=\"elementor-element elementor-element-39c268c elementor-widget elementor-widget-text-editor\" data-id=\"39c268c\" data-element_type=\"widget\" data-widget_type=\"text-editor.default\">\n\t\t\t\t<div class=\"elementor-widget-container\">\n\t\t\t\t\t\t\t\t\t<p style=\"font-weight: 400;\"><em>Das Grimmelshausen-Gymnasium Gelnhausen hat beim Tag der Mathematik 2025 an der TU Darmstadt einmal mehr eindrucksvoll unter Beweis gestellt, dass es im Bereich der Mathematik zu den herausragenden Schulen geh\u00f6rt. Am Samstag, 15. M\u00e4rz 2025, stellten sich zwei Teams aus den Mathematik-Leistungskursen Q2 mit gro\u00dfem Engagement und beachtlichem Erfolg den anspruchsvollen Wettbewerbsaufgaben.<\/em><\/p><p style=\"font-weight: 400;\">Nach eigenst\u00e4ndiger Anreise trafen sich die hochmotivierten Sch\u00fclerinnen und Sch\u00fcler mit ihrer begleitenden Lehrkraft, Christoph Richter, an der TU Darmstadt. Dort erwartete sie ein spannender Wettbewerb, organisiert vom Zentrum f\u00fcr Mathematik. Bereits in der ersten Disziplin, dem Gruppenwettbewerb, zeigten die Teams ihr herausragendes mathematisches K\u00f6nnen und bewiesen eindrucksvoll ihre Teamf\u00e4higkeit. Mit klugem strategischem Vorgehen meisterte die Gruppe (Mia Sophie Becher, Nils Hausner, Simon Gr\u00fcnhagen) die anspruchsvollen Aufgaben und erzielte einen respektablen 57. Platz von insgesamt 215 teilnehmenden Teams aus den Bundesl\u00e4ndern Baden-W\u00fcrttemberg, Bayern, Hessen und Nordrhein-Westfalen \u2013 eine starke Leistung angesichts der hochkar\u00e4tigen Konkurrenz. In Darmstadt reichte es <strong>f\u00fcr diese Gruppe sogar f\u00fcr einen f\u00fcnften Platz<\/strong> von 37 Teams.<\/p><p style=\"font-weight: 400;\">Auch im anschlie\u00dfenden Einzelwettbewerb erbrachten die Sch\u00fclerinnen und Sch\u00fcler des Grimmelshausen-Gymnasiums hervorragende Leistungen. Besonders erfreulich: Der Sch\u00fcler Nils Hauser konnte sich mit einem beeindruckenden 19. Platz von 875 Teilnehmenden in der Einzelwertung behaupten \u2013 ein herausragender Erfolg, der das hohe Niveau der mathematischen Ausbildung an der Schule unterstreicht. In Darmstadt reichte es damit f\u00fcr <strong>einen dritten Platz<\/strong> von 147 Teilnehmerinnen und Teilnehmern.<\/p><p style=\"font-weight: 400;\">Nach einer wohlverdienten Mittagspause stellten sich die Teams der letzten Herausforderung des Tages, den mathematischen H\u00fcrden. Hier war nicht nur mathematisches Geschick, sondern auch taktisches Vorgehen gefragt. Durch clevere Zusammenarbeit und eine geschickte Raumaufteilung konnten die Sch\u00fclerinnen und Sch\u00fcler auch diese Herausforderung mit Bravour meistern.<\/p><p style=\"font-weight: 400;\">Neben dem Wettbewerb bot der Tag der Mathematik den Teilnehmenden auch spannende Einblicke in die Welt der Mathematik: Ein fesselnder Vortrag von Professor Dr. Ulrich Reif zu Subdivisionsalgorithmen (kurz gesagt der Gl\u00e4ttung von Kurven und Fl\u00e4chen z.B. zur Erstellung von Animationsfilmen) sowie eine Pr\u00e4sentation der L\u00f6sungen der Wettbewerbsaufgaben durch Marius N\u00fcchter (Projektleitung des Tages der Mathematik vom Zentrum f\u00fcr Mathematik) sorgten f\u00fcr zus\u00e4tzliche mathematische Inspiration.<\/p><p style=\"font-weight: 400;\">Die betreuende Lehrkraft, Christoph Richter, zeigte sich besonders erfreut \u00fcber den Spa\u00df und die Motivation, die seine Sch\u00fclerinnen und Sch\u00fcler an einem Samstag beim Umgang mit Mathematik hatten, die zus\u00e4tzlich hervorragenden Ergebnisse der Sch\u00fclerinnen und Sch\u00fcler \u2013 und das unterstreicht den Erfolg des Tages, obwohl im Gegensatz zu anderen Schulen keine zus\u00e4tzliche Vorbereitung auf den Wettbewerb stattgefunden hatte. Er hoffe, dass Veranstaltungen wie der Tag der Mathematik nicht nur das Interesse an der Mathematik f\u00f6rdern, sondern auch dazu beitragen, dass die immense Bedeutung der Mathematik f\u00fcr unsere Gesellschaft st\u00e4rker wahrgenommen werde. Mathematik spiele eine Schl\u00fcsselrolle beim L\u00f6sen hochkomplexer Probleme \u2013 sei es in der Klimaforschung, der K\u00fcnstlichen Intelligenz oder der Wirtschaft. Es d\u00fcrfe nicht sein, dass die bewusste Ablehnung mathematischen Denkens, wie sie von einigen Influencerinnen und Influencern propagiert werde, gesellschaftsf\u00e4hig wird. Vielmehr solle die Anerkennung dieser essenziellen Wissenschaft weiter gest\u00e4rkt werden. Aus diesem Grund m\u00fcsse hier auch dem Veranstalter und Sponsoren (Zentrum f\u00fcr Mathematik, TU Darmstadt und der Firma Merck als gro\u00dfer Sponsor) gedankt werden. Solche Veranstaltungen tragen dazu bei, das Interesse, die Freude und damit dann auch den Nachwuchs in Mathematik zu f\u00f6rdern.<\/p><p style=\"font-weight: 400;\">Die guten Leistungen der Sch\u00fclerinnen und Sch\u00fcler wurden schlie\u00dflich in der Siegerehrung geb\u00fchrend gew\u00fcrdigt. Das Grimmelshausen-Gymnasium kann mit Recht stolz auf seine talentierten Mathematikerinnen und Mathematiker sein, die nicht nur durch ihre hervorragenden Platzierungen, sondern auch durch ihren Teamgeist, ihre Ausdauer und ihre Begeisterung f\u00fcr die Mathematik \u00fcberzeugt haben. Sie haben gezeigt, dass sie Herausforderungen mit Bravour meistern und sich mit den guten Nachwuchsmathematikerinnen und -mathematikern des Landes messen k\u00f6nnen (und dies freiwillig an einem Samstag und w\u00e4hrend der Klausurenphase).<\/p><p style=\"font-weight: 400;\">Mit Stolz, neuen Erkenntnissen und vielen sch\u00f6nen Erinnerungen im Gep\u00e4ck machten sich die Sch\u00fclerinnen und Sch\u00fcler (teils leicht m\u00fcde) nach einem erfolgreichen Tag auf die Heimreise nach Gelnhausen. Ihre beeindruckenden Leistungen sind ein Beweis f\u00fcr ihr K\u00f6nnen, ihr Engagement und die gelungene F\u00f6rderung am Grimmelshausen-Gymnasium.<\/p><p style=\"font-weight: 400;\">\u00a0<\/p><p style=\"font-weight: 400;\"><em>Nils Hauser und Christoph Richter<\/em><\/p>\t\t\t\t\t\t\t\t<\/div>\n\t\t\t\t<\/div>\n\t\t\t\t\t<\/div>\n\t\t\t\t<\/div>\n\t\t\t\t<\/div>\n\t\t","protected":false},"excerpt":{"rendered":"<p>Grimmels erfolgreich beim Tag der Mathematik an der TU-Darmstadt<\/p>\n","protected":false},"author":1,"featured_media":59480,"comment_status":"closed","ping_status":"closed","sticky":false,"template":"","format":"standard","meta":{"advgb_blocks_editor_width":"","advgb_blocks_columns_visual_guide":"","ngg_post_thumbnail":0,"footnotes":""},"categories":[1,80],"tags":[],"class_list":["post-63544","post","type-post","status-publish","format-standard","has-post-thumbnail","hentry","category-aktuell","category-mathematik"],"author_meta":{"display_name":"webmaster","author_link":"https:\/\/grimmels.de\/wordpress\/author\/webmaster\/"},"featured_img":"https:\/\/grimmels.de\/wordpress\/wp-content\/uploads\/2024\/10\/lgog_box_hell_kleiner-300x231.png","coauthors":[],"tax_additional":{"categories":{"linked":["<a href=\"https:\/\/grimmels.de\/wordpress\/category\/aktuell\/\" class=\"advgb-post-tax-term\">Aktuell<\/a>","<a href=\"https:\/\/grimmels.de\/wordpress\/category\/fachbereich-3\/mathematik\/\" class=\"advgb-post-tax-term\">Mathematik<\/a>"],"unlinked":["<span class=\"advgb-post-tax-term\">Aktuell<\/span>","<span class=\"advgb-post-tax-term\">Mathematik<\/span>"]}},"comment_count":"0","relative_dates":{"created":"Posted 1\u00a0Jahr ago","modified":"Updated 1\u00a0Jahr ago"},"absolute_dates":{"created":"Posted on 21. April 2025","modified":"Updated on 21. April 2025"},"absolute_dates_time":{"created":"Posted on 21. April 2025 20:35","modified":"Updated on 21. April 2025 20:36"},"featured_img_caption":"","series_order":"","_links":{"self":[{"href":"https:\/\/grimmels.de\/wordpress\/wp-json\/wp\/v2\/posts\/63544","targetHints":{"allow":["GET"]}}],"collection":[{"href":"https:\/\/grimmels.de\/wordpress\/wp-json\/wp\/v2\/posts"}],"about":[{"href":"https:\/\/grimmels.de\/wordpress\/wp-json\/wp\/v2\/types\/post"}],"author":[{"embeddable":true,"href":"https:\/\/grimmels.de\/wordpress\/wp-json\/wp\/v2\/users\/1"}],"replies":[{"embeddable":true,"href":"https:\/\/grimmels.de\/wordpress\/wp-json\/wp\/v2\/comments?post=63544"}],"version-history":[{"count":4,"href":"https:\/\/grimmels.de\/wordpress\/wp-json\/wp\/v2\/posts\/63544\/revisions"}],"predecessor-version":[{"id":63549,"href":"https:\/\/grimmels.de\/wordpress\/wp-json\/wp\/v2\/posts\/63544\/revisions\/63549"}],"wp:featuredmedia":[{"embeddable":true,"href":"https:\/\/grimmels.de\/wordpress\/wp-json\/wp\/v2\/media\/59480"}],"wp:attachment":[{"href":"https:\/\/grimmels.de\/wordpress\/wp-json\/wp\/v2\/media?parent=63544"}],"wp:term":[{"taxonomy":"category","embeddable":true,"href":"https:\/\/grimmels.de\/wordpress\/wp-json\/wp\/v2\/categories?post=63544"},{"taxonomy":"post_tag","embeddable":true,"href":"https:\/\/grimmels.de\/wordpress\/wp-json\/wp\/v2\/tags?post=63544"}],"curies":[{"name":"wp","href":"https:\/\/api.w.org\/{rel}","templated":true}]}}