{"id":66749,"date":"2025-10-24T10:28:36","date_gmt":"2025-10-24T08:28:36","guid":{"rendered":"https:\/\/grimmels.de\/wordpress\/?p=66749"},"modified":"2025-10-24T10:30:23","modified_gmt":"2025-10-24T08:30:23","slug":"grimmels-bereits-zum-achten-mal-mit-dem-zertifikat-umweltschule-lernen-und-handeln-fuer-unsere-zukunft-ausgezeichnet","status":"publish","type":"post","link":"https:\/\/grimmels.de\/wordpress\/grimmels-bereits-zum-achten-mal-mit-dem-zertifikat-umweltschule-lernen-und-handeln-fuer-unsere-zukunft-ausgezeichnet\/","title":{"rendered":"Grimmels bereits zum achten Mal mit dem Zertifikat \u201eUmweltschule \u2013 Lernen und Handeln f\u00fcr unsere Zukunft\u201c ausgezeichnet"},"content":{"rendered":"\t\t<div data-elementor-type=\"wp-post\" data-elementor-id=\"66749\" class=\"elementor elementor-66749\" data-elementor-post-type=\"post\">\n\t\t\t\t<div class=\"elementor-element elementor-element-4ebb2204 e-flex e-con-boxed e-con e-parent\" data-id=\"4ebb2204\" data-element_type=\"container\">\n\t\t\t\t\t<div class=\"e-con-inner\">\n\t\t\t\t<div class=\"elementor-element elementor-element-73c7efb4 elementor-widget elementor-widget-heading\" data-id=\"73c7efb4\" data-element_type=\"widget\" data-widget_type=\"heading.default\">\n\t\t\t\t<div class=\"elementor-widget-container\">\n\t\t\t\t\t<h2 class=\"elementor-heading-title elementor-size-default\">Grimmelshausen-Gymnasium bereits zum achten Mal mit dem Zertifikat \u201eUmweltschule \u2013 Lernen und Handeln f\u00fcr unsere Zukunft\u201c ausgezeichnet<\/h2>\t\t\t\t<\/div>\n\t\t\t\t<\/div>\n\t\t\t\t<div class=\"elementor-element elementor-element-1ce27499 elementor-widget elementor-widget-text-editor\" data-id=\"1ce27499\" data-element_type=\"widget\" data-widget_type=\"text-editor.default\">\n\t\t\t\t<div class=\"elementor-widget-container\">\n\t\t\t\t\t\t\t\t\t<p style=\"font-weight: 400;\"><em>Bereits zum achten Mal hat das Grimmelshausen-Gymnasium durch die Implementierung sowie Dokumentation zweier Schulentwicklungsvorhaben das Qualit\u00e4tssiegel \u201eHessische Umweltschule\u201c erworben. In dem diesj\u00e4hrigen Bewerbungsverfahren, das r\u00fcckblickend zwei Teilbereiche beinhaltet, wurden zum einen die Projektbausteine zur Kampagne \u201ePfand geh\u00f6rt daneben\u201c sowie \u201ePlanetary Health Diet &#8211; Nachhaltige Schulverpflegung\u201c dokumentiert. Die Zertifizierung wird gemeinsam vom Hessischen Ministerium f\u00fcr Kultus, Bildung und Chancen sowie dem Hessischen Ministerium\u00a0f\u00fcr Landwirtschaft und Umwelt, Weinbau, Forsten, Jagd und Heimat in Kooperation mit den hessischen Umweltzentren durchgef\u00fchrt. <\/em><\/p><p style=\"font-weight: 400;\">Insgesamt erhielten 136 Schulen bei einer feierlichen Auszeichnungsveranstaltung am 26. September 2025 im Congress Park Hanau ihre Urkunde f\u00fcr besonderes Engagement in den Bereichen Umweltbildung und Bildung f\u00fcr nachhaltige Entwicklung.<\/p><p style=\"font-weight: 400;\">Das Grimmelshausen-Gymnasium ist mit zwei Handlungsbereichen ins Auswertungsverfahren gegangen:<\/p><p style=\"font-weight: 400;\"><strong><em>Handlungsbereich 1: \u201ePfand geh\u00f6rt daneben\u201c<\/em><\/strong><\/p><p style=\"font-weight: 400;\">Das von der Kunstlehrerin Lisa Hohmann initiierte Projekt wurde in den Schuljahren 2023\/24 und 2024\/25 in verschiedenen Jahrgangsstufen der Sekundarstufe I durchgef\u00fchrt. Ziel war es, Sch\u00fclerinnen und Sch\u00fcler f\u00fcr einen verantwortungsvollen Umgang mit Ressourcen zu sensibilisieren und sie zu einem nachhaltigen Konsumverhalten zu motivieren \u2013 exemplarisch am Beispiel des Pfandsystems.<\/p><p style=\"font-weight: 400;\">In Zusammenarbeit mit zwei 7. Klassen wurden vielf\u00e4ltige Projektbausteine entwickelt, die unter anderem die Gestaltung von Plakaten, die Einrichtung sogenannter Pfandparkpl\u00e4tze auf dem Schulhof sowie eine Kooperation mit der Erfinder-AG, bei der Pfandringe konstruiert und installiert wurden, beinhalteten. Ein besonderes Highlight war f\u00fcr die Sch\u00fclerinnen und Sch\u00fcler die Zusammenarbeit mit der Tafel Gelnhausen: Im Rahmen einer Pfandsammel-Aktion wurde ein gesammelter Geldbetrag als Gutschein feierlich \u00fcbergeben. Eine Dauerausstellung zu den selbst gestalteten Plakaten ist vor den Kunst-Fachr\u00e4umen zu finden. Im Juni 2024 fand zudem ein Graffiti-Projekttag auf dem Schulhof statt, der in Zusammenarbeit mit der Biologielehrerin Franziska W\u00f6ll und der Erfinder-AG von Fabian Bess durchgef\u00fchrt wurde. Dabei konnten kreative Graffitis erstellt, neue Pfandringe installiert und Info-Boards rund um das Projekt gestaltet werden.<\/p><p style=\"font-weight: 400;\"><strong>Handlungsbereich 2: Nachhaltige Schulverpflegung \u2013 Planetary Health Diet<\/strong><\/p><p style=\"font-weight: 400;\">Ein weiterer Schwerpunkt lag auf der Ern\u00e4hrungsbildung. Ziel war es, Themen wie nachhaltigen Konsum, fairen Handel und bewusste Ern\u00e4hrung fest im Schulalltag zu verankern \u2013 insbesondere durch das schulinterne Caf\u00e9haus, das unter anderem durch das Engagement zahlreicher Ehrenamtlicher betrieben wird.<\/p><p style=\"font-weight: 400;\">Das Angebot wurde dabei gezielt um Proteinalternativen, einen regelm\u00e4\u00dfigen Veggie-Day, der Friday Bowl sowie Ma\u00dfnahmen zur M\u00fcllvermeidung erweitert. So leistet die Schule einen konkreten Beitrag zu einem nachhaltigeren Essverhalten und vermittelt zugleich wichtige Impulse f\u00fcr die allt\u00e4gliche Lebensf\u00fchrung. Vielen Dank an Simone Gerlach, die diesen Teilbereich als Beauftragte f\u00fcr \u201eSchule und Gesundheit\u201c koordiniert hat.<\/p><p style=\"font-weight: 400;\">Im Rahmen der Auszeichnungsfeier konnte das Zertifikat von den Sch\u00fclerinnen Jule Buchinger und Alva John, Franziska W\u00f6ll (MINT-Koordinatorin) und Christoph Richter (Leiter des Fachbereichs III) entgegengenommen werden. Jule Buchinger (9.5) und Alva John (9.5) berichteten an unserem Stand \u00fcber die Kampagne \u201ePfand geh\u00f6rt daneben\u201c und gaben authentische Einblicke in die Projektabl\u00e4ufe. Vor und nach der offiziellen \u00dcbergabe bot sich zudem Gelegenheit zum Austausch mit anderen Schulen.<\/p><p style=\"font-weight: 400;\">Staatssekret\u00e4r Dr. Manuel L\u00f6sel betonte in seiner Rede: \u201eDiese Projekte bieten gemeinschaftliches, anwendungsorientiertes Handeln und machen Nachhaltigkeit anschaulich. Sie geben jungen Menschen die M\u00f6glichkeit, Fragen nach Ern\u00e4hrung, globaler Gerechtigkeit und fairem Miteinander zu stellen und ermutigen sie, Antworten auszuprobieren\u201c und dankte den Schulen f\u00fcr ihr au\u00dfergew\u00f6hnliches Engagement.<\/p><p style=\"font-weight: 400;\">Auch Staatssekret\u00e4r Michael Ruhl freute sich \u00fcber den Einsatz der Schulen: \u201eDas Netzwerk der Umweltschulen ist bundesweit einmalig. Dabei werden globale Herausforderungen verst\u00e4ndlich gemacht und praktische L\u00f6sungen in unserer Heimat erprobt. Ob im Natur- und Artenschutz, bei der Schonung von Ressourcen, der Aufforstung unserer W\u00e4lder oder bei Klimaschutz-Projekten \u2013 hier werden Regionalit\u00e4t sowie nachhaltiges Denken gelernt und danach gehandelt.\u201c<\/p><p style=\"font-weight: 400;\">Auch zuk\u00fcnftig wird die Initiative \u201eBildung f\u00fcr eine nachhaltige Entwicklung \u2013 BNE\u201c einen gr\u00f6\u00dferen Stellenwert im Bildungsauftrag des Grimmelshausen-Gymnasiums einnehmen \u2013 zum Beispiel mit der f\u00fcr Juni 2026 vorgesehenen \u201eProjektwoche der Nachhaltigkeit.\u201c<\/p><p style=\"font-weight: 400;\"><em>Franziska W\u00f6ll (MINT-Koordinatorin)<\/em><\/p>\t\t\t\t\t\t\t\t<\/div>\n\t\t\t\t<\/div>\n\t\t\t\t<div class=\"elementor-element elementor-element-4cc34b5 elementor-widget elementor-widget-image\" data-id=\"4cc34b5\" data-element_type=\"widget\" data-widget_type=\"image.default\">\n\t\t\t\t<div class=\"elementor-widget-container\">\n\t\t\t\t\t\t\t\t\t\t\t\t\t\t\t<img fetchpriority=\"high\" decoding=\"async\" width=\"768\" height=\"1365\" src=\"https:\/\/grimmels.de\/wordpress\/wp-content\/uploads\/2025\/10\/Bild-2-768x1365.jpg\" class=\"attachment-medium_large size-medium_large wp-image-66753\" alt=\"\" srcset=\"https:\/\/grimmels.de\/wordpress\/wp-content\/uploads\/2025\/10\/Bild-2-768x1365.jpg 768w, https:\/\/grimmels.de\/wordpress\/wp-content\/uploads\/2025\/10\/Bild-2-169x300.jpg 169w, https:\/\/grimmels.de\/wordpress\/wp-content\/uploads\/2025\/10\/Bild-2-576x1024.jpg 576w, https:\/\/grimmels.de\/wordpress\/wp-content\/uploads\/2025\/10\/Bild-2-84x150.jpg 84w, https:\/\/grimmels.de\/wordpress\/wp-content\/uploads\/2025\/10\/Bild-2-864x1536.jpg 864w, https:\/\/grimmels.de\/wordpress\/wp-content\/uploads\/2025\/10\/Bild-2-1152x2048.jpg 1152w, https:\/\/grimmels.de\/wordpress\/wp-content\/uploads\/2025\/10\/Bild-2-scaled.jpg 1440w\" sizes=\"(max-width: 768px) 100vw, 768px\" \/>\t\t\t\t\t\t\t\t\t\t\t\t\t\t\t<\/div>\n\t\t\t\t<\/div>\n\t\t\t\t\t<\/div>\n\t\t\t\t<\/div>\n\t\t\t\t<\/div>\n\t\t","protected":false},"excerpt":{"rendered":"<p>Bereits zum achten Mal hat das Grimmelshausen-Gymnasium durch die Implementierung sowie Dokumentation zweier Schulentwicklungsvorhaben das Qualit\u00e4tssiegel \u201eHessische Umweltschule\u201c erworben. <\/p>\n","protected":false},"author":1,"featured_media":66753,"comment_status":"closed","ping_status":"closed","sticky":false,"template":"","format":"standard","meta":{"advgb_blocks_editor_width":"","advgb_blocks_columns_visual_guide":"","ngg_post_thumbnail":0,"footnotes":""},"categories":[1,79],"tags":[],"class_list":["post-66749","post","type-post","status-publish","format-standard","has-post-thumbnail","hentry","category-aktuell","category-fachbereich-3"],"author_meta":{"display_name":"webmaster","author_link":"https:\/\/grimmels.de\/wordpress\/author\/webmaster\/"},"featured_img":"https:\/\/grimmels.de\/wordpress\/wp-content\/uploads\/2025\/10\/Bild-2-169x300.jpg","coauthors":[],"tax_additional":{"categories":{"linked":["<a href=\"https:\/\/grimmels.de\/wordpress\/category\/aktuell\/\" class=\"advgb-post-tax-term\">Aktuell<\/a>","<a href=\"https:\/\/grimmels.de\/wordpress\/category\/fachbereich-3\/\" class=\"advgb-post-tax-term\">Fachbereich 3<\/a>"],"unlinked":["<span class=\"advgb-post-tax-term\">Aktuell<\/span>","<span class=\"advgb-post-tax-term\">Fachbereich 3<\/span>"]}},"comment_count":"0","relative_dates":{"created":"Posted 6\u00a0Monaten ago","modified":"Updated 6\u00a0Monaten ago"},"absolute_dates":{"created":"Posted on 24. Oktober 2025","modified":"Updated on 24. Oktober 2025"},"absolute_dates_time":{"created":"Posted on 24. Oktober 2025 10:28","modified":"Updated on 24. Oktober 2025 10:30"},"featured_img_caption":"","series_order":"","_links":{"self":[{"href":"https:\/\/grimmels.de\/wordpress\/wp-json\/wp\/v2\/posts\/66749","targetHints":{"allow":["GET"]}}],"collection":[{"href":"https:\/\/grimmels.de\/wordpress\/wp-json\/wp\/v2\/posts"}],"about":[{"href":"https:\/\/grimmels.de\/wordpress\/wp-json\/wp\/v2\/types\/post"}],"author":[{"embeddable":true,"href":"https:\/\/grimmels.de\/wordpress\/wp-json\/wp\/v2\/users\/1"}],"replies":[{"embeddable":true,"href":"https:\/\/grimmels.de\/wordpress\/wp-json\/wp\/v2\/comments?post=66749"}],"version-history":[{"count":4,"href":"https:\/\/grimmels.de\/wordpress\/wp-json\/wp\/v2\/posts\/66749\/revisions"}],"predecessor-version":[{"id":66759,"href":"https:\/\/grimmels.de\/wordpress\/wp-json\/wp\/v2\/posts\/66749\/revisions\/66759"}],"wp:featuredmedia":[{"embeddable":true,"href":"https:\/\/grimmels.de\/wordpress\/wp-json\/wp\/v2\/media\/66753"}],"wp:attachment":[{"href":"https:\/\/grimmels.de\/wordpress\/wp-json\/wp\/v2\/media?parent=66749"}],"wp:term":[{"taxonomy":"category","embeddable":true,"href":"https:\/\/grimmels.de\/wordpress\/wp-json\/wp\/v2\/categories?post=66749"},{"taxonomy":"post_tag","embeddable":true,"href":"https:\/\/grimmels.de\/wordpress\/wp-json\/wp\/v2\/tags?post=66749"}],"curies":[{"name":"wp","href":"https:\/\/api.w.org\/{rel}","templated":true}]}}