{"id":69730,"date":"2026-04-25T13:46:34","date_gmt":"2026-04-25T11:46:34","guid":{"rendered":"https:\/\/grimmels.de\/wordpress\/?p=69730"},"modified":"2026-04-25T13:47:27","modified_gmt":"2026-04-25T11:47:27","slug":"sieben-grimmels-qualifizieren-sich-fuer-die-zweite-runde","status":"publish","type":"post","link":"https:\/\/grimmels.de\/wordpress\/sieben-grimmels-qualifizieren-sich-fuer-die-zweite-runde\/","title":{"rendered":"Sieben Grimmels qualifizieren sich f\u00fcr die zweite Runde"},"content":{"rendered":"\t\t<div data-elementor-type=\"wp-post\" data-elementor-id=\"69730\" class=\"elementor elementor-69730\" data-elementor-post-type=\"post\">\n\t\t\t\t<div class=\"elementor-element elementor-element-2f100e35 e-flex e-con-boxed e-con e-parent\" data-id=\"2f100e35\" data-element_type=\"container\">\n\t\t\t\t\t<div class=\"e-con-inner\">\n\t\t\t\t<div class=\"elementor-element elementor-element-21213d7e elementor-widget elementor-widget-heading\" data-id=\"21213d7e\" data-element_type=\"widget\" data-widget_type=\"heading.default\">\n\t\t\t\t<div class=\"elementor-widget-container\">\n\t\t\t\t\t<h2 class=\"elementor-heading-title elementor-size-default\">Sieben Grimmels qualifizieren sich f\u00fcr die zweite Runde<\/h2>\t\t\t\t<\/div>\n\t\t\t\t<\/div>\n\t\t\t\t<div class=\"elementor-element elementor-element-49d37dfc elementor-widget elementor-widget-heading\" data-id=\"49d37dfc\" data-element_type=\"widget\" data-widget_type=\"heading.default\">\n\t\t\t\t<div class=\"elementor-widget-container\">\n\t\t\t\t\t<h3 class=\"elementor-heading-title elementor-size-default\">Die Schulgemeinde gratuliert zu Erfolgen beim Mathewettbewerb 2026<\/h3>\t\t\t\t<\/div>\n\t\t\t\t<\/div>\n\t\t\t\t<div class=\"elementor-element elementor-element-2d22f97e elementor-widget elementor-widget-text-editor\" data-id=\"2d22f97e\" data-element_type=\"widget\" data-widget_type=\"text-editor.default\">\n\t\t\t\t<div class=\"elementor-widget-container\">\n\t\t\t\t\t\t\t\t\t<div><p><i>Auch im Schuljahr 2025\/2026 nahm die gesamte Jahrgangsstufe 8 des Grimmelshausen-Gymnasiums am Mathematikwettbewerb des Landes Hessen, der im Rahmen einer Klassenarbeit durchgef\u00fchrt wurde, teil.<\/i><\/p><\/div><div><p>Die Teilnehmerinnen und Teilnehmer, die die meisten Punkte erreicht haben, konnten sich f\u00fcr den Regionalentscheid, der am 04. M\u00e4rz 2026 an der Hohen Landesschule in Hanau ausgetragen wurde, qualifizieren.<\/p><\/div><div><p>In der ersten Runde (Schulrunde) siegte in diesem Jahr Tim Auhl aus der Klasse 8.1, dicht gefolgt von Ida Winterfeld, ebenfalls aus der Klasse 8.1, mit 46 bzw. 45 von 48 erreichbaren Punkten. Direkt dahinter lagen Valeria Eidmiller (8.3) mit 44,5 Punkten, Elia Doce (8.7, 44 Punkte) und Fabienne Glehn (8.7, 44 Punkte). Zus\u00e4tzlich f\u00fcr die zweite Runde haben sich qualifiziert: Maximilian Schwarz (8.4, 43 Punkte) und Emilia Kosel (8.5, 42,5 Punkte).<\/p><\/div><div><p>In der zweiten Runde des Mathematik-Wettbewerbs an der Hohen Landesschule Hanau tauschte sich die Reihenfolge unserer Schulsiegerinnen und Schulsieger dann. Elia Doce und Fabienne Glehn konnten als beste Grimmels mit 35,5 von 48 bzw. 30 von 48 Punkten auf Rang 3 bzw. Rang 11 abschlie\u00dfen, sich damit aber leider nicht f\u00fcr die Endrunde qualifizieren.<\/p><\/div><div><p>Trotz knapp verpasster Qualifikation f\u00fcr die dritte Runde sind wir sehr stolz auf die guten Leistungen unserer Sch\u00fclerinnen und Sch\u00fcler und gratulieren nochmals ganz herzlich. Weiterhin w\u00fcnschen wir allen Teilnehmerinnen und Teilnehmern weiterhin viel Spa\u00df und Freude an Knobeleien und der interessanten Welt der Mathematik. F\u00fcr m\u00f6gliche kommende Wettbewerbe in den n\u00e4chsten Jahren w\u00fcnschen wir zudem einen k\u00fchlen Kopf, gute Ideen, hohe Motivation und vor allem Spa\u00df.<\/p><\/div><div><p><i>Christoph Richter<\/i><\/p><\/div><div><p><i>(Fachbereichsleiter III)<\/i><\/p><\/div>\t\t\t\t\t\t\t\t<\/div>\n\t\t\t\t<\/div>\n\t\t\t\t\t<\/div>\n\t\t\t\t<\/div>\n\t\t\t\t<\/div>\n\t\t","protected":false},"excerpt":{"rendered":"<p>Sieben Grimmels qualifizieren sich f\u00fcr die zweite Runde Die Schulgemeinde gratuliert zu Erfolgen beim Mathewettbewerb 2026 Auch im Schuljahr 2025\/2026 nahm die gesamte Jahrgangsstufe 8 des Grimmelshausen-Gymnasiums am Mathematikwettbewerb des Landes Hessen, der im Rahmen einer Klassenarbeit durchgef\u00fchrt wurde, teil. Die Teilnehmerinnen und Teilnehmer, die die meisten Punkte erreicht haben, konnten sich f\u00fcr den Regionalentscheid, [&hellip;]<\/p>\n","protected":false},"author":1,"featured_media":59478,"comment_status":"closed","ping_status":"closed","sticky":false,"template":"","format":"standard","meta":{"advgb_blocks_editor_width":"","advgb_blocks_columns_visual_guide":"","ngg_post_thumbnail":0,"footnotes":""},"categories":[1],"tags":[],"class_list":["post-69730","post","type-post","status-publish","format-standard","has-post-thumbnail","hentry","category-aktuell"],"author_meta":{"display_name":"webmaster","author_link":"https:\/\/grimmels.de\/wordpress\/author\/webmaster\/"},"featured_img":"https:\/\/grimmels.de\/wordpress\/wp-content\/uploads\/2024\/10\/grimmels_logo_box_hell-300x241.png","coauthors":[],"tax_additional":{"categories":{"linked":["<a href=\"https:\/\/grimmels.de\/wordpress\/category\/aktuell\/\" class=\"advgb-post-tax-term\">Aktuell<\/a>"],"unlinked":["<span class=\"advgb-post-tax-term\">Aktuell<\/span>"]}},"comment_count":"0","relative_dates":{"created":"Posted 3\u00a0Tagen ago","modified":"Updated 3\u00a0Tagen ago"},"absolute_dates":{"created":"Posted on 25. April 2026","modified":"Updated on 25. April 2026"},"absolute_dates_time":{"created":"Posted on 25. April 2026 13:46","modified":"Updated on 25. April 2026 13:47"},"featured_img_caption":"","series_order":"","_links":{"self":[{"href":"https:\/\/grimmels.de\/wordpress\/wp-json\/wp\/v2\/posts\/69730","targetHints":{"allow":["GET"]}}],"collection":[{"href":"https:\/\/grimmels.de\/wordpress\/wp-json\/wp\/v2\/posts"}],"about":[{"href":"https:\/\/grimmels.de\/wordpress\/wp-json\/wp\/v2\/types\/post"}],"author":[{"embeddable":true,"href":"https:\/\/grimmels.de\/wordpress\/wp-json\/wp\/v2\/users\/1"}],"replies":[{"embeddable":true,"href":"https:\/\/grimmels.de\/wordpress\/wp-json\/wp\/v2\/comments?post=69730"}],"version-history":[{"count":4,"href":"https:\/\/grimmels.de\/wordpress\/wp-json\/wp\/v2\/posts\/69730\/revisions"}],"predecessor-version":[{"id":69735,"href":"https:\/\/grimmels.de\/wordpress\/wp-json\/wp\/v2\/posts\/69730\/revisions\/69735"}],"wp:featuredmedia":[{"embeddable":true,"href":"https:\/\/grimmels.de\/wordpress\/wp-json\/wp\/v2\/media\/59478"}],"wp:attachment":[{"href":"https:\/\/grimmels.de\/wordpress\/wp-json\/wp\/v2\/media?parent=69730"}],"wp:term":[{"taxonomy":"category","embeddable":true,"href":"https:\/\/grimmels.de\/wordpress\/wp-json\/wp\/v2\/categories?post=69730"},{"taxonomy":"post_tag","embeddable":true,"href":"https:\/\/grimmels.de\/wordpress\/wp-json\/wp\/v2\/tags?post=69730"}],"curies":[{"name":"wp","href":"https:\/\/api.w.org\/{rel}","templated":true}]}}