{"id":69749,"date":"2026-04-28T11:00:14","date_gmt":"2026-04-28T09:00:14","guid":{"rendered":"https:\/\/grimmels.de\/wordpress\/?p=69749"},"modified":"2026-04-28T11:04:19","modified_gmt":"2026-04-28T09:04:19","slug":"preisverdaechtig-das-grimmels-projekt-zum-jugendliteraturpreis","status":"publish","type":"post","link":"https:\/\/grimmels.de\/wordpress\/preisverdaechtig-das-grimmels-projekt-zum-jugendliteraturpreis\/","title":{"rendered":"Preisverd\u00e4chtig:\u00a0Das Grimmels-Projekt zum Jugendliteraturpreis"},"content":{"rendered":"\t\t<div data-elementor-type=\"wp-post\" data-elementor-id=\"69749\" class=\"elementor elementor-69749\" data-elementor-post-type=\"post\">\n\t\t\t\t<div class=\"elementor-element elementor-element-74cdbdb e-con-full e-flex e-con e-parent\" data-id=\"74cdbdb\" data-element_type=\"container\" data-settings=\"{&quot;background_background&quot;:&quot;classic&quot;}\">\n\t\t\t\t<\/div>\n\t\t<div class=\"elementor-element elementor-element-2be6763d e-flex e-con-boxed e-con e-parent\" data-id=\"2be6763d\" data-element_type=\"container\" data-settings=\"{&quot;background_background&quot;:&quot;classic&quot;}\">\n\t\t\t\t\t<div class=\"e-con-inner\">\n\t\t\t\t<div class=\"elementor-element elementor-element-1dc7611e elementor-widget elementor-widget-heading\" data-id=\"1dc7611e\" data-element_type=\"widget\" data-widget_type=\"heading.default\">\n\t\t\t\t<div class=\"elementor-widget-container\">\n\t\t\t\t\t<h2 class=\"elementor-heading-title elementor-size-default\">Preisverd\u00e4chtig: Das Grimmels-Projekt zum Jugendliteraturpreis <\/h2>\t\t\t\t<\/div>\n\t\t\t\t<\/div>\n\t\t\t\t\t<\/div>\n\t\t\t\t<\/div>\n\t\t<div class=\"elementor-element elementor-element-bc17a22 e-flex e-con-boxed e-con e-parent\" data-id=\"bc17a22\" data-element_type=\"container\" data-settings=\"{&quot;background_background&quot;:&quot;classic&quot;}\">\n\t\t\t\t\t<div class=\"e-con-inner\">\n\t\t\t\t<div class=\"elementor-element elementor-element-453e4a80 elementor-invisible elementor-widget elementor-widget-button\" data-id=\"453e4a80\" data-element_type=\"widget\" data-settings=\"{&quot;_animation&quot;:&quot;zoomIn&quot;}\" data-widget_type=\"button.default\">\n\t\t\t\t<div class=\"elementor-widget-container\">\n\t\t\t\t\t\t\t\t\t<div class=\"elementor-button-wrapper\">\n\t\t\t\t\t<a class=\"elementor-button elementor-button-link elementor-size-sm\" href=\"https:\/\/grimmels.de\/wordpress\/news\/\">\n\t\t\t\t\t\t<span class=\"elementor-button-content-wrapper\">\n\t\t\t\t\t\t\t\t\t<span class=\"elementor-button-text\">Alle Artikel<\/span>\n\t\t\t\t\t<\/span>\n\t\t\t\t\t<\/a>\n\t\t\t\t<\/div>\n\t\t\t\t\t\t\t\t<\/div>\n\t\t\t\t<\/div>\n\t\t\t\t<div class=\"elementor-element elementor-element-11c68870 elementor-invisible elementor-widget elementor-widget-heading\" data-id=\"11c68870\" data-element_type=\"widget\" data-settings=\"{&quot;_animation&quot;:&quot;zoomIn&quot;}\" data-widget_type=\"heading.default\">\n\t\t\t\t<div class=\"elementor-widget-container\">\n\t\t\t\t\t<h2 class=\"elementor-heading-title elementor-size-default\">#literaturAG<\/h2>\t\t\t\t<\/div>\n\t\t\t\t<\/div>\n\t\t\t\t\t<\/div>\n\t\t\t\t<\/div>\n\t\t<div class=\"elementor-element elementor-element-23b75830 e-flex e-con-boxed e-con e-parent\" data-id=\"23b75830\" data-element_type=\"container\">\n\t\t\t\t\t<div class=\"e-con-inner\">\n\t\t\t\t<div class=\"elementor-element elementor-element-3d26649b elementor-widget elementor-widget-text-editor\" data-id=\"3d26649b\" data-element_type=\"widget\" data-widget_type=\"text-editor.default\">\n\t\t\t\t<div class=\"elementor-widget-container\">\n\t\t\t\t\t\t\t\t\t<div><p class=\"paragraph\"><span class=\"normaltextrun\"><i>Endlich ist es<\/i><\/span><span class=\"apple-converted-space\"><i>\u00a0<\/i><\/span><span class=\"normaltextrun\"><i>soweit!<\/i><\/span><span class=\"apple-converted-space\"><i>\u00a0<\/i><\/span><span class=\"normaltextrun\"><i>Auf der Leipziger Buchmesse wurden am 20. M\u00e4rz 2026 die neuen B\u00fccher f\u00fcr den Jugendliteraturpreis nominiert und 10 Jugendliche aus der Literatur-AG waren mit Elena Serdjuc und Christine Bischoff als G\u00e4ste mit dabei.<\/i><\/span><\/p><\/div><div><p class=\"paragraph\"><span class=\"normaltextrun\">F\u00fcr uns am Grimmels startet \u201ePreisverd\u00e4chtig\u201c<\/span><span class=\"apple-converted-space\">\u00a0<\/span><span class=\"normaltextrun\">in die n\u00e4chste Runde. Wer noch nie von \u201ePreisverd\u00e4chtig\u201c geh\u00f6rt hat, aber sich f\u00fcr aktuelle und vielf\u00e4ltige Literatur interessiert, sollte unbedingt weiterlesen.<\/span><span class=\"apple-converted-space\">\u00a0<\/span><span class=\"normaltextrun\">Aber auch f\u00fcr jemanden, der an Literatur bis jetzt nichts finden<\/span><span class=\"apple-converted-space\">\u00a0<\/span><span class=\"normaltextrun\">konnte, k\u00f6nnte das hier vielleicht eine<\/span><span class=\"apple-converted-space\">\u00a0<\/span><span class=\"normaltextrun\">Einf\u00fchrung in ein wichtiges<\/span><span class=\"apple-converted-space\">\u00a0<\/span><span class=\"normaltextrun\">und sehr interessantes<\/span><span class=\"apple-converted-space\">\u00a0<\/span><span class=\"normaltextrun\">Thema sein.<\/span><span class=\"eop\">\u00a0<\/span><\/p><\/div><div><p class=\"paragraph\"><span class=\"normaltextrun\">\u201ePreisverd\u00e4chtig\u201c ist ein Projekt an unserer Schule, das vor einigen Jahren von Christine Bischoff ins Leben gerufen wurde. Hierbei<\/span><span class=\"apple-converted-space\">\u00a0<\/span><span class=\"normaltextrun\">darf sich jeder ein f\u00fcr den<\/span><span class=\"apple-converted-space\">\u00a0<\/span><span class=\"normaltextrun\">\u201eJugendliteraturpreis\u201c<\/span><span class=\"apple-converted-space\">\u00a0<\/span><span class=\"normaltextrun\">oder \u201ePreis der Jugendjury\u201c nominiertes Buch ausw\u00e4hlen<\/span><span class=\"apple-converted-space\">\u00a0<\/span><span class=\"normaltextrun\">und dieses vor einer kleinen Gruppe aus Literaturinteressierten vorstellen. Dies verl\u00e4uft meistens so, dass sich die Sch\u00fclerinnen und Sch\u00fcler in<\/span><span class=\"apple-converted-space\">\u00a0<\/span><span class=\"normaltextrun\">Gruppen aufteilen oder f\u00fcr sich allein ein Buch lesen und vorstellen. Hierbei geht es auch nicht, wie im Unterricht, darum, eine<\/span><span class=\"apple-converted-space\">\u00a0<\/span><span class=\"normaltextrun\">m\u00f6glichst gute Buchvorstellung hinzulegen, sondern darum, zu zeigen, warum man dieses Buch ausgew\u00e4hlt hat und warum eben jenes den<\/span><span class=\"apple-converted-space\">\u00a0<\/span><span class=\"normaltextrun\">Preis,<\/span><span class=\"apple-converted-space\">\u00a0<\/span><span class=\"normaltextrun\">f\u00fcr den es nominiert wurde, verdient hat.\u00a0<\/span><span class=\"eop\">\u00a0<\/span><\/p><\/div><div><p class=\"paragraph\"><span class=\"normaltextrun\">Das Projekt ist<\/span><span class=\"apple-converted-space\">\u00a0<\/span><span class=\"normaltextrun\">ein<\/span><span class=\"apple-converted-space\">\u00a0<\/span><span class=\"normaltextrun\">Unterprojekt<\/span><span class=\"apple-converted-space\">\u00a0<\/span><span class=\"normaltextrun\">der Literatur-AG, welche nun schon seit zwei Jahren besteht.<\/span><span class=\"apple-converted-space\">\u00a0<\/span><span class=\"normaltextrun\">Trotzdem sind<\/span><span class=\"apple-converted-space\">\u00a0<\/span><span class=\"normaltextrun\">alle au\u00dferhalb der AG immer gerne eingeladen, teilzunehmen oder<\/span><span class=\"apple-converted-space\">\u00a0<\/span><span class=\"normaltextrun\">w\u00e4hrend des B\u00fcchervorstellungsnachmittags zuzuh\u00f6ren.\u00a0<\/span><span class=\"eop\">\u00a0<\/span><\/p><\/div><div><p class=\"paragraph\"><span class=\"normaltextrun\">Und damit w\u00e4ren wir schon bei der B\u00fcchervorstellung.<\/span><span class=\"apple-converted-space\">\u00a0<\/span><span class=\"normaltextrun\">Recht<\/span><span class=\"apple-converted-space\">\u00a0<\/span><span class=\"normaltextrun\">professionell<\/span><span class=\"apple-converted-space\">\u00a0<\/span><span class=\"normaltextrun\">werden die Anwesenden von zwei<\/span><span class=\"apple-converted-space\">\u00a0<\/span><span class=\"normaltextrun\">Moderatoren aus der Sch\u00fclerschaft durch den Nachmittag geleitet. Vor und nach den Vorstellungen bietet sich zudem Unterhaltungspotenzial mit weiteren Literaturinteressierten und<\/span><span class=\"apple-converted-space\">\u00a0weiteren <\/span><span class=\"normaltextrun\">Zuschauerinnen und Zuschauern,<\/span><span class=\"apple-converted-space\">\u00a0<\/span><span class=\"normaltextrun\">die einfach mal reinschnuppern.<\/span><span class=\"apple-converted-space\">\u00a0<\/span><span class=\"normaltextrun\">Alles in allem ist es ein allj\u00e4hrliches Event, das man nicht verpassen m\u00f6chte!<\/span><span class=\"eop\">\u00a0<\/span><\/p><\/div><div><p class=\"paragraph\"><span class=\"normaltextrun\">Wer Fragen oder<\/span><span class=\"apple-converted-space\">\u00a0<\/span><span class=\"normaltextrun\">Interesse hat, melde sich gerne bei uns. Wir freuen<\/span><span class=\"apple-converted-space\">\u00a0<\/span><span class=\"normaltextrun\">uns auf neue Gesichter, Perspektiven und<\/span><span class=\"apple-converted-space\">\u00a0<\/span><span class=\"normaltextrun\">gute B\u00fccher!<\/span> \u00a0<\/p><\/div><div><p class=\"paragraph\"><span class=\"eop\">Hier noch der Link zu den nominierten B\u00fcchern: <\/span><a href=\"https:\/\/www.jugendliteratur.org\/nominierungen-2026\/c-103\">https:\/\/www.jugendliteratur.org\/nominierungen-2026\/c-103<\/a>\u00a0<\/p><\/div><div><p class=\"paragraph\"><span class=\"eop\">Preisverd\u00e4chtig findet wieder in der Woche vor den Herbstferien statt.<\/span><\/p><\/div><div><p class=\"paragraph\"><span class=\"normaltextrun\"><i>Elias Rei\u00dfer<\/i><\/span><span class=\"eop\"><i>\u00a0<\/i><\/span><\/p><\/div><div><p class=\"paragraph\">\u00a0<\/p><\/div>\t\t\t\t\t\t\t\t<\/div>\n\t\t\t\t<\/div>\n\t\t\t\t\t<\/div>\n\t\t\t\t<\/div>\n\t\t<div class=\"elementor-element elementor-element-1d734e7 e-con-full e-flex e-con e-parent\" data-id=\"1d734e7\" data-element_type=\"container\" data-settings=\"{&quot;background_background&quot;:&quot;classic&quot;}\">\n\t\t\t\t<div class=\"elementor-element elementor-element-26f62f01 elementor-widget elementor-widget-gallery\" data-id=\"26f62f01\" data-element_type=\"widget\" data-settings=\"{&quot;gap&quot;:{&quot;unit&quot;:&quot;px&quot;,&quot;size&quot;:30,&quot;sizes&quot;:[]},&quot;gallery_layout&quot;:&quot;masonry&quot;,&quot;columns&quot;:2,&quot;lazyload&quot;:&quot;yes&quot;,&quot;columns_tablet&quot;:2,&quot;columns_mobile&quot;:1,&quot;gap_tablet&quot;:{&quot;unit&quot;:&quot;px&quot;,&quot;size&quot;:10,&quot;sizes&quot;:[]},&quot;gap_mobile&quot;:{&quot;unit&quot;:&quot;px&quot;,&quot;size&quot;:10,&quot;sizes&quot;:[]},&quot;link_to&quot;:&quot;file&quot;,&quot;overlay_background&quot;:&quot;yes&quot;,&quot;content_hover_animation&quot;:&quot;fade-in&quot;}\" data-widget_type=\"gallery.default\">\n\t\t\t\t<div class=\"elementor-widget-container\">\n\t\t\t\t\t\t\t<div class=\"elementor-gallery__container\">\n\t\t\t\t\t\t\t<a class=\"e-gallery-item elementor-gallery-item elementor-animated-content\" href=\"https:\/\/grimmels.de\/wordpress\/wp-content\/uploads\/2026\/04\/IMG_2911-scaled.jpeg\" data-elementor-open-lightbox=\"yes\" data-elementor-lightbox-slideshow=\"26f62f01\" data-elementor-lightbox-title=\"IMG_2911\" data-e-action-hash=\"#elementor-action%3Aaction%3Dlightbox%26settings%3DeyJpZCI6Njk3NTYsInVybCI6Imh0dHBzOlwvXC9ncmltbWVscy5kZVwvd29yZHByZXNzXC93cC1jb250ZW50XC91cGxvYWRzXC8yMDI2XC8wNFwvSU1HXzI5MTEtc2NhbGVkLmpwZWciLCJzbGlkZXNob3ciOiIyNmY2MmYwMSJ9\">\n\t\t\t\t\t<div class=\"e-gallery-image elementor-gallery-item__image\" data-thumbnail=\"https:\/\/grimmels.de\/wordpress\/wp-content\/uploads\/2026\/04\/IMG_2911-1024x768.jpeg\" data-width=\"800\" data-height=\"600\" aria-label=\"\" role=\"img\" ><\/div>\n\t\t\t\t\t\t\t\t\t\t\t<div class=\"elementor-gallery-item__overlay\"><\/div>\n\t\t\t\t\t\t\t\t\t\t\t\t\t\t<\/a>\n\t\t\t\t\t\t\t<a class=\"e-gallery-item elementor-gallery-item elementor-animated-content\" href=\"https:\/\/grimmels.de\/wordpress\/wp-content\/uploads\/2026\/04\/Bildschirmfoto-2026-04-20-um-12.33.31.png\" data-elementor-open-lightbox=\"yes\" data-elementor-lightbox-slideshow=\"26f62f01\" data-elementor-lightbox-title=\"Bildschirmfoto 2026-04-20 um 12.33.31\" data-e-action-hash=\"#elementor-action%3Aaction%3Dlightbox%26settings%3DeyJpZCI6Njk3NTUsInVybCI6Imh0dHBzOlwvXC9ncmltbWVscy5kZVwvd29yZHByZXNzXC93cC1jb250ZW50XC91cGxvYWRzXC8yMDI2XC8wNFwvQmlsZHNjaGlybWZvdG8tMjAyNi0wNC0yMC11bS0xMi4zMy4zMS5wbmciLCJzbGlkZXNob3ciOiIyNmY2MmYwMSJ9\">\n\t\t\t\t\t<div class=\"e-gallery-image elementor-gallery-item__image\" data-thumbnail=\"https:\/\/grimmels.de\/wordpress\/wp-content\/uploads\/2026\/04\/Bildschirmfoto-2026-04-20-um-12.33.31-1024x376.png\" data-width=\"800\" data-height=\"294\" aria-label=\"\" role=\"img\" ><\/div>\n\t\t\t\t\t\t\t\t\t\t\t<div class=\"elementor-gallery-item__overlay\"><\/div>\n\t\t\t\t\t\t\t\t\t\t\t\t\t\t<\/a>\n\t\t\t\t\t\t\t<a class=\"e-gallery-item elementor-gallery-item elementor-animated-content\" href=\"https:\/\/grimmels.de\/wordpress\/wp-content\/uploads\/2026\/04\/8D9C9A82-9A7A-4FD6-9EE2-B814A9BC807C_1_105_c.jpeg\" data-elementor-open-lightbox=\"yes\" data-elementor-lightbox-slideshow=\"26f62f01\" data-elementor-lightbox-title=\"8D9C9A82-9A7A-4FD6-9EE2-B814A9BC807C_1_105_c\" data-e-action-hash=\"#elementor-action%3Aaction%3Dlightbox%26settings%3DeyJpZCI6Njk3NTQsInVybCI6Imh0dHBzOlwvXC9ncmltbWVscy5kZVwvd29yZHByZXNzXC93cC1jb250ZW50XC91cGxvYWRzXC8yMDI2XC8wNFwvOEQ5QzlBODItOUE3QS00RkQ2LTlFRTItQjgxNEE5QkM4MDdDXzFfMTA1X2MuanBlZyIsInNsaWRlc2hvdyI6IjI2ZjYyZjAxIn0%3D\">\n\t\t\t\t\t<div class=\"e-gallery-image elementor-gallery-item__image\" data-thumbnail=\"https:\/\/grimmels.de\/wordpress\/wp-content\/uploads\/2026\/04\/8D9C9A82-9A7A-4FD6-9EE2-B814A9BC807C_1_105_c.jpeg\" data-width=\"800\" data-height=\"600\" aria-label=\"\" role=\"img\" ><\/div>\n\t\t\t\t\t\t\t\t\t\t\t<div class=\"elementor-gallery-item__overlay\"><\/div>\n\t\t\t\t\t\t\t\t\t\t\t\t\t\t<\/a>\n\t\t\t\t\t\t\t<a class=\"e-gallery-item elementor-gallery-item elementor-animated-content\" href=\"https:\/\/grimmels.de\/wordpress\/wp-content\/uploads\/2026\/04\/IMG_2926-scaled.jpeg\" data-elementor-open-lightbox=\"yes\" data-elementor-lightbox-slideshow=\"26f62f01\" data-elementor-lightbox-title=\"IMG_2926\" data-e-action-hash=\"#elementor-action%3Aaction%3Dlightbox%26settings%3DeyJpZCI6Njk3NTMsInVybCI6Imh0dHBzOlwvXC9ncmltbWVscy5kZVwvd29yZHByZXNzXC93cC1jb250ZW50XC91cGxvYWRzXC8yMDI2XC8wNFwvSU1HXzI5MjYtc2NhbGVkLmpwZWciLCJzbGlkZXNob3ciOiIyNmY2MmYwMSJ9\">\n\t\t\t\t\t<div class=\"e-gallery-image elementor-gallery-item__image\" data-thumbnail=\"https:\/\/grimmels.de\/wordpress\/wp-content\/uploads\/2026\/04\/IMG_2926-1024x768.jpeg\" data-width=\"800\" data-height=\"600\" aria-label=\"\" role=\"img\" ><\/div>\n\t\t\t\t\t\t\t\t\t\t\t<div class=\"elementor-gallery-item__overlay\"><\/div>\n\t\t\t\t\t\t\t\t\t\t\t\t\t\t<\/a>\n\t\t\t\t\t\t\t<a class=\"e-gallery-item elementor-gallery-item elementor-animated-content\" href=\"https:\/\/grimmels.de\/wordpress\/wp-content\/uploads\/2026\/04\/Bildschirmfoto-2026-04-20-um-12.33.50.png\" data-elementor-open-lightbox=\"yes\" data-elementor-lightbox-slideshow=\"26f62f01\" data-elementor-lightbox-title=\"Bildschirmfoto 2026-04-20 um 12.33.50\" data-e-action-hash=\"#elementor-action%3Aaction%3Dlightbox%26settings%3DeyJpZCI6Njk3NTIsInVybCI6Imh0dHBzOlwvXC9ncmltbWVscy5kZVwvd29yZHByZXNzXC93cC1jb250ZW50XC91cGxvYWRzXC8yMDI2XC8wNFwvQmlsZHNjaGlybWZvdG8tMjAyNi0wNC0yMC11bS0xMi4zMy41MC5wbmciLCJzbGlkZXNob3ciOiIyNmY2MmYwMSJ9\">\n\t\t\t\t\t<div class=\"e-gallery-image elementor-gallery-item__image\" data-thumbnail=\"https:\/\/grimmels.de\/wordpress\/wp-content\/uploads\/2026\/04\/Bildschirmfoto-2026-04-20-um-12.33.50-1024x338.png\" data-width=\"800\" data-height=\"264\" aria-label=\"\" role=\"img\" ><\/div>\n\t\t\t\t\t\t\t\t\t\t\t<div class=\"elementor-gallery-item__overlay\"><\/div>\n\t\t\t\t\t\t\t\t\t\t\t\t\t\t<\/a>\n\t\t\t\t\t\t\t<a class=\"e-gallery-item elementor-gallery-item elementor-animated-content\" href=\"https:\/\/grimmels.de\/wordpress\/wp-content\/uploads\/2026\/04\/Bildschirmfoto-2026-04-20-um-12.33.45.png\" data-elementor-open-lightbox=\"yes\" data-elementor-lightbox-slideshow=\"26f62f01\" data-elementor-lightbox-title=\"Bildschirmfoto 2026-04-20 um 12.33.45\" data-e-action-hash=\"#elementor-action%3Aaction%3Dlightbox%26settings%3DeyJpZCI6Njk3NTEsInVybCI6Imh0dHBzOlwvXC9ncmltbWVscy5kZVwvd29yZHByZXNzXC93cC1jb250ZW50XC91cGxvYWRzXC8yMDI2XC8wNFwvQmlsZHNjaGlybWZvdG8tMjAyNi0wNC0yMC11bS0xMi4zMy40NS5wbmciLCJzbGlkZXNob3ciOiIyNmY2MmYwMSJ9\">\n\t\t\t\t\t<div class=\"e-gallery-image elementor-gallery-item__image\" data-thumbnail=\"https:\/\/grimmels.de\/wordpress\/wp-content\/uploads\/2026\/04\/Bildschirmfoto-2026-04-20-um-12.33.45-1024x333.png\" data-width=\"800\" data-height=\"260\" aria-label=\"\" role=\"img\" ><\/div>\n\t\t\t\t\t\t\t\t\t\t\t<div class=\"elementor-gallery-item__overlay\"><\/div>\n\t\t\t\t\t\t\t\t\t\t\t\t\t\t<\/a>\n\t\t\t\t\t\t\t<a class=\"e-gallery-item elementor-gallery-item elementor-animated-content\" href=\"https:\/\/grimmels.de\/wordpress\/wp-content\/uploads\/2026\/04\/IMG_2929-scaled.jpeg\" data-elementor-open-lightbox=\"yes\" data-elementor-lightbox-slideshow=\"26f62f01\" data-elementor-lightbox-title=\"IMG_2929\" data-e-action-hash=\"#elementor-action%3Aaction%3Dlightbox%26settings%3DeyJpZCI6Njk3NTAsInVybCI6Imh0dHBzOlwvXC9ncmltbWVscy5kZVwvd29yZHByZXNzXC93cC1jb250ZW50XC91cGxvYWRzXC8yMDI2XC8wNFwvSU1HXzI5Mjktc2NhbGVkLmpwZWciLCJzbGlkZXNob3ciOiIyNmY2MmYwMSJ9\">\n\t\t\t\t\t<div class=\"e-gallery-image elementor-gallery-item__image\" data-thumbnail=\"https:\/\/grimmels.de\/wordpress\/wp-content\/uploads\/2026\/04\/IMG_2929-1024x768.jpeg\" data-width=\"800\" data-height=\"600\" aria-label=\"\" role=\"img\" ><\/div>\n\t\t\t\t\t\t\t\t\t\t\t<div class=\"elementor-gallery-item__overlay\"><\/div>\n\t\t\t\t\t\t\t\t\t\t\t\t\t\t<\/a>\n\t\t\t\t\t<\/div>\n\t\t\t\t\t<\/div>\n\t\t\t\t<\/div>\n\t\t\t\t<\/div>\n\t\t\t\t<\/div>\n\t\t","protected":false},"excerpt":{"rendered":"<p>Preisverd\u00e4chtig: Das Grimmels-Projekt zum Jugendliteraturpreis Alle Artikel #literaturAG Endlich ist es\u00a0soweit!\u00a0Auf der Leipziger Buchmesse wurden am 20. M\u00e4rz 2026 die neuen B\u00fccher f\u00fcr den Jugendliteraturpreis nominiert und 10 Jugendliche aus der Literatur-AG waren mit Elena Serdjuc und Christine Bischoff als G\u00e4ste mit dabei. F\u00fcr uns am Grimmels startet \u201ePreisverd\u00e4chtig\u201c\u00a0in die n\u00e4chste Runde. Wer noch nie [&hellip;]<\/p>\n","protected":false},"author":1,"featured_media":69754,"comment_status":"closed","ping_status":"closed","sticky":false,"template":"","format":"standard","meta":{"advgb_blocks_editor_width":"","advgb_blocks_columns_visual_guide":"","ngg_post_thumbnail":0,"footnotes":""},"categories":[1],"tags":[],"class_list":["post-69749","post","type-post","status-publish","format-standard","has-post-thumbnail","hentry","category-aktuell"],"author_meta":{"display_name":"webmaster","author_link":"https:\/\/grimmels.de\/wordpress\/author\/webmaster\/"},"featured_img":"https:\/\/grimmels.de\/wordpress\/wp-content\/uploads\/2026\/04\/8D9C9A82-9A7A-4FD6-9EE2-B814A9BC807C_1_105_c-300x225.jpeg","coauthors":[],"tax_additional":{"categories":{"linked":["<a href=\"https:\/\/grimmels.de\/wordpress\/category\/aktuell\/\" class=\"advgb-post-tax-term\">Aktuell<\/a>"],"unlinked":["<span class=\"advgb-post-tax-term\">Aktuell<\/span>"]}},"comment_count":"0","relative_dates":{"created":"Posted 23\u00a0Stunden ago","modified":"Updated 23\u00a0Stunden ago"},"absolute_dates":{"created":"Posted on 28. April 2026","modified":"Updated on 28. April 2026"},"absolute_dates_time":{"created":"Posted on 28. April 2026 11:00","modified":"Updated on 28. April 2026 11:04"},"featured_img_caption":"","series_order":"","_links":{"self":[{"href":"https:\/\/grimmels.de\/wordpress\/wp-json\/wp\/v2\/posts\/69749","targetHints":{"allow":["GET"]}}],"collection":[{"href":"https:\/\/grimmels.de\/wordpress\/wp-json\/wp\/v2\/posts"}],"about":[{"href":"https:\/\/grimmels.de\/wordpress\/wp-json\/wp\/v2\/types\/post"}],"author":[{"embeddable":true,"href":"https:\/\/grimmels.de\/wordpress\/wp-json\/wp\/v2\/users\/1"}],"replies":[{"embeddable":true,"href":"https:\/\/grimmels.de\/wordpress\/wp-json\/wp\/v2\/comments?post=69749"}],"version-history":[{"count":7,"href":"https:\/\/grimmels.de\/wordpress\/wp-json\/wp\/v2\/posts\/69749\/revisions"}],"predecessor-version":[{"id":69772,"href":"https:\/\/grimmels.de\/wordpress\/wp-json\/wp\/v2\/posts\/69749\/revisions\/69772"}],"wp:featuredmedia":[{"embeddable":true,"href":"https:\/\/grimmels.de\/wordpress\/wp-json\/wp\/v2\/media\/69754"}],"wp:attachment":[{"href":"https:\/\/grimmels.de\/wordpress\/wp-json\/wp\/v2\/media?parent=69749"}],"wp:term":[{"taxonomy":"category","embeddable":true,"href":"https:\/\/grimmels.de\/wordpress\/wp-json\/wp\/v2\/categories?post=69749"},{"taxonomy":"post_tag","embeddable":true,"href":"https:\/\/grimmels.de\/wordpress\/wp-json\/wp\/v2\/tags?post=69749"}],"curies":[{"name":"wp","href":"https:\/\/api.w.org\/{rel}","templated":true}]}}