{"id":69761,"date":"2026-04-28T11:02:47","date_gmt":"2026-04-28T09:02:47","guid":{"rendered":"https:\/\/grimmels.de\/wordpress\/?p=69761"},"modified":"2026-04-28T11:03:48","modified_gmt":"2026-04-28T09:03:48","slug":"leipzig-die-nationalbibliothek","status":"publish","type":"post","link":"https:\/\/grimmels.de\/wordpress\/leipzig-die-nationalbibliothek\/","title":{"rendered":"Leipzig \u2013 Die Nationalbibliothek"},"content":{"rendered":"\t\t<div data-elementor-type=\"wp-post\" data-elementor-id=\"69761\" class=\"elementor elementor-69761\" data-elementor-post-type=\"post\">\n\t\t\t\t<div class=\"elementor-element elementor-element-55a52163 e-con-full e-flex e-con e-parent\" data-id=\"55a52163\" data-element_type=\"container\" data-settings=\"{&quot;background_background&quot;:&quot;classic&quot;}\">\n\t\t\t\t<\/div>\n\t\t<div class=\"elementor-element elementor-element-2f694059 e-flex e-con-boxed e-con e-parent\" data-id=\"2f694059\" data-element_type=\"container\" data-settings=\"{&quot;background_background&quot;:&quot;classic&quot;}\">\n\t\t\t\t\t<div class=\"e-con-inner\">\n\t\t\t\t<div class=\"elementor-element elementor-element-7300f6e7 elementor-widget elementor-widget-heading\" data-id=\"7300f6e7\" data-element_type=\"widget\" data-widget_type=\"heading.default\">\n\t\t\t\t<div class=\"elementor-widget-container\">\n\t\t\t\t\t<h2 class=\"elementor-heading-title elementor-size-default\">Leipzig \u2013 Die Nationalbibliothek <\/h2>\t\t\t\t<\/div>\n\t\t\t\t<\/div>\n\t\t\t\t<div class=\"elementor-element elementor-element-69e68d40 elementor-widget elementor-widget-heading\" data-id=\"69e68d40\" data-element_type=\"widget\" data-widget_type=\"heading.default\">\n\t\t\t\t<div class=\"elementor-widget-container\">\n\t\t\t\t\t<h2 class=\"elementor-heading-title elementor-size-default\">Was macht sie so besonders? <\/h2>\t\t\t\t<\/div>\n\t\t\t\t<\/div>\n\t\t\t\t\t<\/div>\n\t\t\t\t<\/div>\n\t\t<div class=\"elementor-element elementor-element-5249c5a5 e-flex e-con-boxed e-con e-parent\" data-id=\"5249c5a5\" data-element_type=\"container\" data-settings=\"{&quot;background_background&quot;:&quot;classic&quot;}\">\n\t\t\t\t\t<div class=\"e-con-inner\">\n\t\t\t\t<div class=\"elementor-element elementor-element-6e7ca17a elementor-invisible elementor-widget elementor-widget-button\" data-id=\"6e7ca17a\" data-element_type=\"widget\" data-settings=\"{&quot;_animation&quot;:&quot;zoomIn&quot;}\" data-widget_type=\"button.default\">\n\t\t\t\t<div class=\"elementor-widget-container\">\n\t\t\t\t\t\t\t\t\t<div class=\"elementor-button-wrapper\">\n\t\t\t\t\t<a class=\"elementor-button elementor-button-link elementor-size-sm\" href=\"https:\/\/grimmels.de\/wordpress\/news\/\">\n\t\t\t\t\t\t<span class=\"elementor-button-content-wrapper\">\n\t\t\t\t\t\t\t\t\t<span class=\"elementor-button-text\">Alle Artikel<\/span>\n\t\t\t\t\t<\/span>\n\t\t\t\t\t<\/a>\n\t\t\t\t<\/div>\n\t\t\t\t\t\t\t\t<\/div>\n\t\t\t\t<\/div>\n\t\t\t\t\t<\/div>\n\t\t\t\t<\/div>\n\t\t<div class=\"elementor-element elementor-element-1eb71748 e-flex e-con-boxed e-con e-parent\" data-id=\"1eb71748\" data-element_type=\"container\">\n\t\t\t\t\t<div class=\"e-con-inner\">\n\t\t\t\t<div class=\"elementor-element elementor-element-18f2a39b elementor-widget elementor-widget-text-editor\" data-id=\"18f2a39b\" data-element_type=\"widget\" data-widget_type=\"text-editor.default\">\n\t\t\t\t<div class=\"elementor-widget-container\">\n\t\t\t\t\t\t\t\t\t<div><p class=\"paragraph\"><span class=\"normaltextrun\"><i>Im Rahmen des Ausfluges auf die Leipziger Buchmesse vom 20. bis 21.3.2026 bot sich<\/i><\/span><span class=\"apple-converted-space\"><i>\u00a0<\/i><\/span><span class=\"normaltextrun\"><i>der Literatur-AG die M\u00f6glichkeit,<\/i><\/span><span class=\"apple-converted-space\"><i>\u00a0<\/i><\/span><span class=\"normaltextrun\"><i>an einer \u00f6ffentlichen F\u00fchrung durch die Leipziger<\/i><\/span><span class=\"apple-converted-space\"><i>\u00a0<\/i><\/span><span class=\"normaltextrun\"><i>Nationalbibliothek teilzunehmen.<\/i><\/span><span class=\"apple-converted-space\"><i>\u00a0<\/i><\/span><span class=\"normaltextrun\"><i>Diese leitete ein<\/i><\/span><span class=\"apple-converted-space\"><i>\u00a0<\/i><\/span><span class=\"normaltextrun\"><i>langj\u00e4hriger und<\/i><\/span><span class=\"apple-converted-space\"><i>\u00a0<\/i><\/span><span class=\"normaltextrun\"><i>sehr freundlicher Mitarbeiter. Hierbei ist interessant, dass die Deutsche Nationalbibliothek in<\/i><\/span><span class=\"apple-converted-space\"><i>\u00a0<\/i><\/span><span class=\"normaltextrun\"><i>Leipzig nicht nur B\u00fccher sammelt. Falls du jetzt aufhorchst<\/i><\/span><span class=\"apple-converted-space\"><i>\u00a0<\/i><\/span><span class=\"normaltextrun\"><i>oder dich f\u00fcr die spannende Geschichte der Nationalbibliothek interessierst, lies gerne weiter.<\/i><\/span><span class=\"eop\"><i>\u00a0<\/i><\/span><\/p><\/div><div><p class=\"paragraph\"><span class=\"normaltextrun\">Die Deutsche Nationalbibliothek wurde am 3. Oktober 1912<\/span><span class=\"apple-converted-space\">\u00a0<\/span><span class=\"normaltextrun\">als<\/span><span class=\"apple-converted-space\">\u00a0<\/span><span class=\"normaltextrun\">\u201eDeutsche<\/span><span class=\"apple-converted-space\">\u00a0<\/span><span class=\"normaltextrun\">Bibliothek\u201c gegr\u00fcndet und sammelt seitdem alle<\/span><span class=\"apple-converted-space\">\u00a0<\/span><span class=\"normaltextrun\">deutschsprachigen<\/span><span class=\"apple-converted-space\">\u00a0<\/span><span class=\"normaltextrun\">Medien,<\/span><span class=\"apple-converted-space\">\u00a0<\/span><span class=\"normaltextrun\">die<\/span><span class=\"apple-converted-space\">\u00a0<\/span><span class=\"normaltextrun\">in Deutschland und im Ausland entstehen. Hierbei wurde es zur Pflicht f\u00fcr den Autor, dass er<\/span><span class=\"apple-converted-space\">\u00a0<\/span><span class=\"normaltextrun\">bei der Publikation seines Buches ein Exemplar an die Nationalbibliothek schicken muss. Dies gilt bis heute \u2013 nur mit einer kleinen Ausnahme:<\/span><span class=\"eop\">\u00a0<\/span><\/p><\/div><div><p class=\"paragraph\"><span class=\"normaltextrun\">Nach der<\/span><span class=\"apple-converted-space\">\u00a0<\/span><span class=\"normaltextrun\">Aufteilung Deutschlands durch die Siegerm\u00e4chte des<\/span><span class=\"apple-converted-space\">\u00a0<\/span><span class=\"normaltextrun\">Zweiten Weltkriegs wurde nun auch in Frankfurt am Main eine Deutsche Bibliothek gegr\u00fcndet. Sie diente als Pendant zu<\/span><span class=\"apple-converted-space\">\u00a0<\/span><span class=\"normaltextrun\">Leipzig. Als Deutschland geteilt wurde, hatte<\/span><span class=\"apple-converted-space\">\u00a0<\/span><span class=\"normaltextrun\">dann<\/span><span class=\"apple-converted-space\">\u00a0<\/span><span class=\"normaltextrun\">Ostdeutschland mit<\/span><span class=\"apple-converted-space\">\u00a0<\/span><span class=\"normaltextrun\">Leipzig eine Archivbibliothek<\/span><span class=\"apple-converted-space\">\u00a0<\/span><span class=\"normaltextrun\">und Westdeutschland eine selbige in<\/span><span class=\"apple-converted-space\">\u00a0<\/span><span class=\"normaltextrun\">Frankfurt.<\/span><span class=\"apple-converted-space\">\u00a0<\/span><span class=\"normaltextrun\">Nun wurde die Pflicht auf beide Bibliotheken erweitert.<\/span><span class=\"apple-converted-space\">\u00a0<\/span><span class=\"normaltextrun\">Jeder Autor musste<\/span><span class=\"apple-converted-space\">\u00a0<\/span><span class=\"normaltextrun\">sein Medium also<\/span><span class=\"apple-converted-space\">\u00a0<\/span><span class=\"normaltextrun\">ab dann<\/span><span class=\"apple-converted-space\">\u00a0<\/span><span class=\"normaltextrun\">an beide Bibliotheken schicken.\u00a0<\/span><span class=\"eop\">\u00a0<\/span><\/p><\/div><div><p class=\"paragraph\"><span class=\"normaltextrun\">Falls es aber doch mal dazu kommt, dass in Leipzig oder Frankfurt ein Buch<\/span><span class=\"apple-converted-space\">\u00a0<\/span><span class=\"normaltextrun\">fehlt, gibt es einen w\u00f6chentlichen<\/span><span class=\"apple-converted-space\">\u00a0<\/span><span class=\"normaltextrun\">B\u00fccheraustausch,<\/span><span class=\"apple-converted-space\">\u00a0<\/span><span class=\"normaltextrun\">\u00fcber den man an den beiden Standpunkten<\/span><span class=\"apple-converted-space\">\u00a0<\/span><span class=\"normaltextrun\">Medien bestellen kann.<\/span><span class=\"eop\">\u00a0<\/span><\/p><\/div><div><p class=\"paragraph\"><span class=\"normaltextrun\">Interessant hierbei ist, dass Leipzig und Frankfurt nicht nur B\u00fccher sammeln. Zu den gesammelten Medien z\u00e4hlen n\u00e4mlich auch<\/span><span class=\"apple-converted-space\">\u00a0<\/span><span class=\"normaltextrun\">Zeitschriften, E \u2013 Books, Noten und<\/span><span class=\"apple-converted-space\">\u00a0<\/span><span class=\"normaltextrun\">Tontr\u00e4ger. Die Nationalbibliothek in Leipzig hat sich sogar auf die Musikarchivierung spezialisiert. Demnach gibt es hier nicht nur riesige<\/span><span class=\"apple-converted-space\">\u00a0<\/span><span class=\"normaltextrun\">Leses\u00e4le,<\/span><span class=\"apple-converted-space\">\u00a0<\/span><span class=\"normaltextrun\">sondern<\/span><span class=\"apple-converted-space\">\u00a0<\/span><span class=\"normaltextrun\">auch<\/span><span class=\"apple-converted-space\">\u00a0<\/span><span class=\"normaltextrun\">Tonkabinen,<\/span><span class=\"apple-converted-space\">\u00a0<\/span><span class=\"normaltextrun\">die das H\u00f6ren von<\/span><span class=\"apple-converted-space\">\u00a0<\/span><span class=\"normaltextrun\">Musikst\u00fccken in Orchesterlautst\u00e4rke<\/span><span class=\"apple-converted-space\">\u00a0<\/span><span class=\"normaltextrun\">m\u00f6glich machen.<\/span><span class=\"eop\">\u00a0<\/span><\/p><\/div><div><p class=\"paragraph\"><span class=\"normaltextrun\">W\u00e4hrend unserer Tour konnten wir<\/span><span class=\"apple-converted-space\">\u00a0<\/span><span class=\"normaltextrun\">uns auch den beeindruckenden Bau der Bibliothek anschauen, der<\/span><span class=\"apple-converted-space\">\u00a0<\/span><span class=\"normaltextrun\">eigens f\u00fcr den Bibliothekszweck entstanden ist. Beispielsweise gibt es<\/span><span class=\"apple-converted-space\">\u00a0<\/span><span class=\"normaltextrun\">R\u00e4ume,<\/span><span class=\"apple-converted-space\">\u00a0<\/span><span class=\"normaltextrun\">die<\/span><span class=\"apple-converted-space\">\u00a0<\/span><span class=\"normaltextrun\">weniger als 2<\/span><span class=\"apple-converted-space\">\u00a0<\/span><span class=\"normaltextrun\">\u00bd Meter hoch sind, damit die<\/span><span class=\"apple-converted-space\">\u00a0<\/span><span class=\"normaltextrun\">Arbeiter ohne Leiter an den Rohrbahnen,<\/span><span class=\"apple-converted-space\">\u00a0<\/span><span class=\"normaltextrun\">die<\/span><span class=\"apple-converted-space\">\u00a0<\/span><span class=\"normaltextrun\">Medien zwischen den Magazinen und den Leses\u00e4len transportieren, arbeiten k\u00f6nnen.<\/span><span class=\"eop\">\u00a0<\/span><\/p><\/div><div><p class=\"paragraph\"><span class=\"normaltextrun\">Alles in<\/span><span class=\"apple-converted-space\">\u00a0<\/span><span class=\"normaltextrun\">allem<\/span><span class=\"apple-converted-space\">\u00a0<\/span><span class=\"normaltextrun\">durften wir einen umfangreichen Einblick in die Geschichte und Systeme der deutschen Nationalbibliothek bekommen, durch den klar<\/span><span class=\"apple-converted-space\">\u00a0<\/span><span class=\"normaltextrun\">wurde,<\/span><span class=\"apple-converted-space\">\u00a0<\/span><span class=\"normaltextrun\">welche<\/span><span class=\"apple-converted-space\">\u00a0<\/span><span class=\"normaltextrun\">Arbeit<\/span><span class=\"apple-converted-space\">\u00a0<\/span><span class=\"normaltextrun\">es eigentlich ist, s\u00e4mtliche Medien zu sammeln und zur Anschauung<\/span><span class=\"apple-converted-space\">\u00a0<\/span><span class=\"normaltextrun\">bereitzustellen.<\/span><span class=\"apple-converted-space\">\u00a0<\/span><span class=\"normaltextrun\">Abschlie\u00dfend l\u00e4sst sich also sagen, dass<\/span><span class=\"apple-converted-space\">\u00a0<\/span><span class=\"normaltextrun\">\u201eB\u00fccher\u201c<\/span><span class=\"apple-converted-space\">\u00a0<\/span><span class=\"normaltextrun\">nur ein<\/span><span class=\"apple-converted-space\">\u00a0<\/span><span class=\"normaltextrun\">Aspekt<\/span><span class=\"apple-converted-space\">\u00a0<\/span><span class=\"normaltextrun\">von vielen sind, die die Deutsche Nationalbibliothek in<\/span><span class=\"apple-converted-space\">\u00a0<\/span><span class=\"normaltextrun\">Leipzig unglaublich spannend machen.<\/span><span class=\"eop\">\u00a0<\/span><\/p><\/div><div><p class=\"paragraph\"><span class=\"normaltextrun\"><i>Elias Rei\u00dfer<\/i><\/span><span class=\"eop\"><i>\u00a0<\/i><\/span><i><\/i><\/p><\/div>\t\t\t\t\t\t\t\t<\/div>\n\t\t\t\t<\/div>\n\t\t\t\t\t<\/div>\n\t\t\t\t<\/div>\n\t\t<div class=\"elementor-element elementor-element-2e113bd4 e-con-full e-flex e-con e-parent\" data-id=\"2e113bd4\" data-element_type=\"container\" data-settings=\"{&quot;background_background&quot;:&quot;classic&quot;}\">\n\t\t\t\t<div class=\"elementor-element elementor-element-45d1b93e elementor-widget elementor-widget-gallery\" data-id=\"45d1b93e\" data-element_type=\"widget\" data-settings=\"{&quot;gap&quot;:{&quot;unit&quot;:&quot;px&quot;,&quot;size&quot;:30,&quot;sizes&quot;:[]},&quot;gallery_layout&quot;:&quot;masonry&quot;,&quot;columns&quot;:2,&quot;lazyload&quot;:&quot;yes&quot;,&quot;columns_tablet&quot;:2,&quot;columns_mobile&quot;:1,&quot;gap_tablet&quot;:{&quot;unit&quot;:&quot;px&quot;,&quot;size&quot;:10,&quot;sizes&quot;:[]},&quot;gap_mobile&quot;:{&quot;unit&quot;:&quot;px&quot;,&quot;size&quot;:10,&quot;sizes&quot;:[]},&quot;link_to&quot;:&quot;file&quot;,&quot;overlay_background&quot;:&quot;yes&quot;,&quot;content_hover_animation&quot;:&quot;fade-in&quot;}\" data-widget_type=\"gallery.default\">\n\t\t\t\t<div class=\"elementor-widget-container\">\n\t\t\t\t\t\t\t<div class=\"elementor-gallery__container\">\n\t\t\t\t\t\t\t<a class=\"e-gallery-item elementor-gallery-item elementor-animated-content\" href=\"https:\/\/grimmels.de\/wordpress\/wp-content\/uploads\/2026\/04\/42E2DE61-F736-493E-B4C5-E3F613675F85_1_102_o.jpeg\" data-elementor-open-lightbox=\"yes\" data-elementor-lightbox-slideshow=\"45d1b93e\" data-elementor-lightbox-title=\"42E2DE61-F736-493E-B4C5-E3F613675F85_1_102_o\" data-e-action-hash=\"#elementor-action%3Aaction%3Dlightbox%26settings%3DeyJpZCI6Njk3NjUsInVybCI6Imh0dHBzOlwvXC9ncmltbWVscy5kZVwvd29yZHByZXNzXC93cC1jb250ZW50XC91cGxvYWRzXC8yMDI2XC8wNFwvNDJFMkRFNjEtRjczNi00OTNFLUI0QzUtRTNGNjEzNjc1Rjg1XzFfMTAyX28uanBlZyIsInNsaWRlc2hvdyI6IjQ1ZDFiOTNlIn0%3D\">\n\t\t\t\t\t<div class=\"e-gallery-image elementor-gallery-item__image\" data-thumbnail=\"https:\/\/grimmels.de\/wordpress\/wp-content\/uploads\/2026\/04\/42E2DE61-F736-493E-B4C5-E3F613675F85_1_102_o-1024x768.jpeg\" data-width=\"800\" data-height=\"600\" aria-label=\"\" role=\"img\" ><\/div>\n\t\t\t\t\t\t\t\t\t\t\t<div class=\"elementor-gallery-item__overlay\"><\/div>\n\t\t\t\t\t\t\t\t\t\t\t\t\t\t<\/a>\n\t\t\t\t\t\t\t<a class=\"e-gallery-item elementor-gallery-item elementor-animated-content\" href=\"https:\/\/grimmels.de\/wordpress\/wp-content\/uploads\/2026\/04\/AE390767-F232-432C-92B8-CB8EE6B1E3B6_1_102_o.jpeg\" data-elementor-open-lightbox=\"yes\" data-elementor-lightbox-slideshow=\"45d1b93e\" data-elementor-lightbox-title=\"AE390767-F232-432C-92B8-CB8EE6B1E3B6_1_102_o\" data-e-action-hash=\"#elementor-action%3Aaction%3Dlightbox%26settings%3DeyJpZCI6Njk3NjQsInVybCI6Imh0dHBzOlwvXC9ncmltbWVscy5kZVwvd29yZHByZXNzXC93cC1jb250ZW50XC91cGxvYWRzXC8yMDI2XC8wNFwvQUUzOTA3NjctRjIzMi00MzJDLTkyQjgtQ0I4RUU2QjFFM0I2XzFfMTAyX28uanBlZyIsInNsaWRlc2hvdyI6IjQ1ZDFiOTNlIn0%3D\">\n\t\t\t\t\t<div class=\"e-gallery-image elementor-gallery-item__image\" data-thumbnail=\"https:\/\/grimmels.de\/wordpress\/wp-content\/uploads\/2026\/04\/AE390767-F232-432C-92B8-CB8EE6B1E3B6_1_102_o-768x1024.jpeg\" data-width=\"768\" data-height=\"1024\" aria-label=\"\" role=\"img\" ><\/div>\n\t\t\t\t\t\t\t\t\t\t\t<div class=\"elementor-gallery-item__overlay\"><\/div>\n\t\t\t\t\t\t\t\t\t\t\t\t\t\t<\/a>\n\t\t\t\t\t\t\t<a class=\"e-gallery-item elementor-gallery-item elementor-animated-content\" href=\"https:\/\/grimmels.de\/wordpress\/wp-content\/uploads\/2026\/04\/312C652A-538F-4380-93CE-EC920993D809_1_102_o.jpeg\" data-elementor-open-lightbox=\"yes\" data-elementor-lightbox-slideshow=\"45d1b93e\" data-elementor-lightbox-title=\"312C652A-538F-4380-93CE-EC920993D809_1_102_o\" data-e-action-hash=\"#elementor-action%3Aaction%3Dlightbox%26settings%3DeyJpZCI6Njk3NjMsInVybCI6Imh0dHBzOlwvXC9ncmltbWVscy5kZVwvd29yZHByZXNzXC93cC1jb250ZW50XC91cGxvYWRzXC8yMDI2XC8wNFwvMzEyQzY1MkEtNTM4Ri00MzgwLTkzQ0UtRUM5MjA5OTNEODA5XzFfMTAyX28uanBlZyIsInNsaWRlc2hvdyI6IjQ1ZDFiOTNlIn0%3D\">\n\t\t\t\t\t<div class=\"e-gallery-image elementor-gallery-item__image\" data-thumbnail=\"https:\/\/grimmels.de\/wordpress\/wp-content\/uploads\/2026\/04\/312C652A-538F-4380-93CE-EC920993D809_1_102_o-1024x768.jpeg\" data-width=\"800\" data-height=\"600\" aria-label=\"\" role=\"img\" ><\/div>\n\t\t\t\t\t\t\t\t\t\t\t<div class=\"elementor-gallery-item__overlay\"><\/div>\n\t\t\t\t\t\t\t\t\t\t\t\t\t\t<\/a>\n\t\t\t\t\t\t\t<a class=\"e-gallery-item elementor-gallery-item elementor-animated-content\" href=\"https:\/\/grimmels.de\/wordpress\/wp-content\/uploads\/2026\/04\/1121566C-DE46-4585-82D4-24A77EB42CE1_1_102_o.jpeg\" data-elementor-open-lightbox=\"yes\" data-elementor-lightbox-slideshow=\"45d1b93e\" data-elementor-lightbox-title=\"1121566C-DE46-4585-82D4-24A77EB42CE1_1_102_o\" data-e-action-hash=\"#elementor-action%3Aaction%3Dlightbox%26settings%3DeyJpZCI6Njk3NjIsInVybCI6Imh0dHBzOlwvXC9ncmltbWVscy5kZVwvd29yZHByZXNzXC93cC1jb250ZW50XC91cGxvYWRzXC8yMDI2XC8wNFwvMTEyMTU2NkMtREU0Ni00NTg1LTgyRDQtMjRBNzdFQjQyQ0UxXzFfMTAyX28uanBlZyIsInNsaWRlc2hvdyI6IjQ1ZDFiOTNlIn0%3D\">\n\t\t\t\t\t<div class=\"e-gallery-image elementor-gallery-item__image\" data-thumbnail=\"https:\/\/grimmels.de\/wordpress\/wp-content\/uploads\/2026\/04\/1121566C-DE46-4585-82D4-24A77EB42CE1_1_102_o-768x1024.jpeg\" data-width=\"768\" data-height=\"1024\" aria-label=\"\" role=\"img\" ><\/div>\n\t\t\t\t\t\t\t\t\t\t\t<div class=\"elementor-gallery-item__overlay\"><\/div>\n\t\t\t\t\t\t\t\t\t\t\t\t\t\t<\/a>\n\t\t\t\t\t<\/div>\n\t\t\t\t\t<\/div>\n\t\t\t\t<\/div>\n\t\t\t\t<\/div>\n\t\t\t\t<\/div>\n\t\t","protected":false},"excerpt":{"rendered":"<p>Leipzig \u2013 Die Nationalbibliothek Was macht sie so besonders? Alle Artikel Im Rahmen des Ausfluges auf die Leipziger Buchmesse vom 20. bis 21.3.2026 bot sich\u00a0der Literatur-AG die M\u00f6glichkeit,\u00a0an einer \u00f6ffentlichen F\u00fchrung durch die Leipziger\u00a0Nationalbibliothek teilzunehmen.\u00a0Diese leitete ein\u00a0langj\u00e4hriger und\u00a0sehr freundlicher Mitarbeiter. Hierbei ist interessant, dass die Deutsche Nationalbibliothek in\u00a0Leipzig nicht nur B\u00fccher sammelt. Falls du jetzt [&hellip;]<\/p>\n","protected":false},"author":1,"featured_media":69765,"comment_status":"closed","ping_status":"closed","sticky":false,"template":"","format":"standard","meta":{"advgb_blocks_editor_width":"","advgb_blocks_columns_visual_guide":"","ngg_post_thumbnail":0,"footnotes":""},"categories":[1],"tags":[],"class_list":["post-69761","post","type-post","status-publish","format-standard","has-post-thumbnail","hentry","category-aktuell"],"author_meta":{"display_name":"webmaster","author_link":"https:\/\/grimmels.de\/wordpress\/author\/webmaster\/"},"featured_img":"https:\/\/grimmels.de\/wordpress\/wp-content\/uploads\/2026\/04\/42E2DE61-F736-493E-B4C5-E3F613675F85_1_102_o-300x225.jpeg","coauthors":[],"tax_additional":{"categories":{"linked":["<a href=\"https:\/\/grimmels.de\/wordpress\/category\/aktuell\/\" class=\"advgb-post-tax-term\">Aktuell<\/a>"],"unlinked":["<span class=\"advgb-post-tax-term\">Aktuell<\/span>"]}},"comment_count":"0","relative_dates":{"created":"Posted 23\u00a0Stunden ago","modified":"Updated 23\u00a0Stunden ago"},"absolute_dates":{"created":"Posted on 28. April 2026","modified":"Updated on 28. April 2026"},"absolute_dates_time":{"created":"Posted on 28. April 2026 11:02","modified":"Updated on 28. April 2026 11:03"},"featured_img_caption":"","series_order":"","_links":{"self":[{"href":"https:\/\/grimmels.de\/wordpress\/wp-json\/wp\/v2\/posts\/69761","targetHints":{"allow":["GET"]}}],"collection":[{"href":"https:\/\/grimmels.de\/wordpress\/wp-json\/wp\/v2\/posts"}],"about":[{"href":"https:\/\/grimmels.de\/wordpress\/wp-json\/wp\/v2\/types\/post"}],"author":[{"embeddable":true,"href":"https:\/\/grimmels.de\/wordpress\/wp-json\/wp\/v2\/users\/1"}],"replies":[{"embeddable":true,"href":"https:\/\/grimmels.de\/wordpress\/wp-json\/wp\/v2\/comments?post=69761"}],"version-history":[{"count":4,"href":"https:\/\/grimmels.de\/wordpress\/wp-json\/wp\/v2\/posts\/69761\/revisions"}],"predecessor-version":[{"id":69769,"href":"https:\/\/grimmels.de\/wordpress\/wp-json\/wp\/v2\/posts\/69761\/revisions\/69769"}],"wp:featuredmedia":[{"embeddable":true,"href":"https:\/\/grimmels.de\/wordpress\/wp-json\/wp\/v2\/media\/69765"}],"wp:attachment":[{"href":"https:\/\/grimmels.de\/wordpress\/wp-json\/wp\/v2\/media?parent=69761"}],"wp:term":[{"taxonomy":"category","embeddable":true,"href":"https:\/\/grimmels.de\/wordpress\/wp-json\/wp\/v2\/categories?post=69761"},{"taxonomy":"post_tag","embeddable":true,"href":"https:\/\/grimmels.de\/wordpress\/wp-json\/wp\/v2\/tags?post=69761"}],"curies":[{"name":"wp","href":"https:\/\/api.w.org\/{rel}","templated":true}]}}