{"id":70645,"date":"2026-08-11T10:12:38","date_gmt":"2026-08-11T08:12:38","guid":{"rendered":"https:\/\/grimmels.de\/wordpress\/?p=70645"},"modified":"2026-08-11T10:13:16","modified_gmt":"2026-08-11T08:13:16","slug":"sommerkonzert-erneut-verlegt-konzert-am-12-08-2026-in-der-3-und-4-stunde","status":"publish","type":"post","link":"https:\/\/grimmels.de\/wordpress\/sommerkonzert-erneut-verlegt-konzert-am-12-08-2026-in-der-3-und-4-stunde\/","title":{"rendered":"Sommerkonzert erneut verlegt \u2013 Konzert am 12.08.2026 in der 3. und 4. Stunde"},"content":{"rendered":"\t\t<div data-elementor-type=\"wp-post\" data-elementor-id=\"70645\" class=\"elementor elementor-70645\" data-elementor-post-type=\"post\">\n\t\t\t\t<div class=\"elementor-element elementor-element-6d309916 e-con-full e-flex e-con e-parent\" data-id=\"6d309916\" data-element_type=\"container\" data-settings=\"{&quot;background_background&quot;:&quot;classic&quot;}\">\n\t\t\t\t<\/div>\n\t\t<div class=\"elementor-element elementor-element-6cc3ac46 e-con-full e-flex e-con e-parent\" data-id=\"6cc3ac46\" data-element_type=\"container\">\n\t\t<div class=\"elementor-element elementor-element-86b010f e-con-full e-flex e-con e-child\" data-id=\"86b010f\" data-element_type=\"container\" data-settings=\"{&quot;sticky&quot;:&quot;top&quot;,&quot;sticky_on&quot;:[&quot;desktop&quot;],&quot;sticky_offset&quot;:20,&quot;sticky_parent&quot;:&quot;yes&quot;,&quot;sticky_effects_offset&quot;:0}\">\n\t\t\t\t<div class=\"elementor-element elementor-element-5aa1169e elementor-widget elementor-widget-post-info\" data-id=\"5aa1169e\" data-element_type=\"widget\" data-widget_type=\"post-info.default\">\n\t\t\t\t<div class=\"elementor-widget-container\">\n\t\t\t\t\t\t\t<ul class=\"elementor-inline-items elementor-icon-list-items elementor-post-info\">\n\t\t\t\t\t\t\t\t<li class=\"elementor-icon-list-item elementor-repeater-item-931a64d elementor-inline-item\" itemprop=\"datePublished\">\n\t\t\t\t\t\t<a href=\"https:\/\/grimmels.de\/wordpress\/2026\/08\/11\/\">\n\t\t\t\t\t\t\t\t\t\t\t\t\t\t<span class=\"elementor-icon-list-text elementor-post-info__item elementor-post-info__item--type-date\">\n\t\t\t\t\t\t\t\t\t\t<time>August 11, 2026<\/time>\t\t\t\t\t<\/span>\n\t\t\t\t\t\t\t\t\t<\/a>\n\t\t\t\t<\/li>\n\t\t\t\t<li class=\"elementor-icon-list-item elementor-repeater-item-063516b elementor-inline-item\" itemprop=\"about\">\n\t\t\t\t\t\t\t\t\t\t\t\t\t<span class=\"elementor-icon-list-text elementor-post-info__item elementor-post-info__item--type-terms\">\n\t\t\t\t\t\t\t\t\t\t<span class=\"elementor-post-info__terms-list\">\n\t\t\t\t<a href=\"https:\/\/grimmels.de\/wordpress\/category\/aktuell\/\" class=\"elementor-post-info__terms-list-item\">Aktuell<\/a>, <a href=\"https:\/\/grimmels.de\/wordpress\/category\/fachbereich-1\/musik\/\" class=\"elementor-post-info__terms-list-item\">Musik<\/a>\t\t\t\t<\/span>\n\t\t\t\t\t<\/span>\n\t\t\t\t\t\t\t\t<\/li>\n\t\t\t\t<\/ul>\n\t\t\t\t\t\t<\/div>\n\t\t\t\t<\/div>\n\t\t\t\t<div class=\"elementor-element elementor-element-205e2e60 elementor-widget elementor-widget-theme-post-title elementor-page-title elementor-widget-heading\" data-id=\"205e2e60\" data-element_type=\"widget\" data-widget_type=\"theme-post-title.default\">\n\t\t\t\t<div class=\"elementor-widget-container\">\n\t\t\t\t\t<h1 class=\"elementor-heading-title elementor-size-default\">Sommerkonzert erneut verlegt \u2013 Konzert am 12.08.2026 in der 3. und 4. Stunde<\/h1>\t\t\t\t<\/div>\n\t\t\t\t<\/div>\n\t\t\t\t<div class=\"elementor-element elementor-element-70475c71 elementor-widget elementor-widget-button\" data-id=\"70475c71\" data-element_type=\"widget\" data-widget_type=\"button.default\">\n\t\t\t\t<div class=\"elementor-widget-container\">\n\t\t\t\t\t\t\t\t\t<div class=\"elementor-button-wrapper\">\n\t\t\t\t\t<a class=\"elementor-button elementor-button-link elementor-size-sm\" href=\"https:\/\/grimmels.de\/wordpress\/news\/\">\n\t\t\t\t\t\t<span class=\"elementor-button-content-wrapper\">\n\t\t\t\t\t\t<span class=\"elementor-button-icon\">\n\t\t\t\t<svg aria-hidden=\"true\" class=\"e-font-icon-svg e-fas-angle-right\" viewBox=\"0 0 256 512\" xmlns=\"http:\/\/www.w3.org\/2000\/svg\"><path d=\"M224.3 273l-136 136c-9.4 9.4-24.6 9.4-33.9 0l-22.6-22.6c-9.4-9.4-9.4-24.6 0-33.9l96.4-96.4-96.4-96.4c-9.4-9.4-9.4-24.6 0-33.9L54.3 103c9.4-9.4 24.6-9.4 33.9 0l136 136c9.5 9.4 9.5 24.6.1 34z\"><\/path><\/svg>\t\t\t<\/span>\n\t\t\t\t\t\t\t\t\t<span class=\"elementor-button-text\">Alle Beitr\u00e4ge<\/span>\n\t\t\t\t\t<\/span>\n\t\t\t\t\t<\/a>\n\t\t\t\t<\/div>\n\t\t\t\t\t\t\t\t<\/div>\n\t\t\t\t<\/div>\n\t\t\t\t<\/div>\n\t\t<div class=\"elementor-element elementor-element-741d34f4 e-con-full e-flex e-con e-child\" data-id=\"741d34f4\" data-element_type=\"container\">\n\t\t\t\t<div class=\"elementor-element elementor-element-60f5719a elementor-widget elementor-widget-text-editor\" data-id=\"60f5719a\" data-element_type=\"widget\" data-widget_type=\"text-editor.default\">\n\t\t\t\t<div class=\"elementor-widget-container\">\n\t\t\t\t\t\t\t\t\t<p class=\"p2\">Liebe Schulgemeinde, liebe Eltern, liebe G\u00e4ste,<\/p><p class=\"p2\">die anhaltend sehr hohen Temperaturen f\u00fchren derzeit zu einer erheblichen Aufheizung unseres Schulgeb\u00e4udes. Aufgrund der daraus resultierenden Gef\u00e4hrdungssituation muss der f\u00fcr\u00a0Mittwoch, den 12.08.2026, geplante Nachholtermin des Sommerkonzerts in seiner urspr\u00fcnglichen Form leider erneut abgesagt werden.<\/p><p class=\"p2\">Die Fachschaft Musik und die Schulleitung bedauern diese Entscheidung sehr. Die Sicherheit unserer Sch\u00fclerinnen und Sch\u00fcler sowie der erwarteten G\u00e4ste muss jedoch in diesem Fall selbstverst\u00e4ndlich Vorrang haben. Wir bitten hierf\u00fcr um Ihr und euer Verst\u00e4ndnis.<\/p><p class=\"p2\">Um das gro\u00dfartige Engagement und die Leistung unserer Sch\u00fclerinnen und Sch\u00fcler dennoch angemessen zu w\u00fcrdigen, haben wir uns entschieden, das Sommerkonzert <b>am Mittwoch, den 12.08.2026, auf die 3. und 4. Unterrichtsstunde vorzuverlegen<\/b>.<\/p><p class=\"p2\">Interessierte Eltern sowie teilnehmende feste Schulklassen haben grunds\u00e4tzlich die M\u00f6glichkeit, das Konzert am Vormittag zu besuchen. Aufgrund der begrenzten Platzkapazit\u00e4t ist der Besuch jedoch <b>ausschlie\u00dflich nach vorheriger schriftlicher Anmeldung<\/b>\u00a0m\u00f6glich.<\/p><p class=\"p2\">Anmeldungen richten Sie bitte per E-Mail an:<br \/><b><a class=\"ms-outlook-linkify\" href=\"mailto:thomas.reutzel@grimmels.de\">thomas.reutzel@grimmels.de<\/a><\/b><\/p><p class=\"p2\">Wir danken allen Beteiligten f\u00fcr ihr Verst\u00e4ndnis und w\u00fcnschen der gesamten Schulgemeinde einen guten und erfolgreichen Start ins neue Schuljahr!<\/p><p class=\"p2\">Herzliche Gr\u00fc\u00dfe<br \/>Die Fachschaft Musik<\/p>\t\t\t\t\t\t\t\t<\/div>\n\t\t\t\t<\/div>\n\t\t\t\t<\/div>\n\t\t\t\t<\/div>\n\t\t<div class=\"elementor-element elementor-element-7952a20a e-con-full e-flex e-con e-parent\" data-id=\"7952a20a\" data-element_type=\"container\">\n\t\t\t\t<div class=\"elementor-element elementor-element-4968b710 elementor-widget-divider--view-line elementor-widget elementor-widget-divider\" data-id=\"4968b710\" data-element_type=\"widget\" data-widget_type=\"divider.default\">\n\t\t\t\t<div class=\"elementor-widget-container\">\n\t\t\t\t\t\t\t<div class=\"elementor-divider\">\n\t\t\t<span class=\"elementor-divider-separator\">\n\t\t\t\t\t\t<\/span>\n\t\t<\/div>\n\t\t\t\t\t\t<\/div>\n\t\t\t\t<\/div>\n\t\t\t\t<div class=\"elementor-element elementor-element-610c3b12 elementor-widget elementor-widget-heading\" data-id=\"610c3b12\" data-element_type=\"widget\" data-widget_type=\"heading.default\">\n\t\t\t\t<div class=\"elementor-widget-container\">\n\t\t\t\t\t<h2 class=\"elementor-heading-title elementor-size-default\">\u00c4ltere Beitr\u00e4ge<\/h2>\t\t\t\t<\/div>\n\t\t\t\t<\/div>\n\t\t\t\t<div class=\"elementor-element elementor-element-bd1bfc9 elementor-grid-tablet-1 elementor-grid-3 elementor-grid-mobile-1 elementor-posts--thumbnail-top elementor-widget elementor-widget-posts\" data-id=\"bd1bfc9\" data-element_type=\"widget\" data-settings=\"{&quot;classic_columns_tablet&quot;:&quot;1&quot;,&quot;classic_row_gap_mobile&quot;:{&quot;unit&quot;:&quot;px&quot;,&quot;size&quot;:52,&quot;sizes&quot;:[]},&quot;classic_columns&quot;:&quot;3&quot;,&quot;classic_columns_mobile&quot;:&quot;1&quot;,&quot;classic_row_gap&quot;:{&quot;unit&quot;:&quot;px&quot;,&quot;size&quot;:35,&quot;sizes&quot;:[]},&quot;classic_row_gap_tablet&quot;:{&quot;unit&quot;:&quot;px&quot;,&quot;size&quot;:&quot;&quot;,&quot;sizes&quot;:[]}}\" data-widget_type=\"posts.classic\">\n\t\t\t\t<div class=\"elementor-widget-container\">\n\t\t\t\t\t\t\t<div class=\"elementor-posts-container elementor-posts elementor-posts--skin-classic elementor-grid\">\n\t\t\t\t<article class=\"elementor-post elementor-grid-item post-71004 post type-post status-publish format-standard has-post-thumbnail hentry category-aktuell\">\n\t\t\t\t<a class=\"elementor-post__thumbnail__link\" href=\"https:\/\/grimmels.de\/wordpress\/gnz-bericht-kennenlernfest\/\" tabindex=\"-1\" >\n\t\t\t<div class=\"elementor-post__thumbnail\"><img fetchpriority=\"high\" decoding=\"async\" width=\"512\" height=\"512\" src=\"https:\/\/grimmels.de\/wordpress\/wp-content\/uploads\/2024\/09\/GNZ_Logo.png\" class=\"attachment-medium_large size-medium_large wp-image-58705\" alt=\"\" srcset=\"https:\/\/grimmels.de\/wordpress\/wp-content\/uploads\/2024\/09\/GNZ_Logo.png 512w, https:\/\/grimmels.de\/wordpress\/wp-content\/uploads\/2024\/09\/GNZ_Logo-300x300.png 300w, https:\/\/grimmels.de\/wordpress\/wp-content\/uploads\/2024\/09\/GNZ_Logo-150x150.png 150w, https:\/\/grimmels.de\/wordpress\/wp-content\/uploads\/2024\/09\/GNZ_Logo-90x90.png 90w, https:\/\/grimmels.de\/wordpress\/wp-content\/uploads\/2024\/09\/GNZ_Logo-75x75.png 75w\" sizes=\"(max-width: 512px) 100vw, 512px\" \/><\/div>\n\t\t<\/a>\n\t\t\t\t<div class=\"elementor-post__text\">\n\t\t\t\t<h3 class=\"elementor-post__title\">\n\t\t\t<a href=\"https:\/\/grimmels.de\/wordpress\/gnz-bericht-kennenlernfest\/\" >\n\t\t\t\tGNZ Bericht: Kennenlernfest\t\t\t<\/a>\n\t\t<\/h3>\n\t\t\t\t<div class=\"elementor-post__meta-data\">\n\t\t\t\t\t<span class=\"elementor-post-date\">\n\t\t\t2. September 2026\t\t<\/span>\n\t\t\t\t<\/div>\n\t\t\t\t<div class=\"elementor-post__excerpt\">\n\t\t\t<p>GNZ-Artikel (1. September 2026) Kennenlernfest am Grimmels Artikel herunterladen \u00dcbersicht Berichte<\/p>\n\t\t<\/div>\n\t\t\n\t\t<a class=\"elementor-post__read-more\" href=\"https:\/\/grimmels.de\/wordpress\/gnz-bericht-kennenlernfest\/\" aria-label=\"Mehr \u00fcber GNZ Bericht: Kennenlernfest\" tabindex=\"-1\" >\n\t\t\tWeiterlesen &gt;\t\t<\/a>\n\n\t\t\t\t<\/div>\n\t\t\t\t<\/article>\n\t\t\t\t<article class=\"elementor-post elementor-grid-item post-70990 post type-post status-publish format-standard has-post-thumbnail hentry category-aktuell category-mint\">\n\t\t\t\t<a class=\"elementor-post__thumbnail__link\" href=\"https:\/\/grimmels.de\/wordpress\/auf-dem-forschungsschiff-die-medizin-der-zukunft-entwickeln\/\" tabindex=\"-1\" >\n\t\t\t<div class=\"elementor-post__thumbnail\"><img decoding=\"async\" width=\"768\" height=\"1024\" src=\"https:\/\/grimmels.de\/wordpress\/wp-content\/uploads\/2026\/09\/IMG_0774.jpg\" class=\"attachment-medium_large size-medium_large wp-image-70996\" alt=\"\" srcset=\"https:\/\/grimmels.de\/wordpress\/wp-content\/uploads\/2026\/09\/IMG_0774.jpg 768w, https:\/\/grimmels.de\/wordpress\/wp-content\/uploads\/2026\/09\/IMG_0774-225x300.jpg 225w, https:\/\/grimmels.de\/wordpress\/wp-content\/uploads\/2026\/09\/IMG_0774-113x150.jpg 113w\" sizes=\"(max-width: 768px) 100vw, 768px\" \/><\/div>\n\t\t<\/a>\n\t\t\t\t<div class=\"elementor-post__text\">\n\t\t\t\t<h3 class=\"elementor-post__title\">\n\t\t\t<a href=\"https:\/\/grimmels.de\/wordpress\/auf-dem-forschungsschiff-die-medizin-der-zukunft-entwickeln\/\" >\n\t\t\t\tAuf dem Forschungsschiff die Medizin der Zukunft entwickeln\t\t\t<\/a>\n\t\t<\/h3>\n\t\t\t\t<div class=\"elementor-post__meta-data\">\n\t\t\t\t\t<span class=\"elementor-post-date\">\n\t\t\t2. September 2026\t\t<\/span>\n\t\t\t\t<\/div>\n\t\t\t\t<div class=\"elementor-post__excerpt\">\n\t\t\t<p>Alle Beitr\u00e4ge Wie k\u00f6nnte die Medizin der Zukunft aussehen? Mit dieser spannenden Frage besch\u00e4ftigte sich die\u00a0AG \u201eJugend forscht\u201c bei ihrem Besuch auf der\u00a0\u201eMS Wissenschaft\u201c. Gemeinsam<\/p>\n\t\t<\/div>\n\t\t\n\t\t<a class=\"elementor-post__read-more\" href=\"https:\/\/grimmels.de\/wordpress\/auf-dem-forschungsschiff-die-medizin-der-zukunft-entwickeln\/\" aria-label=\"Mehr \u00fcber Auf dem Forschungsschiff die Medizin der Zukunft entwickeln\" tabindex=\"-1\" >\n\t\t\tWeiterlesen &gt;\t\t<\/a>\n\n\t\t\t\t<\/div>\n\t\t\t\t<\/article>\n\t\t\t\t<article class=\"elementor-post elementor-grid-item post-70959 post type-post status-publish format-standard has-post-thumbnail hentry category-aktuell\">\n\t\t\t\t<a class=\"elementor-post__thumbnail__link\" href=\"https:\/\/grimmels.de\/wordpress\/grimmels-laeuft-sei-dabei\/\" tabindex=\"-1\" >\n\t\t\t<div class=\"elementor-post__thumbnail\"><img decoding=\"async\" width=\"768\" height=\"813\" src=\"https:\/\/grimmels.de\/wordpress\/wp-content\/uploads\/2026\/09\/stadtlauf_logo-768x813.jpg\" class=\"attachment-medium_large size-medium_large wp-image-70961\" alt=\"\" srcset=\"https:\/\/grimmels.de\/wordpress\/wp-content\/uploads\/2026\/09\/stadtlauf_logo-768x813.jpg 768w, https:\/\/grimmels.de\/wordpress\/wp-content\/uploads\/2026\/09\/stadtlauf_logo-284x300.jpg 284w, https:\/\/grimmels.de\/wordpress\/wp-content\/uploads\/2026\/09\/stadtlauf_logo-142x150.jpg 142w, https:\/\/grimmels.de\/wordpress\/wp-content\/uploads\/2026\/09\/stadtlauf_logo.jpg 964w\" sizes=\"(max-width: 768px) 100vw, 768px\" \/><\/div>\n\t\t<\/a>\n\t\t\t\t<div class=\"elementor-post__text\">\n\t\t\t\t<h3 class=\"elementor-post__title\">\n\t\t\t<a href=\"https:\/\/grimmels.de\/wordpress\/grimmels-laeuft-sei-dabei\/\" >\n\t\t\t\t&#8222;Grimmels l\u00e4uft&#8220; Sei dabei!\t\t\t<\/a>\n\t\t<\/h3>\n\t\t\t\t<div class=\"elementor-post__meta-data\">\n\t\t\t\t\t<span class=\"elementor-post-date\">\n\t\t\t1. September 2026\t\t<\/span>\n\t\t\t\t<\/div>\n\t\t\t\t<div class=\"elementor-post__excerpt\">\n\t\t\t<p>GRIMMELS L\u00c4UFT \u201eGrimmels l\u00e4uft\u201c am Hanauer Stadtlauf \u201eSt\u00e4rke zeigen \u2013 gemeinsam gegen Gewalt an Frauen\u201c am 18.09.2026. ALLE INFOS ZUR ANMELDUNG DATENSCHUTZERKL\u00c4RUNG<\/p>\n\t\t<\/div>\n\t\t\n\t\t<a class=\"elementor-post__read-more\" href=\"https:\/\/grimmels.de\/wordpress\/grimmels-laeuft-sei-dabei\/\" aria-label=\"Mehr \u00fcber &#8222;Grimmels l\u00e4uft&#8220; Sei dabei!\" tabindex=\"-1\" >\n\t\t\tWeiterlesen &gt;\t\t<\/a>\n\n\t\t\t\t<\/div>\n\t\t\t\t<\/article>\n\t\t\t\t<\/div>\n\t\t\n\t\t\t\t\t\t<\/div>\n\t\t\t\t<\/div>\n\t\t\t\t<\/div>\n\t\t\t\t<\/div>\n\t\t","protected":false},"excerpt":{"rendered":"<p>Alle Beitr\u00e4ge Liebe Schulgemeinde, liebe Eltern, liebe G\u00e4ste, die anhaltend sehr hohen Temperaturen f\u00fchren derzeit zu einer erheblichen Aufheizung unseres Schulgeb\u00e4udes. Aufgrund der daraus resultierenden Gef\u00e4hrdungssituation muss der f\u00fcr\u00a0Mittwoch, den 12.08.2026, geplante Nachholtermin des Sommerkonzerts in seiner urspr\u00fcnglichen Form leider erneut abgesagt werden. Die Fachschaft Musik und die Schulleitung bedauern diese Entscheidung sehr. Die Sicherheit [&hellip;]<\/p>\n","protected":false},"author":1,"featured_media":58916,"comment_status":"closed","ping_status":"closed","sticky":false,"template":"","format":"standard","meta":{"advgb_blocks_editor_width":"","advgb_blocks_columns_visual_guide":"","ngg_post_thumbnail":0,"footnotes":""},"categories":[1,86],"tags":[],"class_list":["post-70645","post","type-post","status-publish","format-standard","has-post-thumbnail","hentry","category-aktuell","category-musik"],"author_meta":{"display_name":"webmaster","author_link":"https:\/\/grimmels.de\/wordpress\/author\/webmaster\/"},"featured_img":"https:\/\/grimmels.de\/wordpress\/wp-content\/uploads\/2024\/10\/Logo_Achtung-300x300.png","coauthors":[],"tax_additional":{"categories":{"linked":["<a href=\"https:\/\/grimmels.de\/wordpress\/category\/aktuell\/\" class=\"advgb-post-tax-term\">Aktuell<\/a>","<a href=\"https:\/\/grimmels.de\/wordpress\/category\/fachbereich-1\/musik\/\" class=\"advgb-post-tax-term\">Musik<\/a>"],"unlinked":["<span class=\"advgb-post-tax-term\">Aktuell<\/span>","<span class=\"advgb-post-tax-term\">Musik<\/span>"]}},"comment_count":"0","relative_dates":{"created":"Posted 3\u00a0Wochen ago","modified":"Updated 3\u00a0Wochen ago"},"absolute_dates":{"created":"Posted on 11. August 2026","modified":"Updated on 11. August 2026"},"absolute_dates_time":{"created":"Posted on 11. August 2026 10:12","modified":"Updated on 11. August 2026 10:13"},"featured_img_caption":"","series_order":"","_links":{"self":[{"href":"https:\/\/grimmels.de\/wordpress\/wp-json\/wp\/v2\/posts\/70645","targetHints":{"allow":["GET"]}}],"collection":[{"href":"https:\/\/grimmels.de\/wordpress\/wp-json\/wp\/v2\/posts"}],"about":[{"href":"https:\/\/grimmels.de\/wordpress\/wp-json\/wp\/v2\/types\/post"}],"author":[{"embeddable":true,"href":"https:\/\/grimmels.de\/wordpress\/wp-json\/wp\/v2\/users\/1"}],"replies":[{"embeddable":true,"href":"https:\/\/grimmels.de\/wordpress\/wp-json\/wp\/v2\/comments?post=70645"}],"version-history":[{"count":4,"href":"https:\/\/grimmels.de\/wordpress\/wp-json\/wp\/v2\/posts\/70645\/revisions"}],"predecessor-version":[{"id":70650,"href":"https:\/\/grimmels.de\/wordpress\/wp-json\/wp\/v2\/posts\/70645\/revisions\/70650"}],"wp:featuredmedia":[{"embeddable":true,"href":"https:\/\/grimmels.de\/wordpress\/wp-json\/wp\/v2\/media\/58916"}],"wp:attachment":[{"href":"https:\/\/grimmels.de\/wordpress\/wp-json\/wp\/v2\/media?parent=70645"}],"wp:term":[{"taxonomy":"category","embeddable":true,"href":"https:\/\/grimmels.de\/wordpress\/wp-json\/wp\/v2\/categories?post=70645"},{"taxonomy":"post_tag","embeddable":true,"href":"https:\/\/grimmels.de\/wordpress\/wp-json\/wp\/v2\/tags?post=70645"}],"curies":[{"name":"wp","href":"https:\/\/api.w.org\/{rel}","templated":true}]}}