{"id":7086,"date":"2013-07-03T20:26:00","date_gmt":"2013-07-03T19:26:00","guid":{"rendered":"?p=7086"},"modified":"2015-02-21T17:55:51","modified_gmt":"2015-02-21T16:55:51","slug":"adieu-kulturkeller-hallo-mensa","status":"publish","type":"post","link":"https:\/\/grimmels.de\/wordpress\/adieu-kulturkeller-hallo-mensa\/","title":{"rendered":"\u201eAdieu Kulturkeller! Hallo Mensa!\u201c"},"content":{"rendered":"<p><img decoding=\"async\" class=\"alignnone size-thumbnail wp-image-18105\" src=\"https:\/\/grimmels.de\/wordpress\/wp-content\/uploads\/2013\/07\/k1-150x113.jpg\" alt=\"k1\" width=\"150\" height=\"113\" srcset=\"https:\/\/grimmels.de\/wordpress\/wp-content\/uploads\/2013\/07\/k1-150x113.jpg 150w, https:\/\/grimmels.de\/wordpress\/wp-content\/uploads\/2013\/07\/k1-300x225.jpg 300w, https:\/\/grimmels.de\/wordpress\/wp-content\/uploads\/2013\/07\/k1.jpg 1024w\" sizes=\"(max-width: 150px) 100vw, 150px\" \/>Am Donnerstag, dem 20.Juni haben wir den Theken- und Essensbetrieb im \u201eKulturkeller\u201c nach drei erfolgreichen Jahren beendet. Geplant war eigentlich, ein letztes leckeres Essen zum Sonderpreis anzubieten. \u201eLeider\u201c hat die Sonne mit unerwartet hei\u00dfem Sommerwetter einen Strich durch die Planung gemacht und uns bei tropischen Temperaturen ein \u201eHitzefrei\u201c beschert.<br \/>\n<div id='gallery-1' class='gallery galleryid-7086 gallery-columns-3 gallery-size-thumbnail'><figure class='gallery-item'>\n\t\t\t<div class='gallery-icon landscape'>\n\t\t\t\t<a href='https:\/\/grimmels.de\/wordpress\/wp-content\/uploads\/2013\/07\/k1.jpg'><img decoding=\"async\" width=\"150\" height=\"113\" src=\"https:\/\/grimmels.de\/wordpress\/wp-content\/uploads\/2013\/07\/k1-150x113.jpg\" class=\"attachment-thumbnail size-thumbnail\" alt=\"\" srcset=\"https:\/\/grimmels.de\/wordpress\/wp-content\/uploads\/2013\/07\/k1-150x113.jpg 150w, https:\/\/grimmels.de\/wordpress\/wp-content\/uploads\/2013\/07\/k1-300x225.jpg 300w, https:\/\/grimmels.de\/wordpress\/wp-content\/uploads\/2013\/07\/k1.jpg 1024w\" sizes=\"(max-width: 150px) 100vw, 150px\" \/><\/a>\n\t\t\t<\/div><\/figure><figure class='gallery-item'>\n\t\t\t<div class='gallery-icon portrait'>\n\t\t\t\t<a href='https:\/\/grimmels.de\/wordpress\/wp-content\/uploads\/2013\/07\/k10.jpg'><img decoding=\"async\" width=\"113\" height=\"150\" src=\"https:\/\/grimmels.de\/wordpress\/wp-content\/uploads\/2013\/07\/k10-113x150.jpg\" class=\"attachment-thumbnail size-thumbnail\" alt=\"\" srcset=\"https:\/\/grimmels.de\/wordpress\/wp-content\/uploads\/2013\/07\/k10-113x150.jpg 113w, https:\/\/grimmels.de\/wordpress\/wp-content\/uploads\/2013\/07\/k10-225x300.jpg 225w, https:\/\/grimmels.de\/wordpress\/wp-content\/uploads\/2013\/07\/k10.jpg 768w\" sizes=\"(max-width: 113px) 100vw, 113px\" \/><\/a>\n\t\t\t<\/div><\/figure><figure class='gallery-item'>\n\t\t\t<div class='gallery-icon landscape'>\n\t\t\t\t<a href='https:\/\/grimmels.de\/wordpress\/wp-content\/uploads\/2013\/07\/k4.jpg'><img loading=\"lazy\" decoding=\"async\" width=\"150\" height=\"113\" src=\"https:\/\/grimmels.de\/wordpress\/wp-content\/uploads\/2013\/07\/k4-150x113.jpg\" class=\"attachment-thumbnail size-thumbnail\" alt=\"\" srcset=\"https:\/\/grimmels.de\/wordpress\/wp-content\/uploads\/2013\/07\/k4-150x113.jpg 150w, https:\/\/grimmels.de\/wordpress\/wp-content\/uploads\/2013\/07\/k4-300x225.jpg 300w, https:\/\/grimmels.de\/wordpress\/wp-content\/uploads\/2013\/07\/k4.jpg 1024w\" sizes=\"(max-width: 150px) 100vw, 150px\" \/><\/a>\n\t\t\t<\/div><\/figure><figure class='gallery-item'>\n\t\t\t<div class='gallery-icon landscape'>\n\t\t\t\t<a href='https:\/\/grimmels.de\/wordpress\/wp-content\/uploads\/2013\/07\/k5.jpg'><img loading=\"lazy\" decoding=\"async\" width=\"150\" height=\"113\" src=\"https:\/\/grimmels.de\/wordpress\/wp-content\/uploads\/2013\/07\/k5-150x113.jpg\" class=\"attachment-thumbnail size-thumbnail\" alt=\"\" srcset=\"https:\/\/grimmels.de\/wordpress\/wp-content\/uploads\/2013\/07\/k5-150x113.jpg 150w, https:\/\/grimmels.de\/wordpress\/wp-content\/uploads\/2013\/07\/k5-300x225.jpg 300w, https:\/\/grimmels.de\/wordpress\/wp-content\/uploads\/2013\/07\/k5.jpg 1024w\" sizes=\"(max-width: 150px) 100vw, 150px\" \/><\/a>\n\t\t\t<\/div><\/figure><figure class='gallery-item'>\n\t\t\t<div class='gallery-icon landscape'>\n\t\t\t\t<a href='https:\/\/grimmels.de\/wordpress\/wp-content\/uploads\/2013\/07\/k7.jpg'><img loading=\"lazy\" decoding=\"async\" width=\"150\" height=\"113\" src=\"https:\/\/grimmels.de\/wordpress\/wp-content\/uploads\/2013\/07\/k7-150x113.jpg\" class=\"attachment-thumbnail size-thumbnail\" alt=\"\" srcset=\"https:\/\/grimmels.de\/wordpress\/wp-content\/uploads\/2013\/07\/k7-150x113.jpg 150w, https:\/\/grimmels.de\/wordpress\/wp-content\/uploads\/2013\/07\/k7-300x225.jpg 300w, https:\/\/grimmels.de\/wordpress\/wp-content\/uploads\/2013\/07\/k7.jpg 1024w\" sizes=\"(max-width: 150px) 100vw, 150px\" \/><\/a>\n\t\t\t<\/div><\/figure><figure class='gallery-item'>\n\t\t\t<div class='gallery-icon landscape'>\n\t\t\t\t<a href='https:\/\/grimmels.de\/wordpress\/wp-content\/uploads\/2013\/07\/k8.jpg'><img loading=\"lazy\" decoding=\"async\" width=\"150\" height=\"113\" src=\"https:\/\/grimmels.de\/wordpress\/wp-content\/uploads\/2013\/07\/k8-150x113.jpg\" class=\"attachment-thumbnail size-thumbnail\" alt=\"\" srcset=\"https:\/\/grimmels.de\/wordpress\/wp-content\/uploads\/2013\/07\/k8-150x113.jpg 150w, https:\/\/grimmels.de\/wordpress\/wp-content\/uploads\/2013\/07\/k8-300x225.jpg 300w, https:\/\/grimmels.de\/wordpress\/wp-content\/uploads\/2013\/07\/k8.jpg 1024w\" sizes=\"(max-width: 150px) 100vw, 150px\" \/><\/a>\n\t\t\t<\/div><\/figure>\n\t\t<\/div>\n<br \/>\n<!--more-->So fand das Treiben im \u201eKulturkeller\u201c einen entspannten Abschluss in kleinem Kreis. Trotzdem lie\u00df es sich die eigens bestellte Band um Jan Rais nicht nehmen, den Ausklang musikalisch zu begleiten und spielte professionell auch vor kleinem Publikum. Daf\u00fcr wurden die K\u00fcnstler mit viel Applaus belohnt.<\/p>\n<p>Nach der Er\u00f6ffnung der Mensa wird das \u201eKulturkeller-Team\u201c, welches dann \u201eCaf\u00e9haus-Team\u201c hei\u00dft, in gewohnt entspannter Atmosph\u00e4re den Betrieb in der neuen Mensa aufnehmen. Das Angebot an Kaffee-Spezialit\u00e4ten und leckerem Fr\u00fchst\u00fcck bleibt bestehen und wird weiter ausgebaut.<\/p>\n<p>Zus\u00e4tzlich werden wir in der Mittagspause eine Auswahl an warmen und kalten Snacks in bew\u00e4hrter Qualit\u00e4t anbieten. Man darf gespannt sein\u2026<\/p>\n<p>Ingrid Str\u00f6m<\/p>\n","protected":false},"excerpt":{"rendered":"<p>Am Donnerstag, dem 20.Juni haben wir den Theken- und Essensbetrieb im \u201eKulturkeller\u201c nach drei erfolgreichen Jahren beendet. Geplant war eigentlich, ein letztes leckeres Essen zum Sonderpreis anzubieten. \u201eLeider\u201c hat die Sonne mit unerwartet hei\u00dfem Sommerwetter einen Strich durch die Planung gemacht und uns bei tropischen Temperaturen ein \u201eHitzefrei\u201c beschert.<\/p>\n","protected":false},"author":1,"featured_media":0,"comment_status":"closed","ping_status":"closed","sticky":false,"template":"","format":"standard","meta":{"advgb_blocks_editor_width":"","advgb_blocks_columns_visual_guide":"","ngg_post_thumbnail":0,"footnotes":""},"categories":[55,30],"tags":[],"class_list":["post-7086","post","type-post","status-publish","format-standard","hentry","category-schule","category-kulturkeller"],"author_meta":{"display_name":"webmaster","author_link":"https:\/\/grimmels.de\/wordpress\/author\/webmaster\/"},"featured_img":null,"coauthors":[],"tax_additional":{"categories":{"linked":["<a href=\"https:\/\/grimmels.de\/wordpress\/category\/schule\/\" class=\"advgb-post-tax-term\">Allgemein<\/a>","<a href=\"https:\/\/grimmels.de\/wordpress\/category\/kulturkeller\/\" class=\"advgb-post-tax-term\">Kulturkeller<\/a>"],"unlinked":["<span class=\"advgb-post-tax-term\">Allgemein<\/span>","<span class=\"advgb-post-tax-term\">Kulturkeller<\/span>"]}},"comment_count":"0","relative_dates":{"created":"Posted 13\u00a0Jahren ago","modified":"Updated 11\u00a0Jahren ago"},"absolute_dates":{"created":"Posted on 3. Juli 2013","modified":"Updated on 21. Februar 2015"},"absolute_dates_time":{"created":"Posted on 3. Juli 2013 20:26","modified":"Updated on 21. Februar 2015 17:55"},"featured_img_caption":"","series_order":"","_links":{"self":[{"href":"https:\/\/grimmels.de\/wordpress\/wp-json\/wp\/v2\/posts\/7086","targetHints":{"allow":["GET"]}}],"collection":[{"href":"https:\/\/grimmels.de\/wordpress\/wp-json\/wp\/v2\/posts"}],"about":[{"href":"https:\/\/grimmels.de\/wordpress\/wp-json\/wp\/v2\/types\/post"}],"author":[{"embeddable":true,"href":"https:\/\/grimmels.de\/wordpress\/wp-json\/wp\/v2\/users\/1"}],"replies":[{"embeddable":true,"href":"https:\/\/grimmels.de\/wordpress\/wp-json\/wp\/v2\/comments?post=7086"}],"version-history":[{"count":0,"href":"https:\/\/grimmels.de\/wordpress\/wp-json\/wp\/v2\/posts\/7086\/revisions"}],"wp:attachment":[{"href":"https:\/\/grimmels.de\/wordpress\/wp-json\/wp\/v2\/media?parent=7086"}],"wp:term":[{"taxonomy":"category","embeddable":true,"href":"https:\/\/grimmels.de\/wordpress\/wp-json\/wp\/v2\/categories?post=7086"},{"taxonomy":"post_tag","embeddable":true,"href":"https:\/\/grimmels.de\/wordpress\/wp-json\/wp\/v2\/tags?post=7086"}],"curies":[{"name":"wp","href":"https:\/\/api.w.org\/{rel}","templated":true}]}}