{"id":7398,"date":"2013-09-04T18:02:27","date_gmt":"2013-09-04T17:02:27","guid":{"rendered":"?p=7398"},"modified":"2015-02-21T17:38:43","modified_gmt":"2015-02-21T16:38:43","slug":"feierstunde-in-der-titanic","status":"publish","type":"post","link":"https:\/\/grimmels.de\/wordpress\/feierstunde-in-der-titanic\/","title":{"rendered":"Feierstunde in der Titanic"},"content":{"rendered":"<p><em><strong>SCHL\u00dcSSEL\u00dcBERGABE Caf\u00e9teria und Bibliothek des GGG er\u00f6ffnet \/ Sieben-Millionen-Euro-Projekt<\/strong><\/em><\/p>\n<p><a href=\"https:\/\/grimmels.de\/wordpress\/wp-content\/uploads\/2013\/09\/cafe.jpg\"><img decoding=\"async\" class=\"alignnone wp-image-15933 size-thumbnail\" src=\"https:\/\/grimmels.de\/wordpress\/wp-content\/uploads\/2013\/09\/cafe-150x92.jpg\" alt=\"cafe\" width=\"150\" height=\"92\" srcset=\"https:\/\/grimmels.de\/wordpress\/wp-content\/uploads\/2013\/09\/cafe-150x92.jpg 150w, https:\/\/grimmels.de\/wordpress\/wp-content\/uploads\/2013\/09\/cafe-300x185.jpg 300w, https:\/\/grimmels.de\/wordpress\/wp-content\/uploads\/2013\/09\/cafe-1024x631.jpg 1024w, https:\/\/grimmels.de\/wordpress\/wp-content\/uploads\/2013\/09\/cafe.jpg 1025w\" sizes=\"(max-width: 150px) 100vw, 150px\" \/><\/a><em>GELNHAUSEN (cra). \u201eWas lange w\u00e4hrt, wird endlich gut\u201c, dieses Sprichwort trifft auch auf den Bau der neuen Mensa und Bibliothek des Grimmelshausen-Gymnasiums zu, denn seit den ersten Planungsschritten im Februar 2009 sind immerhin viereinhalb Jahre vergangen, bis das neue Geb\u00e4ude gestern in einem feierlichen Akt eingeweiht wurde. <\/em><\/p>\n<p>Thematisch passend wurde von der \u201eStreicher-AG\u201c des Gymnasiums unter der musikalischen Leitung von Carsten Altvater \u201ePomp &amp; Circumstances\u201c zum Auftakt zu Geh\u00f6r gebracht, bevor Schulleiter Friedrich Bell zahlreiche Ehreng\u00e4ste begr\u00fc\u00dfte. \u201eSeit dem Umzug des Grimmelshausen-Gymnasiums vom Obermarkt in die Aue hat sich in den vergangenen Jahrzehnten die Sch\u00fclerzahl vervierfacht und eine Caf\u00e9teria hat uns schon lange gefehlt\u201c, verdeutlichte Bell und freute sich, dass <!--more-->im Obergeschoss des Geb\u00e4udes auf circa 300 Quadratmetern Fl\u00e4che auch eine neue Bibliothek mit 24 Arbeitspl\u00e4tzen, davon sechs mit PC, und ein Leseraum mit 28 Sitzpl\u00e4tzen geschaffen wurden, denn \u201eK\u00f6rper und Geist sollen im Einklang sein\u201c. Landrat Erich Pipa dankte speziell zwei Personen, \u201edenen das Gemeinwohl wichtiger war als betriebswirtschaftliche Zahlen, und ohne deren Unterst\u00fctzung das Bauwerk nicht zustande gekommen w\u00e4re\u201c: den Kreissparkassen-Chef Gerhard Kleespies, der ihn im Februar 2008 auf diese Liegenschaft aufmerksam gemacht habe, und Rechtsanw\u00e4ltin Lackenbauer, die an der Abwicklung des Kaufes beteiligt war. Diese Einrichtung mit einer Bausumme von insgesamt sieben Millionen Euro sei ein Vorzeigeprojekt. Man habe darauf geachtet, dass 85 Prozent aller beteiligten Firmen aus der Region stammten und wolle auch weiterhin die Schulinvestitionen auf hohem Niveau halten.<\/p>\n<p>\u201eEssen ist ein kulturgeschichtliches Gemeinschaftserlebnis und in einer Schule ein Akt zwischenmenschlicher Kommunikation\u201c, unterstrich Erich Schlessmann, Leiter des staatlichen Schulamtes, und beschrieb die Entstehungsgeschichte dieser \u201earchitektonischen Herausforderung\u201c als \u201eMensamen\u00fc \u00e0 la Grimmels\u201c. Der Elternbeiratsvorsitzende Armin Ritter hob das Caf\u00e9hausteam aus Sch\u00fclern, Eltern und Lehrern hervor, das als einzigartige Einrichtung bisher f\u00fcr eine t\u00e4gliche Verk\u00f6stigung im Kulturkeller sorgte, und jetzt gemeinsam mit den \u201eHeinzelm\u00e4nnchen\u201c des Behindertenwerks f\u00fcr die Versorgung in der neuen Mensa zust\u00e4ndig ist.\u00a0 Schulsprecher Philipp Just verriet, dass dieses Geb\u00e4ude, das in seiner Form an ein Boot erinnert, von den Sch\u00fclern den Spitznamen \u201eTitanic\u201c erhalten habe. \u201eDieses neue Geb\u00e4ude ist jedoch kein gesunkenes Schiff, sondern garantiert uns Sch\u00fclern notwendige Freir\u00e4ume und R\u00fcckzugsr\u00e4ume.\u201c Bauleiter Claus Rollmann zeigte gemeinsam mit Architektin Katrin Fingerhut eine Videodokumentation, in der die Entstehung des Geb\u00e4udes von der Planung \u00fcber einzelne Bauabschnitte bis zur Gestaltung der Au\u00dfenanlagen durch Landschaftsarchitekt Reiner Suntheim festgehalten waren.<\/p>\n<p><em><strong>Quelle: <\/strong>Gelnh\u00e4user Tageblatt vom 04.09.2013<\/em><\/p>\n","protected":false},"excerpt":{"rendered":"<p>SCHL\u00dcSSEL\u00dcBERGABE Caf\u00e9teria und Bibliothek des GGG er\u00f6ffnet \/ Sieben-Millionen-Euro-Projekt GELNHAUSEN (cra). \u201eWas lange w\u00e4hrt, wird endlich gut\u201c, dieses Sprichwort trifft auch auf den Bau der neuen Mensa und Bibliothek des Grimmelshausen-Gymnasiums zu, denn seit den ersten Planungsschritten im Februar 2009 sind immerhin viereinhalb Jahre vergangen, bis das neue Geb\u00e4ude gestern in einem feierlichen Akt eingeweiht [&hellip;]<\/p>\n","protected":false},"author":1,"featured_media":0,"comment_status":"closed","ping_status":"closed","sticky":false,"template":"","format":"standard","meta":{"advgb_blocks_editor_width":"","advgb_blocks_columns_visual_guide":"","ngg_post_thumbnail":0,"footnotes":""},"categories":[55],"tags":[],"class_list":["post-7398","post","type-post","status-publish","format-standard","hentry","category-schule"],"author_meta":{"display_name":"webmaster","author_link":"https:\/\/grimmels.de\/wordpress\/author\/webmaster\/"},"featured_img":null,"coauthors":[],"tax_additional":{"categories":{"linked":["<a href=\"https:\/\/grimmels.de\/wordpress\/category\/schule\/\" class=\"advgb-post-tax-term\">Allgemein<\/a>"],"unlinked":["<span class=\"advgb-post-tax-term\">Allgemein<\/span>"]}},"comment_count":"0","relative_dates":{"created":"Posted 13\u00a0Jahren ago","modified":"Updated 11\u00a0Jahren ago"},"absolute_dates":{"created":"Posted on 4. September 2013","modified":"Updated on 21. Februar 2015"},"absolute_dates_time":{"created":"Posted on 4. September 2013 18:02","modified":"Updated on 21. Februar 2015 17:38"},"featured_img_caption":"","series_order":"","_links":{"self":[{"href":"https:\/\/grimmels.de\/wordpress\/wp-json\/wp\/v2\/posts\/7398","targetHints":{"allow":["GET"]}}],"collection":[{"href":"https:\/\/grimmels.de\/wordpress\/wp-json\/wp\/v2\/posts"}],"about":[{"href":"https:\/\/grimmels.de\/wordpress\/wp-json\/wp\/v2\/types\/post"}],"author":[{"embeddable":true,"href":"https:\/\/grimmels.de\/wordpress\/wp-json\/wp\/v2\/users\/1"}],"replies":[{"embeddable":true,"href":"https:\/\/grimmels.de\/wordpress\/wp-json\/wp\/v2\/comments?post=7398"}],"version-history":[{"count":0,"href":"https:\/\/grimmels.de\/wordpress\/wp-json\/wp\/v2\/posts\/7398\/revisions"}],"wp:attachment":[{"href":"https:\/\/grimmels.de\/wordpress\/wp-json\/wp\/v2\/media?parent=7398"}],"wp:term":[{"taxonomy":"category","embeddable":true,"href":"https:\/\/grimmels.de\/wordpress\/wp-json\/wp\/v2\/categories?post=7398"},{"taxonomy":"post_tag","embeddable":true,"href":"https:\/\/grimmels.de\/wordpress\/wp-json\/wp\/v2\/tags?post=7398"}],"curies":[{"name":"wp","href":"https:\/\/api.w.org\/{rel}","templated":true}]}}