{"id":7422,"date":"2013-09-06T07:16:30","date_gmt":"2013-09-06T06:16:30","guid":{"rendered":"?p=7422"},"modified":"2018-05-24T14:58:38","modified_gmt":"2018-05-24T12:58:38","slug":"ggg-kulturkeller-2","status":"publish","type":"post","link":"https:\/\/grimmels.de\/wordpress\/ggg-kulturkeller-2\/","title":{"rendered":"GGG Kulturkeller"},"content":{"rendered":"<h1 style=\"text-align: left;\"><span style=\"color: #0000ff;\"><br \/>\n<\/span><\/h1>\n<h1><span style=\"color: #0000ff;\"><strong>Jazz-Keller-Revival am 7.3.2014<\/strong><\/span><span style=\"color: #0000ff;\"><strong> ein voller Erfolg<\/strong><\/span><\/h1>\n<p><!-- [if gte mso 9]><xml> <o:officedocumentsettings> <o:allowpng ><\/o:allowpng> <o:targetscreensize>1024x768<\/o:targetscreensize> <\/o:officedocumentsettings> <\/xml>< ![endif]--><\/p>\n<p><!-- [if gte mso 9]><xml> <w:worddocument> <w:view>Normal<\/w:view> <w:zoom>0<\/w:zoom> <w:hyphenationzone>21<\/w:hyphenationzone> <w:compatibility> <w:breakwrappedtables ><\/w:breakwrappedtables> <w:snaptogridincell ><\/w:snaptogridincell> <w:wraptextwithpunct ><\/w:wraptextwithpunct> <w:useasianbreakrules ><\/w:useasianbreakrules> <\/w:compatibility> <\/w:worddocument> <\/xml>< ![endif]--><!-- [if gte mso 10]>\n<mce:style>< ! \/* Style Definitions *\/ table.MsoNormalTable {mso-style-name:\"Normale Tabelle\"; mso-tstyle-rowband-size:0; mso-tstyle-colband-size:0; mso-style-noshow:yes; mso-style-parent:\"\"; mso-padding-alt:0cm 5.4pt 0cm 5.4pt; mso-para-margin:0cm; mso-para-margin-bottom:.0001pt; mso-pagination:widow-orphan; font-size:10.0pt; font-family:\"Times New Roman\";} --><\/p>\n<p>\u00dcber viele gut gelaunte G\u00e4ste freuten sich die Veranstalter des Jazzkeller-Revivals am \u201eBarbarossamarkt-Freitag\u201c. Der Kulturkeller des Grimmelshausen-Gymnasium hatte f\u00fcr die beliebte Disco-Veranstaltung zum 13. Mal seine T\u00fcren ge\u00f6ffnet. Bis weit nach Mitternacht war die Tanzfl\u00e4che stets gut gef\u00fcllt, bester Beweis daf\u00fcr, dass das Konzept, aktuelle Musik und bekannte \u201eKellerhits\u201c zu mischen, beim Publikum gut ankam. Viele G\u00e4ste hatten zuvor ihre Wunschhits \u00fcber die Facebook-Seite des Jazzkeller Revivals bestellt.<\/p>\n<p>Gro\u00dfe Freude auch bei SEB-Kassenwart Ralf Pakosch: \u201eEin neuer Rekord \u2013 diese Veranstaltung hat den besten Umsatz aller bisherigen Revivals eingespielt.\u201c Der Erl\u00f6s kommt wie immer der Schulgemeinde zugute. Das aus Mitgliedern des Schulelternbeirats und ehrenamtlichen Helferinnen und Helfern bestehende JKR-Team war von der Veranstaltung ebenso begeistert. \u201eNat\u00fcrlich waren wir den ganzen Abend lang alle im Einsatz, aber es macht einfach Spa\u00df, wenn eine Veranstaltung so gro\u00dfe Resonanz hat und die Stimmung einfach nur toll ist\u201c, meinte Alexander Bechtold.<\/p>\n<p>Der n\u00e4chste Revival-Abend ist am 10. Oktober, p\u00fcnktlich zum Schelmenmarkt. Weitere ehrenamtliche Helferinnen und Helfer sind im Team \u00fcbrigens willkommen.<\/p>\n<p><span style=\"color: #0000ff;\"><br \/>\n<\/span><\/p>\n<h1 style=\"text-align: left;\"><span style=\"color: #0000ff;\"><img decoding=\"async\" class=\"alignleft wp-image-15932 size-thumbnail\" src=\"https:\/\/grimmels.de\/wordpress\/wp-content\/uploads\/2013\/09\/Metropolis-kl-106x150.jpg\" alt=\"Metropolis-kl\" width=\"106\" height=\"150\" srcset=\"https:\/\/grimmels.de\/wordpress\/wp-content\/uploads\/2013\/09\/Metropolis-kl-106x150.jpg 106w, https:\/\/grimmels.de\/wordpress\/wp-content\/uploads\/2013\/09\/Metropolis-kl-212x300.jpg 212w, https:\/\/grimmels.de\/wordpress\/wp-content\/uploads\/2013\/09\/Metropolis-kl.jpg 283w\" sizes=\"(max-width: 106px) 100vw, 106px\" \/>&gt;&gt;spot an&lt;&lt;<\/span><\/h1>\n<p style=\"text-align: left;\">am 25.3.2014 findet der erste Filmabend im Rahmen des neuen Kulturformats &gt;&gt;spot an&lt;&lt; des Kulturkellers statt<\/p>\n<p style=\"text-align: left;\">Der Kunstleistungskurs 13.6 zeigt den Stummfilmklassiker <span style=\"color: #ff0000;\"><strong>&gt;&gt;Metropolis&lt;&lt;<\/strong><\/span> von Fritz Lang um 19.30 im Rahmen eines Kurstreffens.<\/p>\n<p style=\"text-align: left;\">Zu dieser &#8222;privaten&#8220; Veranstaltung sind alle begeisterten Cineasten des GGG als G\u00e4ste herzlich eingeladen.<\/p>\n<p style=\"text-align: left;\">Wir w\u00fcnschen uns, dass es in Zukunft weitere Filmklassiker in diesem Format geben wird&#8230;<\/p>\n<p style=\"text-align: left;\">Viel Spa\u00df!<\/p>\n<p style=\"text-align: left;\"><span style=\"color: #ffffff;\">.<\/span><\/p>\n<h4>19.2.2014&nbsp; aktuell:<\/h4>\n<h1><span style=\"color: #0000ff;\"><strong>Jazz-Keller-Revival<\/strong><\/span><a href=\"https:\/\/grimmels.de\/wordpress\/wp-content\/uploads\/2013\/09\/14-03-07-KK.jpg\"><img decoding=\"async\" class=\"wp-image-18209 size-thumbnail alignleft\" src=\"https:\/\/grimmels.de\/wordpress\/wp-content\/uploads\/2013\/09\/14-03-07-KK-150x113.jpg\" alt=\"14-03-07-KK\" width=\"150\" height=\"113\" srcset=\"https:\/\/grimmels.de\/wordpress\/wp-content\/uploads\/2013\/09\/14-03-07-KK-150x113.jpg 150w, https:\/\/grimmels.de\/wordpress\/wp-content\/uploads\/2013\/09\/14-03-07-KK-300x225.jpg 300w, https:\/\/grimmels.de\/wordpress\/wp-content\/uploads\/2013\/09\/14-03-07-KK.jpg 500w\" sizes=\"(max-width: 150px) 100vw, 150px\" \/><\/a><\/h1>\n<p>am 7. M\u00e4rz 2014, am Freitag vor dem Barbarossamarkt&#8230;<\/p>\n<p><span style=\"color: #ffffff;\">.<\/span><\/p>\n<p>&nbsp;<\/p>\n<p><span style=\"color: #ffffff;\">.<\/span><\/p>\n<p>und das GGG-Kulturformat<\/p>\n<h3><span style=\"color: #0000ff;\">&gt;&gt; spot an &lt;&lt;<br \/>\n<\/span><\/h3>\n<p>steht vor der T\u00fcr, &#8211; dazu bald mehr&#8230;<\/p>\n<p><span style=\"color: #ffffff;\">.<\/span><\/p>\n<p><strong>12.9.2013:<\/strong><\/p>\n<h2 style=\"text-align: justify;\">Nat\u00fcrlich gibt es&nbsp;<span style=\"color: #c11422;\">den KULTURKELLER<\/span> weiterhin&#8230;<\/h2>\n<p style=\"text-align: justify;\">Auch wenn die Caf\u00e9haus-AG in die neue Cafeteria umgezogen ist und der <span style=\"color: #c11422;\"><strong>KK<\/strong><\/span> nicht mehr als Aufenthaltsraum im Schulbetrieb genutzt werden kann, gibt es ein <span style=\"color: #820c6a;\">Kulturkellerteam<\/span>, das sich f\u00fcr die weitere Nutzung des Kulturkellers f\u00fcr schulische kulturelle Zwecke einsetzt.<\/p>\n<p>An Konzeption und Ausstattung (Licht und Ton) des Kulturkellers wird zur Zeit gearbeitet. Helfende H\u00e4nde sind immer erw\u00fcnscht. Auch f\u00fcr Farb- und R\u00e4umarbeiten&#8230;<\/p>\n<p>Als Highlight kann das n\u00e4chste Jazzkeller-Revival am Freitag, 11.10.2013 (Schelmenmarkt) angek\u00fcndigt werden.<\/p>\n<p>Der Abi-Jahrgang 1983 feiert am 28.9.2013.<\/p>\n<p>und die Bl\u00e4ser AG sowie die Schulband sind auch bereits flei\u00dfig im <span style=\"color: #c11422;\"><strong>KK<\/strong><\/span> am Proben&#8230;<\/p>\n<p>&#8230;.&nbsp;&nbsp;&nbsp; bis bald<\/p>\n<p>Kontakt: chpullmann(at)gmx.de<\/p>\n","protected":false},"excerpt":{"rendered":"<p>Jazz-Keller-Revival am 7.3.2014 ein voller Erfolg \u00dcber viele gut gelaunte G\u00e4ste freuten sich die Veranstalter des Jazzkeller-Revivals am \u201eBarbarossamarkt-Freitag\u201c. Der Kulturkeller des Grimmelshausen-Gymnasium hatte f\u00fcr die beliebte Disco-Veranstaltung zum 13. Mal seine T\u00fcren ge\u00f6ffnet. Bis weit nach Mitternacht war die Tanzfl\u00e4che stets gut gef\u00fcllt, bester Beweis daf\u00fcr, dass das Konzept, aktuelle Musik und bekannte \u201eKellerhits\u201c [&hellip;]<\/p>\n","protected":false},"author":1,"featured_media":0,"comment_status":"closed","ping_status":"closed","sticky":false,"template":"","format":"standard","meta":{"advgb_blocks_editor_width":"","advgb_blocks_columns_visual_guide":"","ngg_post_thumbnail":0,"footnotes":""},"categories":[30],"tags":[],"class_list":["post-7422","post","type-post","status-publish","format-standard","hentry","category-kulturkeller"],"author_meta":{"display_name":"webmaster","author_link":"https:\/\/grimmels.de\/wordpress\/author\/webmaster\/"},"featured_img":null,"coauthors":[],"tax_additional":{"categories":{"linked":["<a href=\"https:\/\/grimmels.de\/wordpress\/category\/kulturkeller\/\" class=\"advgb-post-tax-term\">Kulturkeller<\/a>"],"unlinked":["<span class=\"advgb-post-tax-term\">Kulturkeller<\/span>"]}},"comment_count":"0","relative_dates":{"created":"Posted 13\u00a0Jahren ago","modified":"Updated 8\u00a0Jahren ago"},"absolute_dates":{"created":"Posted on 6. September 2013","modified":"Updated on 24. Mai 2018"},"absolute_dates_time":{"created":"Posted on 6. September 2013 7:16","modified":"Updated on 24. Mai 2018 14:58"},"featured_img_caption":"","series_order":"","_links":{"self":[{"href":"https:\/\/grimmels.de\/wordpress\/wp-json\/wp\/v2\/posts\/7422","targetHints":{"allow":["GET"]}}],"collection":[{"href":"https:\/\/grimmels.de\/wordpress\/wp-json\/wp\/v2\/posts"}],"about":[{"href":"https:\/\/grimmels.de\/wordpress\/wp-json\/wp\/v2\/types\/post"}],"author":[{"embeddable":true,"href":"https:\/\/grimmels.de\/wordpress\/wp-json\/wp\/v2\/users\/1"}],"replies":[{"embeddable":true,"href":"https:\/\/grimmels.de\/wordpress\/wp-json\/wp\/v2\/comments?post=7422"}],"version-history":[{"count":1,"href":"https:\/\/grimmels.de\/wordpress\/wp-json\/wp\/v2\/posts\/7422\/revisions"}],"predecessor-version":[{"id":37725,"href":"https:\/\/grimmels.de\/wordpress\/wp-json\/wp\/v2\/posts\/7422\/revisions\/37725"}],"wp:attachment":[{"href":"https:\/\/grimmels.de\/wordpress\/wp-json\/wp\/v2\/media?parent=7422"}],"wp:term":[{"taxonomy":"category","embeddable":true,"href":"https:\/\/grimmels.de\/wordpress\/wp-json\/wp\/v2\/categories?post=7422"},{"taxonomy":"post_tag","embeddable":true,"href":"https:\/\/grimmels.de\/wordpress\/wp-json\/wp\/v2\/tags?post=7422"}],"curies":[{"name":"wp","href":"https:\/\/api.w.org\/{rel}","templated":true}]}}