{"id":8964,"date":"2014-07-04T13:09:43","date_gmt":"2014-07-04T12:09:43","guid":{"rendered":"?p=8964"},"modified":"2014-07-04T13:09:43","modified_gmt":"2014-07-04T12:09:43","slug":"drei-ehrungen-und-eine-verabschiedung","status":"publish","type":"post","link":"https:\/\/grimmels.de\/wordpress\/drei-ehrungen-und-eine-verabschiedung\/","title":{"rendered":"Drei Ehrungen und eine Verabschiedung"},"content":{"rendered":"<p><!-- p { margin-bottom: 0.25cm; direction: ltr; color: rgb(0, 0, 0); line-height: 120%; widows: 2; orphans: 2; }p.western { font-family: \"Times New Roman\",serif; font-size: 12pt; }p.cjk { font-family: \"Times New Roman\",serif; font-size: 12pt; }p.ctl { font-family: \"Times New Roman\",serif; font-size: 10pt; }a:link { color: rgb(0, 0, 255); } --><a href=\"https:\/\/grimmels.de\/wordpress\/wp-content\/uploads\/2014\/07\/Nr2.jpg\"><img decoding=\"async\" class=\"alignleft size-thumbnail wp-image-8965\" title=\"Nr2\" src=\"https:\/\/grimmels.de\/wordpress\/wp-content\/uploads\/2014\/07\/Nr2-150x84.jpg\" alt=\"\" width=\"150\" height=\"84\" \/><\/a><\/p>\n<p><span style=\"font-family: Calibri,sans-serif;\">Beim Bundeswettbewerb Fremdsprachen wurde Hannah Massal aus der Klasse 9.2 des Grimmelshausen Gymnasiums f\u00fcr ihre Leistungen im Solo-Wettbewerb Englisch f\u00fcr die Jahrgangsstufen 8 und 9 mit einem 2. Landespreis ausgezeichnet. <\/span><\/p>\n<p><span style=\"font-family: Calibri,sans-serif;\">Nach dem offiziellen Festakt in K\u00f6nigstein Ende Juni, wo Hannah ihre Urkunde sowie zahlreiche Buchpreise entgegennahm, gratulierten nun in dieser Woche im Rahmen einer kleinen Feierstunde Schulleiter Friedrich Bell und die Leiterin des Fachbereichs I  Sabine Hartmann der Sch\u00fclerin zu ihrem hervorragenden Ergebnis. Mit Alexander Mai und Dorothea Ullrich aus der Klasse  9.1 wurden zwei weitere \u201eGrimmels\u201c  f\u00fcr ihren 3. Landespreis in Englisch geehrt.  Alle drei mussten an einem Pr\u00fcfungstag im Januar insgesamt sieben schriftliche und m\u00fcndliche Pr\u00fcfungsteile absolvieren, die ein sprachliches K\u00f6nnen erfordern, das deutlich \u00fcber das im Unterricht Geforderte hinausgeht. Alle drei sind sich sicher, dass sie auch beim n\u00e4chsten Bundeswettbwerb wieder antreten werden.<\/span><\/p>\n<p><span style=\"font-family: Calibri,sans-serif;\">Zu der Feier waren auch Anna Relecker  (9.1) und L\u00e9a Naudet geladen. Beide Sch\u00fclerinnen haben sich im Rahmen des \u201eBrigitte Sauzay Programms\u201c kennen gelernt. Dieses Programm richtet sich an Sch\u00fcler ab der 8. Klasse, die seit mindestens 2 Jahren Franz\u00f6sisch lernen. Es basiert auf Gegenseitigkeit, d.h. L\u00e9a, die ein ausgezeichnetes Deutsch spricht, lebte seit drei Monaten in Annas Familie und besuchte  in dieser Zeit mit Anna den Unterricht am GGG. <\/span><\/p>\n<p><span style=\"font-family: Calibri,sans-serif;\">Am Samstag tritt L\u00e9a Naudet nun wieder die Heimreise nach Sevres an. Ein Wiedersehen wird es aber sp\u00e4testens Ende August geben, dann hei\u00dft es n\u00e4mlich f\u00fcr Anna Relecker Koffer packen und f\u00fcr drei Monate zusammen mit L\u00e9a den Schulalltag am Lyc\u00e9e Jean-Pierre Vernant in Sevres zu erleben.<\/span><\/p>\n<p><span style=\"font-family: Calibri,sans-serif;\"><span style=\"font-size: x-small;\">Bild (von links nach rechts): Hannah Massal, Alexander Mai, Dorothea Ullrich, Anna Relecker, L\u00e9a Naudet,  Sabine Hartmann,  Friedrich Bell<\/span><\/span><\/p>\n","protected":false},"excerpt":{"rendered":"<p>Beim Bundeswettbewerb Fremdsprachen wurde Hannah Massal aus der Klasse 9.2 des Grimmelshausen Gymnasiums f\u00fcr ihre Leistungen im Solo-Wettbewerb Englisch f\u00fcr die Jahrgangsstufen 8 und 9 mit einem 2. Landespreis ausgezeichnet. Nach dem offiziellen Festakt in K\u00f6nigstein Ende Juni, wo Hannah ihre Urkunde sowie zahlreiche Buchpreise entgegennahm, gratulierten nun in dieser Woche im Rahmen einer kleinen [&hellip;]<\/p>\n","protected":false},"author":1,"featured_media":0,"comment_status":"closed","ping_status":"closed","sticky":false,"template":"","format":"standard","meta":{"advgb_blocks_editor_width":"","advgb_blocks_columns_visual_guide":"","ngg_post_thumbnail":0,"footnotes":""},"categories":[55],"tags":[],"class_list":["post-8964","post","type-post","status-publish","format-standard","hentry","category-schule"],"author_meta":{"display_name":"webmaster","author_link":"https:\/\/grimmels.de\/wordpress\/author\/webmaster\/"},"featured_img":null,"coauthors":[],"tax_additional":{"categories":{"linked":["<a href=\"https:\/\/grimmels.de\/wordpress\/category\/schule\/\" class=\"advgb-post-tax-term\">Allgemein<\/a>"],"unlinked":["<span class=\"advgb-post-tax-term\">Allgemein<\/span>"]}},"comment_count":"0","relative_dates":{"created":"Posted 12\u00a0Jahren ago","modified":"Updated 12\u00a0Jahren ago"},"absolute_dates":{"created":"Posted on 4. Juli 2014","modified":"Updated on 4. Juli 2014"},"absolute_dates_time":{"created":"Posted on 4. Juli 2014 13:09","modified":"Updated on 4. Juli 2014 13:09"},"featured_img_caption":"","series_order":"","_links":{"self":[{"href":"https:\/\/grimmels.de\/wordpress\/wp-json\/wp\/v2\/posts\/8964","targetHints":{"allow":["GET"]}}],"collection":[{"href":"https:\/\/grimmels.de\/wordpress\/wp-json\/wp\/v2\/posts"}],"about":[{"href":"https:\/\/grimmels.de\/wordpress\/wp-json\/wp\/v2\/types\/post"}],"author":[{"embeddable":true,"href":"https:\/\/grimmels.de\/wordpress\/wp-json\/wp\/v2\/users\/1"}],"replies":[{"embeddable":true,"href":"https:\/\/grimmels.de\/wordpress\/wp-json\/wp\/v2\/comments?post=8964"}],"version-history":[{"count":0,"href":"https:\/\/grimmels.de\/wordpress\/wp-json\/wp\/v2\/posts\/8964\/revisions"}],"wp:attachment":[{"href":"https:\/\/grimmels.de\/wordpress\/wp-json\/wp\/v2\/media?parent=8964"}],"wp:term":[{"taxonomy":"category","embeddable":true,"href":"https:\/\/grimmels.de\/wordpress\/wp-json\/wp\/v2\/categories?post=8964"},{"taxonomy":"post_tag","embeddable":true,"href":"https:\/\/grimmels.de\/wordpress\/wp-json\/wp\/v2\/tags?post=8964"}],"curies":[{"name":"wp","href":"https:\/\/api.w.org\/{rel}","templated":true}]}}