{"id":8976,"date":"2014-07-07T13:56:41","date_gmt":"2014-07-07T12:56:41","guid":{"rendered":"?p=8976"},"modified":"2014-07-07T13:56:41","modified_gmt":"2014-07-07T12:56:41","slug":"auszerschulische-lernorte-in-gelnhausen","status":"publish","type":"post","link":"https:\/\/grimmels.de\/wordpress\/auszerschulische-lernorte-in-gelnhausen\/","title":{"rendered":"Au\u00dferschulische Lernorte In Gelnhausen"},"content":{"rendered":"<p><em><strong><a href=\"https:\/\/grimmels.de\/wordpress\/wp-content\/uploads\/2014\/07\/Fortbildung-1a.jpg\"><img decoding=\"async\" class=\"alignleft size-thumbnail wp-image-8977\" title=\"Fortbildung 1a\" src=\"https:\/\/grimmels.de\/wordpress\/wp-content\/uploads\/2014\/07\/Fortbildung-1a-150x112.jpg\" alt=\"\" width=\"150\" height=\"112\" \/><\/a>Fortbildung der Religions- und Ethiklehrer<\/strong><\/em><\/p>\n<p><strong> <\/strong><\/p>\n<p>Am dritten Juli trafen sich erstmals Religions- und Ethiklehrer des Grimmelshausen-Gymnasiums mit ihren Kollegen von den Beruflichen Schulen Gelnhausen zu einer Fortbildung, um gemeinsam \u201eau\u00dferschulische Lernorte in Gelnhausen\u201c zu erkunden.<\/p>\n<p>Nachdem man sich begr\u00fc\u00dft und vorgestellt hatte, ging es unter der fachkundigen Leitung von\u00a0 Christine Raedler vom Zentrum f\u00fcr Regionalgeschichte zun\u00e4chst zum j\u00fcdischen Friedhof an der Kinzig. Dort wurden neben einzelnen Grabsteinen auch j\u00fcdische Riten und die Geschichte des Gelnh\u00e4user Judentums erl\u00e4utert.<!--more--><\/p>\n<p>Der Weg f\u00fchrte weiter \u00fcber einzelne Stolpersteine, die an j\u00fcdische Einzelschicksale in der Zeit des Nationalsozialismus erinnern, zu einer Gastst\u00e4tte, wo die Kollegen sich st\u00e4rken und austauschen konnten. Anschlie\u00dfend besichtigte die Gruppe die Synagoge, deren ehemaliges Ensemble Frau Raedler eindrucksvoll erkl\u00e4rte. Ihren Abschluss fand die F\u00fchrung am Hexenturm.<\/p>\n<p>F\u00fcr die meisten Lehrer, die alle in Gelnhausen unterrichten, gab es bei dieser Veranstaltung interessante Informationen, die einen neuen Blick auf die Stadt erm\u00f6glichen. Als bereichernd empfand man auch die erstmalige <a href=\"https:\/\/grimmels.de\/wordpress\/wp-content\/uploads\/2014\/07\/Fortbildung-2a.jpg\"><img decoding=\"async\" class=\"alignright size-thumbnail wp-image-8978\" title=\"Fortbildung 2a\" src=\"https:\/\/grimmels.de\/wordpress\/wp-content\/uploads\/2014\/07\/Fortbildung-2a-150x112.jpg\" alt=\"\" width=\"150\" height=\"112\" \/><\/a>Kooperation zwischen den Beruflichen Schulen und dem Grimmelshausen Gymnasium. Eine Fortsetzung soll folgen.<\/p>\n","protected":false},"excerpt":{"rendered":"<p>Fortbildung der Religions- und Ethiklehrer Am dritten Juli trafen sich erstmals Religions- und Ethiklehrer des Grimmelshausen-Gymnasiums mit ihren Kollegen von den Beruflichen Schulen Gelnhausen zu einer Fortbildung, um gemeinsam \u201eau\u00dferschulische Lernorte in Gelnhausen\u201c zu erkunden. Nachdem man sich begr\u00fc\u00dft und vorgestellt hatte, ging es unter der fachkundigen Leitung von\u00a0 Christine Raedler vom Zentrum f\u00fcr Regionalgeschichte [&hellip;]<\/p>\n","protected":false},"author":1,"featured_media":0,"comment_status":"closed","ping_status":"closed","sticky":false,"template":"","format":"standard","meta":{"advgb_blocks_editor_width":"","advgb_blocks_columns_visual_guide":"","ngg_post_thumbnail":0,"footnotes":""},"categories":[55],"tags":[],"class_list":["post-8976","post","type-post","status-publish","format-standard","hentry","category-schule"],"author_meta":{"display_name":"webmaster","author_link":"https:\/\/grimmels.de\/wordpress\/author\/webmaster\/"},"featured_img":null,"coauthors":[],"tax_additional":{"categories":{"linked":["<a href=\"https:\/\/grimmels.de\/wordpress\/category\/schule\/\" class=\"advgb-post-tax-term\">Allgemein<\/a>"],"unlinked":["<span class=\"advgb-post-tax-term\">Allgemein<\/span>"]}},"comment_count":"0","relative_dates":{"created":"Posted 12\u00a0Jahren ago","modified":"Updated 12\u00a0Jahren ago"},"absolute_dates":{"created":"Posted on 7. Juli 2014","modified":"Updated on 7. Juli 2014"},"absolute_dates_time":{"created":"Posted on 7. Juli 2014 13:56","modified":"Updated on 7. Juli 2014 13:56"},"featured_img_caption":"","series_order":"","_links":{"self":[{"href":"https:\/\/grimmels.de\/wordpress\/wp-json\/wp\/v2\/posts\/8976","targetHints":{"allow":["GET"]}}],"collection":[{"href":"https:\/\/grimmels.de\/wordpress\/wp-json\/wp\/v2\/posts"}],"about":[{"href":"https:\/\/grimmels.de\/wordpress\/wp-json\/wp\/v2\/types\/post"}],"author":[{"embeddable":true,"href":"https:\/\/grimmels.de\/wordpress\/wp-json\/wp\/v2\/users\/1"}],"replies":[{"embeddable":true,"href":"https:\/\/grimmels.de\/wordpress\/wp-json\/wp\/v2\/comments?post=8976"}],"version-history":[{"count":0,"href":"https:\/\/grimmels.de\/wordpress\/wp-json\/wp\/v2\/posts\/8976\/revisions"}],"wp:attachment":[{"href":"https:\/\/grimmels.de\/wordpress\/wp-json\/wp\/v2\/media?parent=8976"}],"wp:term":[{"taxonomy":"category","embeddable":true,"href":"https:\/\/grimmels.de\/wordpress\/wp-json\/wp\/v2\/categories?post=8976"},{"taxonomy":"post_tag","embeddable":true,"href":"https:\/\/grimmels.de\/wordpress\/wp-json\/wp\/v2\/tags?post=8976"}],"curies":[{"name":"wp","href":"https:\/\/api.w.org\/{rel}","templated":true}]}}