{"id":8980,"date":"2014-07-07T13:58:20","date_gmt":"2014-07-07T12:58:20","guid":{"rendered":"?p=8980"},"modified":"2014-07-07T13:58:20","modified_gmt":"2014-07-07T12:58:20","slug":"grimmels-goethe-und-gelehrte","status":"publish","type":"post","link":"https:\/\/grimmels.de\/wordpress\/grimmels-goethe-und-gelehrte\/","title":{"rendered":"Grimmels, Goethe und Gelehrte"},"content":{"rendered":"<p><strong><a href=\"https:\/\/grimmels.de\/wordpress\/wp-content\/uploads\/2014\/07\/UniFFM2a.jpg\"><img decoding=\"async\" class=\"size-thumbnail wp-image-8981 alignleft\" title=\"UniFFM2a\" src=\"https:\/\/grimmels.de\/wordpress\/wp-content\/uploads\/2014\/07\/UniFFM2a-150x91.jpg\" alt=\"\" width=\"150\" height=\"91\" \/><\/a><em><\/em><\/strong><\/p>\n<p><em><strong> <\/strong><\/em><\/p>\n<p><em><strong>Lateinkurse Q2 des GGG zu Besuch am Fachbereich Latein der Uni Frankfurt<\/strong><\/em><\/p>\n<p>Die Lateinkurse Q2 erhielten gemeinsam mit den beiden Fachlehrern Thomas Kleer und Dr. Sebastian Haude vor wenigen Tagen die M\u00f6glichkeit zu einem Besuch am Fachbereich Latein der Goethe-Universit\u00e4t in Frankfurt. Auf der Campusanlage im Frankfurter Westend, ganz in der N\u00e4he des Palmengartens, wurde die Gruppe<!--more--> sehr freundlich von Professor Dr. Thomas Paulsen empfangen; Herr Paulsen vertritt die F\u00e4cher Latein und Altgriechisch in Forschung und Lehre.<\/p>\n<p>Prof. Paulsen nahm sich viel Zeit, um den Grimmels-Ausfl\u00fcglern in einem pers\u00f6nlichen Gespr\u00e4ch einiges \u00fcber das Fach Latinistik, \u00fcber die Inhalte von Latein und Altgriechisch an der Uni und \u00fcber seine T\u00e4tigkeit als Hochschullehrer zu erz\u00e4hlen. So erfuhren die Sch\u00fcler unter anderem viele spannende Details \u00fcber Herrn Paulsens eigene akademische Ausbildung, die bis zur Professur in Frankfurt \u00fcber zwanzig Jahre lang gedauert hatte.<\/p>\n<p>Daneben entwickelten sich zwischen der Sch\u00fclergruppe und Prof. Paulsen immer wieder kleine Diskussionen \u00fcber Fragen, die man vorher im Unterricht zusammengetragen hatte. Beispielsweise lernte die Grimmels-Delegation, dass die Uni Frankfurt zwar zu den gr\u00f6\u00dften Hochschulen Deutschlands z\u00e4hlt, aber im Fachbereich Latein trotzdem famili\u00e4re Verh\u00e4ltnisse herrschen, und dass Klausuren an der Uni von Anfang an ohne W\u00f6rterbuch geschrieben werden.<\/p>\n<p>Besonders gro\u00dfes Interesse weckte aber die Frage eines Sch\u00fclers nach der \u201eFrauenquote\u201c im Lateinstudium: Hier konnte Prof. Paulsen zur gro\u00dfen Freude aller m\u00e4nnlichen Grimmels-G\u00e4ste einen deutlichen \u00dcberhang an Studentinnen im Fach Latein konstatieren und somit ein \u2013 zumindest f\u00fcr diese Gruppe &#8211; weiteres Argument f\u00fcr die Attraktivit\u00e4t des Lateinstudiums ausspielen.<a href=\"https:\/\/grimmels.de\/wordpress\/wp-content\/uploads\/2014\/07\/UniFFM2a.jpg\"><img decoding=\"async\" class=\"alignright size-thumbnail wp-image-8981\" title=\"UniFFM2a\" src=\"https:\/\/grimmels.de\/wordpress\/wp-content\/uploads\/2014\/07\/UniFFM2a-150x91.jpg\" alt=\"\" width=\"150\" height=\"91\" \/><\/a><\/p>\n<p>Alles in allem wurde den Teilnehmern der Runde durch das Gespr\u00e4ch mit Herrn Paulsen jedoch klar, dass Latein in der Summe ein durchaus an- und aufregendes, vielf\u00e4ltiges und spannendes Studium mit zudem guten Berufsaussichten sein kann.<\/p>\n<p>Neben der Diskussion waren die F\u00fchrung \u00fcber den Campus, der Besuch von Fachbereichsbibliothek und Mensa und vor allen Dingen die Fahrten mit den \u201ePaternostern\u201c weitere H\u00f6hepunkte des Tages. Hier kam es sogar zu einem kleinen Zwischenfall, da die seltenen Endlosaufz\u00fcge so intensiv durch die Grimmels genutzt wurden, dass sie schlie\u00dflich kurzzeitig ihren Dienst quittierten.<\/p>\n<p>Am Ende des ereignisreichen Tages blieb der Gruppe noch, Prof. Paulsen herzlich f\u00fcr seine Gastfreundschaft zu danken und jederzeit wieder auf einen Gegenbesuch im sch\u00f6nen Gelnhausen zu hoffen!<\/p>\n<p><em> <\/em><\/p>\n<p><em>Bilder:<\/em><\/p>\n<p><em>Bild 1: Die Sch\u00fcler mit Prof. Paulsen und den Lehrern Thomas Kleer und Dr. Sebastian Haude<\/em><\/p>\n<p><em>Bild 2: Die Gruppe vor der Goethe-Installation aus Anlass des 100j\u00e4hrigen Jubil\u00e4ums der Uni Frankfurt<\/em><\/p>\n","protected":false},"excerpt":{"rendered":"<p>Lateinkurse Q2 des GGG zu Besuch am Fachbereich Latein der Uni Frankfurt Die Lateinkurse Q2 erhielten gemeinsam mit den beiden Fachlehrern Thomas Kleer und Dr. Sebastian Haude vor wenigen Tagen die M\u00f6glichkeit zu einem Besuch am Fachbereich Latein der Goethe-Universit\u00e4t in Frankfurt. Auf der Campusanlage im Frankfurter Westend, ganz in der N\u00e4he des Palmengartens, wurde [&hellip;]<\/p>\n","protected":false},"author":1,"featured_media":0,"comment_status":"closed","ping_status":"closed","sticky":false,"template":"","format":"standard","meta":{"advgb_blocks_editor_width":"","advgb_blocks_columns_visual_guide":"","ngg_post_thumbnail":0,"footnotes":""},"categories":[55],"tags":[],"class_list":["post-8980","post","type-post","status-publish","format-standard","hentry","category-schule"],"author_meta":{"display_name":"webmaster","author_link":"https:\/\/grimmels.de\/wordpress\/author\/webmaster\/"},"featured_img":null,"coauthors":[],"tax_additional":{"categories":{"linked":["<a href=\"https:\/\/grimmels.de\/wordpress\/category\/schule\/\" class=\"advgb-post-tax-term\">Allgemein<\/a>"],"unlinked":["<span class=\"advgb-post-tax-term\">Allgemein<\/span>"]}},"comment_count":"0","relative_dates":{"created":"Posted 12\u00a0Jahren ago","modified":"Updated 12\u00a0Jahren ago"},"absolute_dates":{"created":"Posted on 7. Juli 2014","modified":"Updated on 7. Juli 2014"},"absolute_dates_time":{"created":"Posted on 7. Juli 2014 13:58","modified":"Updated on 7. Juli 2014 13:58"},"featured_img_caption":"","series_order":"","_links":{"self":[{"href":"https:\/\/grimmels.de\/wordpress\/wp-json\/wp\/v2\/posts\/8980","targetHints":{"allow":["GET"]}}],"collection":[{"href":"https:\/\/grimmels.de\/wordpress\/wp-json\/wp\/v2\/posts"}],"about":[{"href":"https:\/\/grimmels.de\/wordpress\/wp-json\/wp\/v2\/types\/post"}],"author":[{"embeddable":true,"href":"https:\/\/grimmels.de\/wordpress\/wp-json\/wp\/v2\/users\/1"}],"replies":[{"embeddable":true,"href":"https:\/\/grimmels.de\/wordpress\/wp-json\/wp\/v2\/comments?post=8980"}],"version-history":[{"count":0,"href":"https:\/\/grimmels.de\/wordpress\/wp-json\/wp\/v2\/posts\/8980\/revisions"}],"wp:attachment":[{"href":"https:\/\/grimmels.de\/wordpress\/wp-json\/wp\/v2\/media?parent=8980"}],"wp:term":[{"taxonomy":"category","embeddable":true,"href":"https:\/\/grimmels.de\/wordpress\/wp-json\/wp\/v2\/categories?post=8980"},{"taxonomy":"post_tag","embeddable":true,"href":"https:\/\/grimmels.de\/wordpress\/wp-json\/wp\/v2\/tags?post=8980"}],"curies":[{"name":"wp","href":"https:\/\/api.w.org\/{rel}","templated":true}]}}