{"id":9320,"date":"2014-10-13T15:08:33","date_gmt":"2014-10-13T14:08:33","guid":{"rendered":"?p=9320"},"modified":"2016-02-25T09:32:49","modified_gmt":"2016-02-25T08:32:49","slug":"ggg-als-umweltschule-2014-ausgezeichnet","status":"publish","type":"post","link":"https:\/\/grimmels.de\/wordpress\/ggg-als-umweltschule-2014-ausgezeichnet\/","title":{"rendered":"GGG als Umweltschule 2014 ausgezeichnet"},"content":{"rendered":"<p><em><strong>Pr\u00e4dikat f\u00fcr \u201e<\/strong><\/em><a href=\"https:\/\/grimmels.de\/wordpress\/wp-content\/uploads\/2014\/10\/Umweltschule-B.jpg\"><img decoding=\"async\" class=\"alignleft size-thumbnail wp-image-9321\" title=\"Umweltschule B\" src=\"https:\/\/grimmels.de\/wordpress\/wp-content\/uploads\/2014\/10\/Umweltschule-B-150x127.jpg\" alt=\"\" width=\"150\" height=\"127\" \/><\/a><em><strong>zukunftsweisende Projekte\u201c am Domgymnasium in Fulda \u00fcberreicht<\/strong><\/em><\/p>\n<p><em> Ab sofort darf sich das Grimmelshausen Gymnasium \u201eUmweltschule 2014\u201c nennen.<\/em><\/p>\n<p><em><br \/>\n<\/em><\/p>\n<p>Das GGG hat sich im Bereich \u201eLernen und Handeln f\u00fcr unsere Zukunft\u201c, dem Leitmotiv der Aktion\u00a0 besonders engagiert.<\/p>\n<p>Die Ausschreibung \u201eUmweltschule\u201c ist ein Gemeinschaftsprojekt der Hessischen Ministerien f\u00fcr Umwelt und Kultus. Bereits seit 15 Jahren werden die Preise ausgelobt. Diese j\u00e4hrlich stattfindende Auszeichnung wurde von der Deutschen UNESCO-Kommission als \u201eOffizielle Ma\u00dfnahme der UN-Dekade Bildung f\u00fcr nachhaltige Entwicklung\u201c ausgezeichnet, die 2005 ausgerufen, nun in ihr letztes Jahr geht.<\/p>\n<p>Bildungseinrichtungen aller Schulformen nehmen teil. &#8222;Wir w\u00fcrdigen damit die Verbesserung der Qualit\u00e4t von Unterricht und Schulleben im Sinne der Bildung f\u00fcr nachhaltige Entwicklung&#8220;, betonte Staatssekret\u00e4r Dr. L\u00f6sel, der bei der Auszeichnungsfeier in der Aula der Rabanus-Maurus-Schule (Domgymnasium) zu Fulda zusammen mit Staatsministerin Priska Hinz, die die Projekte als \u201ezukunftsweisend und nachhaltig\u201c bezeichnete, die Urkunden \u00fcbergab.<\/p>\n<p>Das GGG hat zur Zertifizierung als Umweltschule das Projekt \u201eBiodiversit\u00e4t und Nachhaltigkeit\u201c eingereicht. Ein Projekt, initiiert von Oliver Sust und Hans Niggemann in den Leistungskursen Chemie und Biologie, in dessen Verlauf verschiedene Oberstufenkurse die heimische Streuobstwiese als \u00d6kosystem und Lieferant f\u00fcr \u201egesunde Lebensmittel\u201c in das kollektive Ged\u00e4chtnis der jungen Generation bringen sollen.<\/p>\n<p>Eine weitere Ebene besteht in der B\u00fcndelung schulischer Projekte, die es allesamt verdient haben, als Vorzeigeprojekte unter dem Motto Bildung nachhaltige Entwicklung in die Umweltschulthematik aufgenommen zu werden. Es dreht sich im GGG also in zweifacher Hinsicht um Nachhaltigkeit. So war es nicht nur das Thema an sich, sondern auch der interne Prozess am GGG, der die Jury veranlasste, das GGG auszuzeichnen. In einer Zeitleiste sind die Projekte zusammengefasst, die Beitr\u00e4ge zum Lernen f\u00fcr Nachhaltigkeit leisten. Diese sollen nun in einer Folge das Projekt<!--more--> nachhaltig unterst\u00fctzen. So ist Benjamin Feiler mit der Imkerei AG am GGG bereits in den Startl\u00f6chern f\u00fcr den n\u00e4chsten Durchlauf. Bereits in den Jahren 2008, 2009 und 2010 war das GGG Umweltschule zertifiziert.<\/p>\n<p>Bild: Umweltministerin Hinz, Oliver Sust, Benjamin Feiler und Staatssekret\u00e4r L\u00f6sel bei der \u00dcbergabe der Urkunde<\/p>\n","protected":false},"excerpt":{"rendered":"<p>Pr\u00e4dikat f\u00fcr \u201ezukunftsweisende Projekte\u201c am Domgymnasium in Fulda \u00fcberreicht Ab sofort darf sich das Grimmelshausen Gymnasium \u201eUmweltschule 2014\u201c nennen. Das GGG hat sich im Bereich \u201eLernen und Handeln f\u00fcr unsere Zukunft\u201c, dem Leitmotiv der Aktion\u00a0 besonders engagiert. Die Ausschreibung \u201eUmweltschule\u201c ist ein Gemeinschaftsprojekt der Hessischen Ministerien f\u00fcr Umwelt und Kultus. Bereits seit 15 Jahren werden [&hellip;]<\/p>\n","protected":false},"author":1,"featured_media":0,"comment_status":"closed","ping_status":"closed","sticky":false,"template":"","format":"standard","meta":{"advgb_blocks_editor_width":"","advgb_blocks_columns_visual_guide":"","ngg_post_thumbnail":0,"footnotes":""},"categories":[1,82],"tags":[],"class_list":["post-9320","post","type-post","status-publish","format-standard","hentry","category-aktuell","category-umweltschule"],"author_meta":{"display_name":"webmaster","author_link":"https:\/\/grimmels.de\/wordpress\/author\/webmaster\/"},"featured_img":null,"coauthors":[],"tax_additional":{"categories":{"linked":["<a href=\"https:\/\/grimmels.de\/wordpress\/category\/aktuell\/\" class=\"advgb-post-tax-term\">Aktuell<\/a>","<a href=\"https:\/\/grimmels.de\/wordpress\/category\/umweltschule\/\" class=\"advgb-post-tax-term\">Umweltschule<\/a>"],"unlinked":["<span class=\"advgb-post-tax-term\">Aktuell<\/span>","<span class=\"advgb-post-tax-term\">Umweltschule<\/span>"]}},"comment_count":"0","relative_dates":{"created":"Posted 12\u00a0Jahren ago","modified":"Updated 10\u00a0Jahren ago"},"absolute_dates":{"created":"Posted on 13. Oktober 2014","modified":"Updated on 25. Februar 2016"},"absolute_dates_time":{"created":"Posted on 13. Oktober 2014 15:08","modified":"Updated on 25. Februar 2016 9:32"},"featured_img_caption":"","series_order":"","_links":{"self":[{"href":"https:\/\/grimmels.de\/wordpress\/wp-json\/wp\/v2\/posts\/9320","targetHints":{"allow":["GET"]}}],"collection":[{"href":"https:\/\/grimmels.de\/wordpress\/wp-json\/wp\/v2\/posts"}],"about":[{"href":"https:\/\/grimmels.de\/wordpress\/wp-json\/wp\/v2\/types\/post"}],"author":[{"embeddable":true,"href":"https:\/\/grimmels.de\/wordpress\/wp-json\/wp\/v2\/users\/1"}],"replies":[{"embeddable":true,"href":"https:\/\/grimmels.de\/wordpress\/wp-json\/wp\/v2\/comments?post=9320"}],"version-history":[{"count":0,"href":"https:\/\/grimmels.de\/wordpress\/wp-json\/wp\/v2\/posts\/9320\/revisions"}],"wp:attachment":[{"href":"https:\/\/grimmels.de\/wordpress\/wp-json\/wp\/v2\/media?parent=9320"}],"wp:term":[{"taxonomy":"category","embeddable":true,"href":"https:\/\/grimmels.de\/wordpress\/wp-json\/wp\/v2\/categories?post=9320"},{"taxonomy":"post_tag","embeddable":true,"href":"https:\/\/grimmels.de\/wordpress\/wp-json\/wp\/v2\/tags?post=9320"}],"curies":[{"name":"wp","href":"https:\/\/api.w.org\/{rel}","templated":true}]}}